{"id":117133,"date":"2021-05-20T14:00:00","date_gmt":"2021-05-20T18:00:00","guid":{"rendered":"https:\/\/linitiative.ca\/International\/quand-on-na-pas-honte-on-persiste-a-fausser-les-donnes\/"},"modified":"2021-05-20T14:00:00","modified_gmt":"2021-05-20T18:00:00","slug":"quand-on-na-pas-honte-on-persiste-a-fausser-les-donnes","status":"publish","type":"post","link":"https:\/\/linitiative.ca\/International\/quand-on-na-pas-honte-on-persiste-a-fausser-les-donnes\/","title":{"rendered":"Quand on n\u2019a pas honte, on persiste \u00e0 fausser les donnes !"},"content":{"rendered":"<p class=\"has-text-align-center has-vivid-red-color has-text-color\"><strong>A vrai dire<\/strong><\/p>\n<p class=\"has-vivid-cyan-blue-color has-text-color\"><strong>A maintes reprises, on \u00e9voquait les multiples dysfonctionnements qui s\u00e9vissent dans la gestion \u00e0 la direction r\u00e9gionale de la sant\u00e9 du Souss Massa. On savait pertinemment que le d\u00e9partement de tutelle \u00e0 Rabat brillait par les interminables limogeages des diff\u00e9rents responsables centraux et r\u00e9gionaux du secteur, sans \u00eatre pour le moins ni argument\u00e9s ni r\u00e9par\u00e9s dans l\u2019imm\u00e9diat pour assurer la continuit\u00e9. Mais, on n\u2019a jamais compris pourquoi ces \u00ab\u00a0mesures soi-disant disciplinaires\u00a0\u00bb butaient dans la r\u00e9gion du Souss Massa, en d\u00e9pit des bavures de leur auteur.<\/strong><\/p>\n<p>R\u00e9cemment encore, s\u2019en prend \u00e0 la presse, notamment \u00e0 un site \u00e9lectronique, \u00e0 travers un d\u00e9menti \u00ab\u00a0d\u00e9mentable\u00a0\u00bb \u00e0 l\u2019\u0153il nu, puisqu\u2019il enfreignait la r\u00e9alit\u00e9 saillante dans le centre hospitalier Mokhtar Soussi d\u2019Inezgane, relevant de la province d\u2019Inezgane A\u00eft Melloul. En effet, sans aucun scrupule, on s\u2019ent\u00eatait \u00e0 occulter le manque flagrant des m\u00e9decins-r\u00e9animateurs \u00e0 l\u2019h\u00f4pital en question, sachant que ce dernier en disposait trois et que l\u2019un d\u2019eux fut d\u00e9barqu\u00e9 sur le centre hospitalier r\u00e9gional Hassan II d\u2019Agadir, alors que le second partait en retraite depuis le 7 mai dernier.<\/p>\n<p>La troisi\u00e8me, une r\u00e9animatrice, contractait le Covid-19, depuis un certain temps et s\u2019en relevait avec des complications post-pand\u00e9miques desquelles elle ne s\u2019en est pas encore sentie \u00a0compl\u00e8tement remise, en plus de la peine caus\u00e9e par la perte de sa m\u00e8re du m\u00eame virus. Ceci \u00e9tant, on s\u2019interroge toujours sur les raisons du transfert du premier r\u00e9animateur sur Agadir, malgr\u00e9 la p\u00e9nurie dont souffrait l\u2019h\u00f4pital d\u2019Inezgane dans ce sens et bien que la conjoncture \u00e9pid\u00e9mique en soit p\u00e2tie. Pour les deux cas, on savait que les r\u00e9animateurs allaient respectivement quitter la fonction publique et b\u00e9n\u00e9ficier de repos de maladie. Il fallait donc anticiper sur leur remplacement bien avant de tomber dans le besoin de cette ressource humaine vitale. Au fait, quoiqu\u2019on s\u2019ing\u00e9nie vainement \u00e0 d\u00e9figurer les faits, la gestion du manque de cadres ne pourrait nullement \u00eatre r\u00e9gl\u00e9e par ces dissimulations sournoises.<\/p>\n<p>Le m\u00e9decin parti \u00e0 la non activit\u00e9 n\u2019est plus \u00e0 l\u2019h\u00f4pital, depuis d\u00e9j\u00e0 une quinzaine de jours, alors qu\u2019on fait savoir qu\u2019il est encore en service, \u00e0 tel point qu\u2019il compte d\u00e9f\u00e9rer cette affabulation en justice.\u00a0 En v\u00e9rit\u00e9, il s\u2019av\u00e8re qu\u2019on avait l\u2019intention d\u2019\u00e9pingler les m\u00e9dias sur le contenu de leurs avances qui ne souffrent d\u2019aucune contestation, mais d\u2019\u00e9luder l\u2019attention de l\u2019opinion publique sur les d\u00e9ficits r\u00e9els de la gouvernance r\u00e9gionale des questions sanitaires, en particulier au niveau du service de la maternit\u00e9 dans les divers structures hospitali\u00e8res, surtout en p\u00e9riodes de f\u00eates, en plus de vacation insoutenable de postes de responsabilit\u00e9, d\u2019\u00e9chec de dialogue social, de friction syndicale, de relationnel avec les partenaires institutionnels et repr\u00e9sentatifs, notamment le conseil r\u00e9gional de Souss Massa\u2026<\/p>\n<p>Tous ces agissements ne font qu\u2019inciter les observateurs \u00e0 se demander pourquoi on n\u2019y met pas un terme, \u00e0 l\u2019instar de tant de cadres \u00ab\u00e9vinc\u00e9s\u00bb\u00a0 pour des motifs souvent arbitraires et quelle \u00abforce\u00bb se met au dessus de la loi pour prot\u00e9ger son \u00abpr\u00e9f\u00e9r\u00e9\u00bb, mis sur la sellette pour ses d\u00e9fiances r\u00e9p\u00e9t\u00e9es ! Des questions auxquelles il est judicieux de trouver des r\u00e9ponses dans l\u2019urgence, au service de la cause supr\u00eame de la sant\u00e9 des citoyens !<\/p>\n<p>Auteur: M&rsquo;hammed rahal<br \/>\n<a href=\"http:\/\/albayane.press.ma\/quand-on-na-pas-honte-on-persiste-a-fausser-les-donnes.html\">Cliquez ici pour lire l&rsquo;article depuis sa source.<\/a><\/p>\n","protected":false},"excerpt":{"rendered":"<p>A vrai dire A maintes reprises, on \u00e9voquait les multiples dysfonctionnements qui s\u00e9vissent dans la gestion \u00e0 la direction r\u00e9gionale de la sant\u00e9 du Souss Massa. On savait pertinemment que le d\u00e9partement de tutelle \u00e0 Rabat brillait par les interminables limogeages des diff\u00e9rents responsables centraux et r\u00e9gionaux du secteur, sans \u00eatre pour le moins ni [&hellip;]<\/p>\n","protected":false},"author":1760,"featured_media":0,"comment_status":"closed","ping_status":"closed","sticky":false,"template":"","format":"standard","meta":{"fifu_image_url":"","fifu_image_alt":"","footnotes":""},"categories":[73,54],"tags":[],"class_list":["post-117133","post","type-post","status-publish","format-standard","hentry","category-actualite","category-maroc"],"_links":{"self":[{"href":"https:\/\/linitiative.ca\/International\/wp-json\/wp\/v2\/posts\/117133","targetHints":{"allow":["GET"]}}],"collection":[{"href":"https:\/\/linitiative.ca\/International\/wp-json\/wp\/v2\/posts"}],"about":[{"href":"https:\/\/linitiative.ca\/International\/wp-json\/wp\/v2\/types\/post"}],"author":[{"embeddable":true,"href":"https:\/\/linitiative.ca\/International\/wp-json\/wp\/v2\/users\/1760"}],"replies":[{"embeddable":true,"href":"https:\/\/linitiative.ca\/International\/wp-json\/wp\/v2\/comments?post=117133"}],"version-history":[{"count":0,"href":"https:\/\/linitiative.ca\/International\/wp-json\/wp\/v2\/posts\/117133\/revisions"}],"wp:attachment":[{"href":"https:\/\/linitiative.ca\/International\/wp-json\/wp\/v2\/media?parent=117133"}],"wp:term":[{"taxonomy":"category","embeddable":true,"href":"https:\/\/linitiative.ca\/International\/wp-json\/wp\/v2\/categories?post=117133"},{"taxonomy":"post_tag","embeddable":true,"href":"https:\/\/linitiative.ca\/International\/wp-json\/wp\/v2\/tags?post=117133"}],"curies":[{"name":"wp","href":"https:\/\/api.w.org\/{rel}","templated":true}]}}