{"id":117134,"date":"2021-05-20T14:00:00","date_gmt":"2021-05-20T18:00:00","guid":{"rendered":"https:\/\/linitiative.ca\/International\/leswatini-reitere-son-soutien-indefectible-a-lintegrite-territoriale-du-maroc\/"},"modified":"2021-05-20T14:00:00","modified_gmt":"2021-05-20T18:00:00","slug":"leswatini-reitere-son-soutien-indefectible-a-lintegrite-territoriale-du-maroc","status":"publish","type":"post","link":"https:\/\/linitiative.ca\/International\/leswatini-reitere-son-soutien-indefectible-a-lintegrite-territoriale-du-maroc\/","title":{"rendered":"L\u2019Eswatini r\u00e9it\u00e8re son soutien \u00abind\u00e9fectible\u00bb \u00e0 l\u2019int\u00e9grit\u00e9 territoriale du Maroc"},"content":{"rendered":"<p class=\"has-text-align-center has-vivid-red-color has-text-color\"><strong>Bourita s\u2019entretient avec Thulisile Dladla<\/strong><\/p>\n<p><strong>La ministre des Affaires \u00e9trang\u00e8res et de la coop\u00e9ration internationale du Royaume d\u2019Eswatini, Thulisile Dladla, a r\u00e9it\u00e9r\u00e9 mercredi le soutien \u00ab\u00a0constant et ind\u00e9fectible\u00a0\u00bb de son pays \u00e0 l\u2019\u00e9gard de l\u2019int\u00e9grit\u00e9 territoriale du Maroc.<\/strong><\/p>\n<p>Au cours d\u2019un entretien par visioconf\u00e9rence avec le ministre des Affaires \u00e9trang\u00e8res, de la coop\u00e9ration africaine et des Marocains r\u00e9sidant \u00e0 l\u2019\u00e9tranger, Nasser Bourita, la ministre eswatinienne a lou\u00e9 les efforts d\u00e9ploy\u00e9s par le Maroc pour une solution politique \u00e0 ce diff\u00e9rend r\u00e9gional.<\/p>\n<p>Elle a en outre r\u00e9affirm\u00e9 la pertinence de la d\u00e9cision 693 du sommet des Chefs d\u2019Etat et de gouvernement de l\u2019Union africaine de Juillet 2018, qui a consacr\u00e9 l\u2019exclusivit\u00e9 de l\u2019ONU en tant que cadre pour la recherche d\u2019une solution au conflit r\u00e9gional autour du Sahara marocain, selon un communiqu\u00e9 du minist\u00e8re des Affaires \u00e9trang\u00e8res, de la coop\u00e9ration africaine et des MRE.<\/p>\n<p>Mme Dladla a, d\u2019autre part, salu\u00e9 les progr\u00e8s consid\u00e9rables du Maroc dans divers domaines, sous le leadership de Sa Majest\u00e9 le Roi Mohammed VI, et s\u2019est f\u00e9licit\u00e9e de l\u2019engagement du Royaume dans la paix, la stabilit\u00e9 et le d\u00e9veloppement en Afrique.<\/p>\n<p>\u00c0 cette occasion, elle a pr\u00e9sent\u00e9 les sinc\u00e8res remerciements de son pays pour les aides Royales en accompagnement de leurs efforts de lutte contre la pand\u00e9mie du Covid-19.<\/p>\n<p>Pour sa part, M. Bourita a tenu \u00e0 saluer les initiatives audacieuses de Sa Majest\u00e9 le Roi Mswati III pour donner un nouvel \u00e9lan au d\u00e9veloppement socio-\u00e9conomique de son pays, et a lou\u00e9 les efforts entrepris pour promouvoir l\u2019\u00e9mergence du Royaume d\u2019Eswatini en tant qu\u2019acteur cl\u00e9 en Afrique australe.<\/p>\n<p>Il a affirm\u00e9, \u00e0 cet effet, que le Maroc est dispos\u00e9 \u00e0 partager son expertise et son savoir-faire avec l\u2019Eswatini en mati\u00e8re de d\u00e9veloppement socio-\u00e9conomique, humain et culturel.<\/p>\n<p>Au cours de cet entretien, qui s\u2019est tenu dans le cadre des relations d\u2019amiti\u00e9 et de fraternit\u00e9 qui unissent les Royaumes du Maroc et d\u2019Eswatini, et conform\u00e9ment \u00e0 la volont\u00e9 des deux pays de renforcer davantage leurs liens de coop\u00e9ration, les deux ministres ont mis en avant l\u2019importance de la concertation entre les deux pays au sein des instances internationales telles que l\u2019Union Africaine (UA) et l\u2019ONU.<\/p>\n<p>Ils ont \u00e9galement convenu de charger leurs repr\u00e9sentants permanents \u00e0 New York, Gen\u00e8ve et l\u2019Union Africaine de coordonner leurs actions concernant les questions d\u2019int\u00e9r\u00eat commun.<\/p>\n<p>Les deux responsables se sont, en outre, f\u00e9licit\u00e9s de l\u2019ouverture de l\u2019ambassade du Royaume d\u2019Eswatini \u00e0 Rabat et de son Consulat G\u00e9n\u00e9ral \u00e0 La\u00e2youne, en octobre 2020.<\/p>\n<p>M. Bourita et Mme Dladla ont convenu de tenir \u00e0 Rabat, une fois la situation sanitaire mondiale le permettant, la premi\u00e8re session de la Commission Mixte de Coop\u00e9ration maroco-eswatinienne, \u00e0 une date qui sera arr\u00eat\u00e9e d\u2019un commun accord.<\/p>\n<p>Les deux parties se sont engag\u00e9es \u00e0 intensifier et \u00e0 diversifier leur coop\u00e9ration dans tous les secteurs porteurs, notamment l\u2019\u00e9nergie, l\u2019agriculture, le tourisme, la formation, la sant\u00e9 et l\u2019\u00e9ducation. Ils ont \u00e9galement exprim\u00e9 leur ferme volont\u00e9 de dynamiser la coop\u00e9ration \u00e9conomique par le renforcement du cadre juridique dans les domaines du commerce et des investissements.<\/p>\n<p>Mme Dladla a soulign\u00e9 son appui \u00e0 la candidature marocaine au poste de Commissaire de l\u2019Union africaine \u00e0 l\u2019\u00e9ducation, \u00e0 la science, \u00e0 la technologie et \u00e0 l\u2019innovation, mais aussi au poste de membre non permanent du Conseil de S\u00e9curit\u00e9 des Nations Unies (2028-2029), au Conseil des Droits de l\u2019Homme (2023-2025), et au poste de Pr\u00e9sident de la Commission de la Fonction Publique Internationale (2023-2026).<\/p>\n<p>Auteur: M&rsquo;hammed rahal<br \/>\n<a href=\"http:\/\/albayane.press.ma\/leswatini-reitere-son-soutien-indefectible-a-lintegrite-territoriale-du-maroc.html\">Cliquez ici pour lire l&rsquo;article depuis sa source.<\/a><\/p>\n","protected":false},"excerpt":{"rendered":"<p>Bourita s\u2019entretient avec Thulisile Dladla La ministre des Affaires \u00e9trang\u00e8res et de la coop\u00e9ration internationale du Royaume d\u2019Eswatini, Thulisile Dladla, a r\u00e9it\u00e9r\u00e9 mercredi le soutien \u00ab\u00a0constant et ind\u00e9fectible\u00a0\u00bb de son pays \u00e0 l\u2019\u00e9gard de l\u2019int\u00e9grit\u00e9 territoriale du Maroc. Au cours d\u2019un entretien par visioconf\u00e9rence avec le ministre des Affaires \u00e9trang\u00e8res, de la coop\u00e9ration africaine et [&hellip;]<\/p>\n","protected":false},"author":1760,"featured_media":0,"comment_status":"closed","ping_status":"closed","sticky":false,"template":"","format":"standard","meta":{"fifu_image_url":"","fifu_image_alt":"","footnotes":""},"categories":[73,54],"tags":[],"class_list":["post-117134","post","type-post","status-publish","format-standard","hentry","category-actualite","category-maroc"],"_links":{"self":[{"href":"https:\/\/linitiative.ca\/International\/wp-json\/wp\/v2\/posts\/117134","targetHints":{"allow":["GET"]}}],"collection":[{"href":"https:\/\/linitiative.ca\/International\/wp-json\/wp\/v2\/posts"}],"about":[{"href":"https:\/\/linitiative.ca\/International\/wp-json\/wp\/v2\/types\/post"}],"author":[{"embeddable":true,"href":"https:\/\/linitiative.ca\/International\/wp-json\/wp\/v2\/users\/1760"}],"replies":[{"embeddable":true,"href":"https:\/\/linitiative.ca\/International\/wp-json\/wp\/v2\/comments?post=117134"}],"version-history":[{"count":0,"href":"https:\/\/linitiative.ca\/International\/wp-json\/wp\/v2\/posts\/117134\/revisions"}],"wp:attachment":[{"href":"https:\/\/linitiative.ca\/International\/wp-json\/wp\/v2\/media?parent=117134"}],"wp:term":[{"taxonomy":"category","embeddable":true,"href":"https:\/\/linitiative.ca\/International\/wp-json\/wp\/v2\/categories?post=117134"},{"taxonomy":"post_tag","embeddable":true,"href":"https:\/\/linitiative.ca\/International\/wp-json\/wp\/v2\/tags?post=117134"}],"curies":[{"name":"wp","href":"https:\/\/api.w.org\/{rel}","templated":true}]}}