{"id":117141,"date":"2021-05-20T13:48:00","date_gmt":"2021-05-20T17:48:00","guid":{"rendered":"https:\/\/linitiative.ca\/International\/le-parquet-dadrar-revele-les-details-de-lenquete-judiciaire\/"},"modified":"2021-05-20T13:48:00","modified_gmt":"2021-05-20T17:48:00","slug":"le-parquet-dadrar-revele-les-details-de-lenquete-judiciaire","status":"publish","type":"post","link":"https:\/\/linitiative.ca\/International\/le-parquet-dadrar-revele-les-details-de-lenquete-judiciaire\/","title":{"rendered":"Le parquet d&rsquo;Adrar r\u00e9v\u00e8le les d\u00e9tails de l&rsquo;enqu\u00eate judiciaire"},"content":{"rendered":"<div id=\"originalText\" readability=\"59\">\n<p>Le premier procureur g\u00e9n\u00e9ral adjoint de la Cour d\u2019Adrar, Mahmoud Bouleksibat,\u00a0a r\u00e9v\u00e9l\u00e9, ce jeudi, lors d&rsquo;une conf\u00e9rence de presse, les d\u00e9tails de l&rsquo;enqu\u00eate judiciaire sur\u00a0l&rsquo;affaire des neuf enseignantes sauvagement agress\u00e9es, dans la nuit de lundi \u00e0 mardi, dans leur logement collectif de fonction, \u00e0 Bordj Badji Mokhtar,\u00a0\u00e0 l&rsquo;extr\u00eame sud du pays.\u00a0<\/p>\n<p>L&rsquo;enqu\u00eate ouverte par le parquet a r\u00e9v\u00e9l\u00e9 \u00ab\u00a0un cas de viol commis sur une enseignante\u00a0\u00bb, \u00ab\u00a0coups et l\u00e9sions corporelles graves\u00a0sur quatre enseignantes\u00a0\u00bb, \u00ab\u00a0menaces \u00e0 l&rsquo;arme blanche\u00a0\u00bb et \u00ab\u00a0vole d&rsquo;effets personnels\u00a0\u00bb.<\/p>\n<p>Le premier procureur g\u00e9n\u00e9ral adjoint a \u00e9galement fait \u00e9tat de \u00a0\u00bb l&rsquo;arrestation de 9 suspects\u00a0\u00bb, dont \u00ab\u00a0quatre ont avou\u00e9 leur crime\u00a0\u00bb. Il seront pr\u00e9sent\u00e9s, aujourd&rsquo;hui, devant le procureur de la r\u00e9publique pr\u00e8s le tribunal de Bordj Badji Mokhtar.\u00a0<\/p>\n<p class=\"c6\"><strong>R\u00e9daction Web\u00a0\u00a0\u00a0<\/strong>\u00a0 \u00a0<\/p>\n<\/div>\n<div id=\"text_core\" readability=\"59\">\n<p>Le premier procureur g\u00e9n\u00e9ral adjoint de la Cour d\u2019Adrar, Mahmoud Bouleksibat,\u00a0a r\u00e9v\u00e9l\u00e9, ce jeudi, lors d&rsquo;une conf\u00e9rence de presse, les d\u00e9tails de l&rsquo;enqu\u00eate judiciaire sur\u00a0l&rsquo;affaire des neuf enseignantes sauvagement agress\u00e9es, dans la nuit de lundi \u00e0 mardi, dans leur logement collectif de fonction, \u00e0 Bordj Badji Mokhtar,\u00a0\u00e0 l&rsquo;extr\u00eame sud du pays.\u00a0<\/p>\n<p>L&rsquo;enqu\u00eate ouverte par le parquet a r\u00e9v\u00e9l\u00e9 \u00ab\u00a0un cas de viol commis sur une enseignante\u00a0\u00bb, \u00ab\u00a0coups et l\u00e9sions corporelles graves\u00a0sur quatre enseignantes\u00a0\u00bb, \u00ab\u00a0menaces \u00e0 l&rsquo;arme blanche\u00a0\u00bb et \u00ab\u00a0vole d&rsquo;effets personnels\u00a0\u00bb.<\/p>\n<p>Le premier procureur g\u00e9n\u00e9ral adjoint a \u00e9galement fait \u00e9tat de \u00a0\u00bb l&rsquo;arrestation de 9 suspects\u00a0\u00bb, dont \u00ab\u00a0quatre ont avou\u00e9 leur crime\u00a0\u00bb. Il seront pr\u00e9sent\u00e9s, aujourd&rsquo;hui, devant le procureur de la r\u00e9publique pr\u00e8s le tribunal de Bordj Badji Mokhtar.\u00a0<\/p>\n<p class=\"c6\"><strong>R\u00e9daction Web\u00a0\u00a0\u00a0<\/strong>\u00a0 \u00a0<\/p>\n<\/div>\n<p>Auteur:<br \/>\n<a href=\"https:\/\/www.liberte-algerie.com\/actualite\/le-parquet-dadrar-revele-les-details-de-lenquete-judiciaire-359065\">Cliquez ici pour lire l&rsquo;article depuis sa source.<\/a><\/p>\n","protected":false},"excerpt":{"rendered":"<p>Le premier procureur g\u00e9n\u00e9ral adjoint de la Cour d\u2019Adrar, Mahmoud Bouleksibat,\u00a0a r\u00e9v\u00e9l\u00e9, ce jeudi, lors d&rsquo;une conf\u00e9rence de presse, les d\u00e9tails de l&rsquo;enqu\u00eate judiciaire sur\u00a0l&rsquo;affaire des neuf enseignantes sauvagement agress\u00e9es, dans la nuit de lundi \u00e0 mardi, dans leur logement collectif de fonction, \u00e0 Bordj Badji Mokhtar,\u00a0\u00e0 l&rsquo;extr\u00eame sud du pays.\u00a0 L&rsquo;enqu\u00eate ouverte par le [&hellip;]<\/p>\n","protected":false},"author":1742,"featured_media":0,"comment_status":"closed","ping_status":"closed","sticky":false,"template":"","format":"standard","meta":{"fifu_image_url":"","fifu_image_alt":"","footnotes":""},"categories":[73,53],"tags":[],"class_list":["post-117141","post","type-post","status-publish","format-standard","hentry","category-actualite","category-algerie"],"_links":{"self":[{"href":"https:\/\/linitiative.ca\/International\/wp-json\/wp\/v2\/posts\/117141","targetHints":{"allow":["GET"]}}],"collection":[{"href":"https:\/\/linitiative.ca\/International\/wp-json\/wp\/v2\/posts"}],"about":[{"href":"https:\/\/linitiative.ca\/International\/wp-json\/wp\/v2\/types\/post"}],"author":[{"embeddable":true,"href":"https:\/\/linitiative.ca\/International\/wp-json\/wp\/v2\/users\/1742"}],"replies":[{"embeddable":true,"href":"https:\/\/linitiative.ca\/International\/wp-json\/wp\/v2\/comments?post=117141"}],"version-history":[{"count":0,"href":"https:\/\/linitiative.ca\/International\/wp-json\/wp\/v2\/posts\/117141\/revisions"}],"wp:attachment":[{"href":"https:\/\/linitiative.ca\/International\/wp-json\/wp\/v2\/media?parent=117141"}],"wp:term":[{"taxonomy":"category","embeddable":true,"href":"https:\/\/linitiative.ca\/International\/wp-json\/wp\/v2\/categories?post=117141"},{"taxonomy":"post_tag","embeddable":true,"href":"https:\/\/linitiative.ca\/International\/wp-json\/wp\/v2\/tags?post=117141"}],"curies":[{"name":"wp","href":"https:\/\/api.w.org\/{rel}","templated":true}]}}