{"id":117142,"date":"2021-05-21T07:14:17","date_gmt":"2021-05-21T11:14:17","guid":{"rendered":"https:\/\/linitiative.ca\/International\/le-maroc-adopte-toujours-des-positions-de-principe-avec-lespagne\/"},"modified":"2021-05-21T07:14:17","modified_gmt":"2021-05-21T11:14:17","slug":"le-maroc-adopte-toujours-des-positions-de-principe-avec-lespagne","status":"publish","type":"post","link":"https:\/\/linitiative.ca\/International\/le-maroc-adopte-toujours-des-positions-de-principe-avec-lespagne\/","title":{"rendered":"Le Maroc adopte toujours des positions de principe avec l\u2019Espagne"},"content":{"rendered":"<div class=\"single-featured\"><img alt=\"\" data-src=\"http:\/\/www.mapmarrakech.ma\/map\/uploads\/2021\/05\/mohamed-belgourch-copier.jpg\"\/><\/div>\n<div class=\"single-post-excerpt post-excerpt-bc\" readability=\"42\">\n<p>Marrakech \u2013 Le Maroc a toujours adopt\u00e9 des positions de principe dans ses relations avec l\u2019Espagne, dont les attitudes sont empreintes d\u2019ambig\u00fcit\u00e9 notamment, en ce qui concerne la question de l\u2019int\u00e9grit\u00e9 territoriale du Royaume, a soulign\u00e9, jeudi \u00e0 Marrakech, M. Abderrahman Belgourch, professeur \u00e0 la Facult\u00e9 des Sciences Juridiques, Economiques et Sociales (FSJES) de Marrakech.<\/p>\n<\/div>\n<div class=\"entry-content clearfix single-post-content\" readability=\"72\">\n<p>\u00ab\u00a0Toute d\u00e9rive opportuniste ou empreinte d\u2019ambig\u00fcit\u00e9 de la part du voisin du nord ne r\u00e9sistera pas \u00e0 l\u2019\u00e9preuve de l\u2019histoire\u00a0\u00bb, a d\u00e9clar\u00e9 \u00e0 la MAP, M. Belgourch \u00e9galement directeur du Groupe de Recherche en G\u00e9opolitique et Strat\u00e9gie Globale relevant de ladite Facult\u00e9.<\/p>\n<p>Dans ce sillage, il a tenu \u00e0 rappeler que les autorit\u00e9s marocaines n\u2019ont jamais apport\u00e9 de soutien aux ind\u00e9pendantistes espagnoles qu\u2019ils soient Catalans ou Basques, et ont toujours plaid\u00e9 pour l\u2019int\u00e9grit\u00e9 territoriale du pays voisin du nord.<\/p>\n<p>Par voie de cons\u00e9quence, a-t-il enchain\u00e9, \u00ab\u00a0le Maroc est en droit de demander la r\u00e9ciprocit\u00e9\u00a0\u00bb, d\u00e9plorant le fait que \u00ab\u00a0malheureusement, il s\u2019est produit l\u2019inverse de ce que devait attendre le Maroc d\u2019un Etat voisin \u00e0 savoir : la solidarit\u00e9 avec sa cause nationale\u00a0\u00bb.<\/p>\n<p>Apr\u00e8s avoir rappel\u00e9 que les relations maroco- espagnoles sont \u00ab\u00a0particuli\u00e8res\u00a0\u00bb \u00e0 plusieurs \u00e9gards et se trouvent enracin\u00e9es dans l\u2019histoire, le professeur Belgourch, a fait remarquer que \u00ab\u00a0l\u2019Espagne porte un int\u00e9r\u00eat particulier aux orientations diplomatiques marocaines \u00e0 cause de la multiplicit\u00e9 des questions d\u2019int\u00e9r\u00eat commun comme le dossier de la migration et celui de la p\u00eache qui se n\u00e9gocient, d\u00e9sormais, dans le cadre euro-marocain\u00a0\u00bb.<\/p>\n<p>\u00ab\u00a0Les int\u00e9r\u00eats espagnols et marocains seraient mieux d\u00e9fendus dans une relation bas\u00e9e sur les principes de respect du bon voisinage et de respect mutuel des int\u00e9r\u00eats fondamentaux communs\u00a0\u00bb, a-il estim\u00e9.<\/p>\n<p>Et de poursuivre que le Maroc a toujours opt\u00e9 pour une d\u00e9marche l\u00e9galiste et de respect du bon voisinage, tout en insistant sur l\u2019obligation de respecter ses int\u00e9r\u00eats fondamentaux en tant qu\u2019Etat souverain disposant de sa propre politique \u00e9trang\u00e8re, notant que comme tout Etat qui se respecte, le Maroc ne fait que d\u00e9fendre les int\u00e9r\u00eats qu\u2019il per\u00e7oit \u00ab\u00a0justes\u00a0\u00bb au service de ses citoyens.<\/p>\n<\/div>\n<p>Auteur: Meriem IGASS<br \/>\n<a href=\"http:\/\/www.mapmarrakech.ma\/fr\/le-maroc-a-toujours-adopte-des-positions-de-principe-dans-ses-relations-avec-lespagne\/\">Cliquez ici pour lire l&rsquo;article depuis sa source.<\/a><\/p>\n","protected":false},"excerpt":{"rendered":"<p>Marrakech \u2013 Le Maroc a toujours adopt\u00e9 des positions de principe dans ses relations avec l\u2019Espagne, dont les attitudes sont empreintes d\u2019ambig\u00fcit\u00e9 notamment, en ce qui concerne la question de l\u2019int\u00e9grit\u00e9 territoriale du Royaume, a soulign\u00e9, jeudi \u00e0 Marrakech, M. Abderrahman Belgourch, professeur \u00e0 la Facult\u00e9 des Sciences Juridiques, Economiques et Sociales (FSJES) de Marrakech. [&hellip;]<\/p>\n","protected":false},"author":1788,"featured_media":0,"comment_status":"closed","ping_status":"closed","sticky":false,"template":"","format":"standard","meta":{"fifu_image_url":"http:\/\/www.mapmarrakech.ma\/map\/uploads\/2021\/05\/mohamed-belgourch-copier.jpg","fifu_image_alt":"Le Maroc adopte toujours des positions de principe avec l\u2019Espagne","footnotes":""},"categories":[54,76],"tags":[],"class_list":["post-117142","post","type-post","status-publish","format-standard","hentry","category-maroc","category-regions"],"_links":{"self":[{"href":"https:\/\/linitiative.ca\/International\/wp-json\/wp\/v2\/posts\/117142","targetHints":{"allow":["GET"]}}],"collection":[{"href":"https:\/\/linitiative.ca\/International\/wp-json\/wp\/v2\/posts"}],"about":[{"href":"https:\/\/linitiative.ca\/International\/wp-json\/wp\/v2\/types\/post"}],"author":[{"embeddable":true,"href":"https:\/\/linitiative.ca\/International\/wp-json\/wp\/v2\/users\/1788"}],"replies":[{"embeddable":true,"href":"https:\/\/linitiative.ca\/International\/wp-json\/wp\/v2\/comments?post=117142"}],"version-history":[{"count":0,"href":"https:\/\/linitiative.ca\/International\/wp-json\/wp\/v2\/posts\/117142\/revisions"}],"wp:attachment":[{"href":"https:\/\/linitiative.ca\/International\/wp-json\/wp\/v2\/media?parent=117142"}],"wp:term":[{"taxonomy":"category","embeddable":true,"href":"https:\/\/linitiative.ca\/International\/wp-json\/wp\/v2\/categories?post=117142"},{"taxonomy":"post_tag","embeddable":true,"href":"https:\/\/linitiative.ca\/International\/wp-json\/wp\/v2\/tags?post=117142"}],"curies":[{"name":"wp","href":"https:\/\/api.w.org\/{rel}","templated":true}]}}