{"id":117143,"date":"2021-05-21T07:54:28","date_gmt":"2021-05-21T11:54:28","guid":{"rendered":"https:\/\/linitiative.ca\/International\/la-co-construction-de-loffre-de-linvestissement-en-debats\/"},"modified":"2021-05-21T07:54:28","modified_gmt":"2021-05-21T11:54:28","slug":"la-co-construction-de-loffre-de-linvestissement-en-debats","status":"publish","type":"post","link":"https:\/\/linitiative.ca\/International\/la-co-construction-de-loffre-de-linvestissement-en-debats\/","title":{"rendered":"La co-construction de l\u2019offre de l\u2019investissement en d\u00e9bats"},"content":{"rendered":"<div readability=\"36\">\n<p>Essaouira \u2013 La co-construction de l\u2019offre diff\u00e9renci\u00e9e de l\u2019investissement dans la province d\u2019Essaouira a \u00e9t\u00e9 au c\u0153ur des travaux d\u2019une journ\u00e9e organis\u00e9e, jeudi, dans la Cit\u00e9 des Aliz\u00e9s.<\/p>\n<\/div>\n<div readability=\"110\">\n<p>Initi\u00e9e par Essaouira Innovation Lab et la pr\u00e9fecture de la province, en partenariat avec l\u2019Agence Marocaine de D\u00e9veloppement des Investissements et des Exportations (AMDIE) et le Centre R\u00e9gional d\u2019Investissement (CRI) de Marrakech-Safi, cette rencontre a \u00e9t\u00e9 rehauss\u00e9e par la participation de M. Andr\u00e9 Azoulay, Conseiller de Sa Majest\u00e9 le Roi et Pr\u00e9sident-Fondateur de l\u2019Association Essaouira-Mogador, ainsi que du gouverneur de la province, M. Adil El Maliki.<\/p>\n<p>Cette rencontre visait essentiellement une mise en coh\u00e9rence des opportunit\u00e9s d\u2019investissements relev\u00e9es par chaque acteur sectoriel, une co-construction des prises de parole autour de l\u2019investissement pour chaque secteur et un exercice exploratoire pour tracer le positionnement diff\u00e9renci\u00e9 de la province en la mati\u00e8re.<\/p>\n<p>S\u2019exprimant \u00e0 l\u2019ouverture de cette journ\u00e9e, M. El Maliki a mis en exergue le potentiel dont dispose la province, notamment en termes de notori\u00e9t\u00e9, de produits de terroir et de capital ainsi que les perspectives et les investissements consentis ces derni\u00e8res ann\u00e9es.<\/p>\n<p>Le gouverneur a \u00e9galement abord\u00e9 les principaux axes de d\u00e9veloppement sur lesquels se penchent la province, qui d\u00e9coulent de l\u2019ADN de cette partie du territoire national et sont susceptibles de permettre de cristalliser toute l\u2019action et les efforts d\u00e9ploy\u00e9s ces derni\u00e8res ann\u00e9es.<\/p>\n<p>Il a expliqu\u00e9 que le premier axe porte sur \u00ab\u00a0l\u2019art, le patrimoine et la culture\u00a0\u00bb, relevant qu\u2019il sera proc\u00e9d\u00e9 \u00e0 la cr\u00e9ation d\u2019une soci\u00e9t\u00e9 de d\u00e9veloppement \u00ab\u00a0CAP Essaouira\u00a0\u00bb (Culture, Art et Patrimoine Essaouira), qui servira de \u00ab\u00a0bras arm\u00e9\u00a0\u00bb pour assurer le d\u00e9veloppement souhait\u00e9 dans ce domaine.<\/p>\n<p>Il s\u2019est attard\u00e9 aussi sur la valorisation du terroir, citant dans ce sens les produits de l\u2019arganier et de l\u2019huile d\u2019olive, la richesse halieutique et l\u2019industrie de l\u2019hospitalit\u00e9, \u00e0 travers le d\u00e9senclavement de la ville qui est en train d\u2019\u00eatre op\u00e9r\u00e9.<\/p>\n<p>M. El Maliki a, en outre, mis l\u2019accent sur le d\u00e9veloppement des infrastructures, notamment dans le domaine des routes (connexion avec Agadir et Safi), sur la mobilisation du foncier au profit des investisseurs, \u00e0 travers la finalisation en cours d\u2019un nouveau plan d\u2019am\u00e9nagement d\u2019Essaouira, et sur la cr\u00e9ation d\u2019une zone d\u2019activit\u00e9 \u00e9conomique \u00e0 Douar La\u00e2rab.<\/p>\n<p>Il a enfin insist\u00e9 sur l\u2019importance de l\u2019am\u00e9lioration de la gouvernance locale pour aller de l\u2019avant ainsi que sur la n\u00e9cessit\u00e9 de se doter des atouts n\u00e9cessaires pour mieux vendre le Label \u00ab\u00a0Essaouira Mogador\u00a0\u00bb et tirer profit de ce patrimoine exceptionnel.<\/p>\n<p>Cette journ\u00e9e a r\u00e9uni des repr\u00e9sentants des organisations institutionnelles, des entreprises priv\u00e9es et des ONG autour de 5 secteurs : l\u2019\u00e9conomie du patrimoine, de la culture et des industries cr\u00e9atives, l\u2019\u00e9conomie du Terroir, l\u2019\u00e9conomie de l\u2019industrie du tourisme et l\u2019\u00e9conomie du d\u00e9veloppement durable.<\/p>\n<p>L\u2019ensemble des acteurs ont \u0153uvr\u00e9 \u00e0 mettre en coh\u00e9rence les offres de chaque secteur et \u00e0 structurer collectivement la diff\u00e9renciation de la province en mati\u00e8re d\u2019investissements.<\/p>\n<p>Ils ont \u00e9t\u00e9 unanimes \u00e0 saluer l\u2019exercice collectif en bottom up, v\u00e9ritable source de diff\u00e9renciation, et ont collectivement pris conscience de l\u2019\u00e9norme potentiel de la province \u00e0 transformer en richesses pour tous.<\/p>\n<p>Les r\u00e9sultats des travaux de cette concertation vont enrichir les r\u00e9flexions des organismes de promotion de l\u2019investissement et de tous les acteurs institutionnels.<\/p>\n<\/div>\n<p>Auteur: Meriem IGASS<br \/>\n<a href=\"http:\/\/www.mapmarrakech.ma\/fr\/la-co-construction-de-loffre-differenciee-de-linvestissement-en-debats\/\">Cliquez ici pour lire l&rsquo;article depuis sa source.<\/a><\/p>\n","protected":false},"excerpt":{"rendered":"<p>Essaouira \u2013 La co-construction de l\u2019offre diff\u00e9renci\u00e9e de l\u2019investissement dans la province d\u2019Essaouira a \u00e9t\u00e9 au c\u0153ur des travaux d\u2019une journ\u00e9e organis\u00e9e, jeudi, dans la Cit\u00e9 des Aliz\u00e9s. Initi\u00e9e par Essaouira Innovation Lab et la pr\u00e9fecture de la province, en partenariat avec l\u2019Agence Marocaine de D\u00e9veloppement des Investissements et des Exportations (AMDIE) et le Centre [&hellip;]<\/p>\n","protected":false},"author":1788,"featured_media":0,"comment_status":"closed","ping_status":"closed","sticky":false,"template":"","format":"standard","meta":{"fifu_image_url":"","fifu_image_alt":"","footnotes":""},"categories":[54,76],"tags":[],"class_list":["post-117143","post","type-post","status-publish","format-standard","hentry","category-maroc","category-regions"],"_links":{"self":[{"href":"https:\/\/linitiative.ca\/International\/wp-json\/wp\/v2\/posts\/117143","targetHints":{"allow":["GET"]}}],"collection":[{"href":"https:\/\/linitiative.ca\/International\/wp-json\/wp\/v2\/posts"}],"about":[{"href":"https:\/\/linitiative.ca\/International\/wp-json\/wp\/v2\/types\/post"}],"author":[{"embeddable":true,"href":"https:\/\/linitiative.ca\/International\/wp-json\/wp\/v2\/users\/1788"}],"replies":[{"embeddable":true,"href":"https:\/\/linitiative.ca\/International\/wp-json\/wp\/v2\/comments?post=117143"}],"version-history":[{"count":0,"href":"https:\/\/linitiative.ca\/International\/wp-json\/wp\/v2\/posts\/117143\/revisions"}],"wp:attachment":[{"href":"https:\/\/linitiative.ca\/International\/wp-json\/wp\/v2\/media?parent=117143"}],"wp:term":[{"taxonomy":"category","embeddable":true,"href":"https:\/\/linitiative.ca\/International\/wp-json\/wp\/v2\/categories?post=117143"},{"taxonomy":"post_tag","embeddable":true,"href":"https:\/\/linitiative.ca\/International\/wp-json\/wp\/v2\/tags?post=117143"}],"curies":[{"name":"wp","href":"https:\/\/api.w.org\/{rel}","templated":true}]}}