{"id":117144,"date":"2021-05-21T08:54:46","date_gmt":"2021-05-21T12:54:46","guid":{"rendered":"https:\/\/linitiative.ca\/International\/suivi-de-lavancement-de-plusieurs-projets-de-lindh\/"},"modified":"2021-05-21T08:54:46","modified_gmt":"2021-05-21T12:54:46","slug":"suivi-de-lavancement-de-plusieurs-projets-de-lindh","status":"publish","type":"post","link":"https:\/\/linitiative.ca\/International\/suivi-de-lavancement-de-plusieurs-projets-de-lindh\/","title":{"rendered":"Suivi de l\u2019avancement de plusieurs projets de l\u2019INDH"},"content":{"rendered":"<p><iframe loading=\"lazy\" width=\"1170\" height=\"658\" src=\"https:\/\/www.youtube.com\/embed\/edulbGKVyss?start=1&amp;feature=oembed\" frameborder=\"0\" allow=\"accelerometer; autoplay; clipboard-write; encrypted-media; gyroscope; picture-in-picture\" allowfullscreen=\"allowfullscreen\">[embedded content]<\/iframe><\/p>\n<div class=\"single-post-excerpt post-excerpt-bc\" readability=\"39\">\n<p>Le wali- coordinateur national de l\u2019Initiative Nationale pour le D\u00e9veloppement Humain (INDH), M. Mohamed Dardouri, a tenu mercredi au si\u00e8ge de la pr\u00e9fecture de la province de Chichaoua, une s\u00e9ance de travail consacr\u00e9e \u00e0 l\u2019examen du bilan de l\u2019INDH, ainsi qu\u2019\u00e0 la mise en \u0153uvre des programmes de la phase III de l\u2019INDH au niveau de cette province.<\/p>\n<\/div>\n<p>Auteur: Meriem IGASS<br \/>\n<a href=\"http:\/\/www.mapmarrakech.ma\/fr\/suivi-de-lavancement-de-plusieurs-projets-de-lindh-2\/\">Cliquez ici pour lire l&rsquo;article depuis sa source.<\/a><\/p>\n","protected":false},"excerpt":{"rendered":"<p>[embedded content] Le wali- coordinateur national de l\u2019Initiative Nationale pour le D\u00e9veloppement Humain (INDH), M. Mohamed Dardouri, a tenu mercredi au si\u00e8ge de la pr\u00e9fecture de la province de Chichaoua, une s\u00e9ance de travail consacr\u00e9e \u00e0 l\u2019examen du bilan de l\u2019INDH, ainsi qu\u2019\u00e0 la mise en \u0153uvre des programmes de la phase III de l\u2019INDH [&hellip;]<\/p>\n","protected":false},"author":1788,"featured_media":0,"comment_status":"closed","ping_status":"closed","sticky":false,"template":"","format":"standard","meta":{"fifu_image_url":"","fifu_image_alt":"","footnotes":""},"categories":[54,76],"tags":[],"class_list":["post-117144","post","type-post","status-publish","format-standard","hentry","category-maroc","category-regions"],"_links":{"self":[{"href":"https:\/\/linitiative.ca\/International\/wp-json\/wp\/v2\/posts\/117144","targetHints":{"allow":["GET"]}}],"collection":[{"href":"https:\/\/linitiative.ca\/International\/wp-json\/wp\/v2\/posts"}],"about":[{"href":"https:\/\/linitiative.ca\/International\/wp-json\/wp\/v2\/types\/post"}],"author":[{"embeddable":true,"href":"https:\/\/linitiative.ca\/International\/wp-json\/wp\/v2\/users\/1788"}],"replies":[{"embeddable":true,"href":"https:\/\/linitiative.ca\/International\/wp-json\/wp\/v2\/comments?post=117144"}],"version-history":[{"count":0,"href":"https:\/\/linitiative.ca\/International\/wp-json\/wp\/v2\/posts\/117144\/revisions"}],"wp:attachment":[{"href":"https:\/\/linitiative.ca\/International\/wp-json\/wp\/v2\/media?parent=117144"}],"wp:term":[{"taxonomy":"category","embeddable":true,"href":"https:\/\/linitiative.ca\/International\/wp-json\/wp\/v2\/categories?post=117144"},{"taxonomy":"post_tag","embeddable":true,"href":"https:\/\/linitiative.ca\/International\/wp-json\/wp\/v2\/tags?post=117144"}],"curies":[{"name":"wp","href":"https:\/\/api.w.org\/{rel}","templated":true}]}}