{"id":117145,"date":"2021-05-21T09:45:19","date_gmt":"2021-05-21T13:45:19","guid":{"rendered":"https:\/\/linitiative.ca\/International\/les-jardins-historiques-un-tresor-vert-hautement-preserve\/"},"modified":"2021-05-21T09:45:19","modified_gmt":"2021-05-21T13:45:19","slug":"les-jardins-historiques-un-tresor-vert-hautement-preserve","status":"publish","type":"post","link":"https:\/\/linitiative.ca\/International\/les-jardins-historiques-un-tresor-vert-hautement-preserve\/","title":{"rendered":"Les jardins historiques: Un tr\u00e9sor \u00ab\u00a0vert\u00a0\u00bb hautement pr\u00e9serv\u00e9"},"content":{"rendered":"<p>Ces espaces verts, au-del\u00e0 de leur valeur historique et civilisationnelle incontestable, sont d\u2019un apport ind\u00e9niable pour Marrakech, d\u2019un point de vue \u00e9cologique, compte tenu de leur contribution \u00e0 l\u2019am\u00e9lioration de la qualit\u00e9 de l\u2019air et leur r\u00f4le comme de v\u00e9ritables espaces de d\u00e9tente et de rafraichissement pour les autochtones comme pour les visiteurs, notamment durant les p\u00e9riode de canicule, outre le fait qu\u2019ils conf\u00e8rent \u00e0 la ville une v\u00e9ritable beaut\u00e9 esth\u00e9tique.<\/p>\n<p>A titre illustratif, le r\u00f4le de ces espaces verts a \u00e9t\u00e9 mis en relief de mani\u00e8re claire au-lendemain du d\u00e9confinement op\u00e9r\u00e9 par le Royaume dans le cadre de ses efforts de lutte contre la propagation de la pand\u00e9mie du nouveau coronavirus (Covid-19) lorsque, ces jardins ont commenc\u00e9 de nouveau \u00e0 recevoir leurs visiteurs de tout \u00e2ge, en qu\u00eate d\u2019un bol d\u2019air frais et de d\u00e9tente, au-del\u00e0 du stress et de l\u2019anxi\u00e9t\u00e9 tant g\u00e9n\u00e9r\u00e9s par de longs mois de confinement.<\/p>\n<p>C\u2019est dire qu\u2019\u00e0 Marrakech, les jardins historiques comme les autres espaces verts constituent une partie int\u00e9grante du paysage de la ville et jouissent de ce fait, d\u2019un int\u00e9r\u00eat particulier en termes de protection et de valorisation, notamment face aux r\u00e9percussions n\u00e9fastes d\u2019une urbanisation galopante qu\u2019a connue Marrakech, avec l\u2019\u00e9mergence de quartiers r\u00e9sidentiels, mais aussi d\u2019un boom d\u00e9mographique acc\u00e9l\u00e9r\u00e9.<\/p>\n<p>La particularit\u00e9 de ces jardins, \u00e0 l\u2019instar des Jardins de l\u2019Agdal, Arsat Moulay Abdesslam, Jnane El Harti, les Jardins de la M\u00e9nara\u2026, c\u2019est qu\u2019ils sont tous cl\u00f4tur\u00e9s, \u00e0 l\u2019exception, toutefois, de quelques-uns comme Arsat El Bilk jouxtant la mythique Place de Jem\u00e2a El Fna, ce qui permet leur pr\u00e9servation contre toutes les agressions de l\u2019homme. Avec des horaires d\u2019ouverture et de fermeture, une surveillance \u00e0 longueur de journ\u00e9e, et des travaux d\u2019entretien et d\u2019am\u00e9nagement quasi-permanents, de mani\u00e8re \u00e0 pr\u00e9server leur beaut\u00e9 et authenticit\u00e9.<\/p>\n<p>A Marrakech, les visites et balades au sein de ces \u00ab\u00a0paradis terrestres\u00a0\u00bb rel\u00e8vent du quotidien des Marrakchis, notamment parmi les mordus de verdure et les plus nostalgiques de cette \u00e9poque rayonnante o\u00f9 ,les \u00ab\u00a0N\u2019zaha\u00a0\u00bb (promenades collectives) s\u2019organisent de mani\u00e8re quasi-habituelle entre familles, amis, proches ou encore entre artisans.<\/p>\n<p>C\u2019est cet int\u00e9r\u00eat grandissant pour les zones vertes qui fait qu\u2019\u00e0 Marrakech, l\u2019am\u00e9nagement des espaces verts et jardins de proximit\u00e9 au niveau des quartiers r\u00e9sidentiels comme aux abords des grands boulevards, constitue une priorit\u00e9 dans le cadre des diff\u00e9rents efforts de mise \u00e0 niveau urbaine et urbanistique entrepris ces derni\u00e8res ann\u00e9es par les pouvoirs publics et les instances \u00e9lues.<\/p>\n<p>Importance historique, int\u00e9r\u00eat \u00e9cologique et devoir moral de les prot\u00e9ger, les jardins historiques de Marrakech, avec leurs roses enivrantes, leur jacaranda, leur jasmin et fleurs d\u2019oranger, constituent aussi une source d\u2019inspiration pour moult artistes, \u00e9crivains et cr\u00e9ateurs de mode, et ce, au fil des ann\u00e9es et ce ne sont pas les exemples qui manquent.<\/p>\n<p>On peut citer l\u2019\u00e9crivain britannique Osbert Sitwell, pour qui, Marrakech \u00e9tait \u00ab\u00a0la ville africaine id\u00e9ale pour les pelouses, les palais \u00e0 colonnes et les orangeraies\u00a0\u00bb, ou encore Matisse, Delacroix, Yves Saint Laurent, Les Beatles, Les Pierres et Jean-Paul Getty qui ont eu la chance de visiter la cit\u00e9 ocre et de s\u2019inspirer de son \u00e2me et de la beaut\u00e9 de ses jardins.<\/p>\n<p>Parmi les plus somptueux jardins historiques de la cit\u00e9 ocre figurent ceux de l\u2019Agdal am\u00e9nag\u00e9s durant le XII\u00e8 si\u00e8cle sur une superficie de 400 ha. Leur appellation signifie \u00ab\u00a0Prairie Mus\u00e9e\u00a0\u00bb (en amazigh). Il s\u2019agit d\u2019une splendide exposition d\u2019arbres fruitiers, une vraie oasis luxuriante et verdoyante pour le plaisir des yeux et une r\u00e9serve d\u2019oxyg\u00e8ne pur.<\/p>\n<p>D\u2019ailleurs, Monty Don, \u00e9crivain britannique sur l\u2019horticulture, d\u00e9crivait ces jardins comme ayant \u00ab\u00a0une importance culturelle internationale au m\u00eame titre que Versailles ou Villa d\u2019Este\u00a0\u00bb.<\/p>\n<p>Un autre espace verdoyant de notori\u00e9t\u00e9 consid\u00e9rable, et dont le nom est intimement li\u00e9 \u00e0 celui de la cit\u00e9 ocre est les Jardins de la M\u00e9nara, construits autour d\u2019un grand bassin avec une vaste oliveraie. Le jardin offre un lieu de d\u00e9tente et de relaxation durant la saison printani\u00e8re, notamment avec ses s\u00e9guias, ses espaces et tapis floraux.<\/p>\n<p>Quand il fait beau, ces jardins, avec en arri\u00e8re plan les cimes enneig\u00e9s du Haut Atlas, offrent aux aficionados de la nature et des paysages f\u00e9eriques, une v\u00e9ritable toile aux couleurs captivantes, avec un m\u00e9lange de contrastes qui se m\u00ealent et entrem\u00ealent en toute finesse et splendeur.<\/p>\n<p>Autres jardins f\u00e9\u00e9riques sont ceux relevant du luxueux Palace de la Mamounia qui offrent pour une client\u00e8le s\u00e9lectionn\u00e9e, une v\u00e9ritable immersion dans une oasis au coeur de Marrakech, \u00e0 proximit\u00e9 d\u2019autres jardins splendides, en l\u2019occurrence ceux de la Koutoubia avec ses rosiers et ses orangers.<\/p>\n<p>Les visiteurs de la cit\u00e9 ocre peuvent \u00e9galement se lancer le temps d\u2019une belle matin\u00e9e dans la d\u00e9couverte du Jardin Secret de Marrakech au quartier Mouassine dans l\u2019ancienne M\u00e9dina, une oeuvre du Sultan Sa\u00e2dien Moulay Abdellah.<\/p>\n<p>S\u2019\u00e9tendant sur une superficie de 4.000 m2, le Jardin secret est scind\u00e9 en une tour de 17 m et deux jardins, dont un islamique et l\u2019autre exotique, rassemblant des plantes en provenance des cinq continents.<\/p>\n<p>Il serait donc impossible de se rendre \u00e0 Marrakech sans prendre le temps d\u2019\u00e9veiller ses sens, et de vivre la joie et l\u2019immense plaisir de s\u2019envoler, le temps d\u2019un p\u00e9riple in\u00e9dit au coeur d\u2019une multitude, cette fois-ci, de jardins botaniques, dont chacun a son propre \u00e2me et sa propre ambiance.<\/p>\n<p>Parmi les jardins botaniques les plus connus est celui de Majorelle cr\u00e9e par le peintre Jacques Majorelle tomb\u00e9 amoureux de la cit\u00e9 Ocre. Ce jardin aux couleurs magiques, compte diff\u00e9rentes esp\u00e8ces de plantes en provenance des quatre coins du monde.<\/p>\n<p>On note \u00e9galement le Jardin \u00ab\u00a0Anima\u00a0\u00bb \u00e9tal\u00e9 sur plus de deux hectares \u00e0 proximit\u00e9 de la ville de Marrakech, avec une belle vue sur l\u2019imposante chaine montagneuse du Haut Atlas, ou encore \u00ab\u00a0Jnane Tamsna\u00a0\u00bb, d\u00e9tenu par l\u2019ethnobotaniste Gary Martin dans la zone de la Palmeraie, et qui a la particularit\u00e9 d\u2019offrir g\u00e9n\u00e9reusement la sensation d\u2019une oasis en plein d\u00e9sert.<\/p>\n<p>Marrakech compte \u00e9galement un Mus\u00e9e de la Palmeraie ouvert en 2011 apr\u00e8s une longue p\u00e9riode de d\u00e9veloppement de 10 ans.<\/p>\n<p>Approch\u00e9 par la MAP, M. Abderrazak Bencha\u00e2bane, botaniste, a rappel\u00e9 que Marrakech, d\u00e8s sa fondation par la dynastie Almoravide, avait \u00e9t\u00e9 dot\u00e9e, bien avant la premi\u00e8re urbanisation, de Jnan Saliha, un jardin plant\u00e9 d\u2019oliviers et qui \u00e9tait sens\u00e9 nourrir les habitants de la ville et son arm\u00e9e, notant que ce jardin qui n\u2019a plus de traces actuellement, avait c\u00e9d\u00e9 la place au mythique Palais Badii de l\u2019\u00e9poque des Saadiens et au M\u00e9chouar et d\u2019autres b\u00e2timents annexes, et ce, d\u00e8s l\u2019av\u00e8nement de la Dynastie Alaouite.<\/p>\n<p>\u00ab\u00a0C\u2019est au XII\u00e8me si\u00e8cle sous le r\u00e8gne des Almohades que la ville de Marrakech va \u00eatre dot\u00e9e de v\u00e9ritables parcs, \u00e0 l\u2019instar des jardins de l\u2019Agdal ou encore la M\u00e9nara, \u00e0 vocation agricole et de loisirs\u00a0\u00bb, a expliqu\u00e9 M. Benchaabane, \u00e9galement auteur de l\u2019ouvrage \u00ab\u00a0Marrakech Cit\u00e9- Jardin : Grandeur, d\u00e9cadence et naissance\u00a0\u00bb, un opus de 228 pages paru en 2014 aux Editions Burkan.<\/p>\n<p>Et de poursuivre que \u00ab\u00a0chaque dynastie a laiss\u00e9 son empreinte sur les jardins de la Cit\u00e9 ocre qui b\u00e9n\u00e9ficia d\u2019une v\u00e9ritable politique \u00e9cologique \u00e0 chacun de ces \u00e9poques\u00a0\u00bb, citant \u00e0 titre d\u2019exemple, les jardins du palais Badii, Arsat Moulay Abdeslam, la Bahia, Dar Si Said qui t\u00e9moignent de l\u2019importance qu\u2019accordaient Monarques, Princes, Vizirs et notables \u00e0 la cr\u00e9ation de jardins dans la ville.<\/p>\n<p>M. Bencha\u00e2bane a, de m\u00eame, tenu \u00e0 souligner que la population de la ville intra-muros a perp\u00e9tu\u00e9 la tradition d\u2019am\u00e9nager et de cultiver des jardins au sein des remparts et de satisfaire, ainsi, les besoins en fruits et l\u00e9gumes des habitants, notant que ces jardins de proximit\u00e9, aujourd\u2019hui, disparus restent toujours dans la m\u00e9moire des Marrakchis avec les noms qu\u2019ils portaient alors \u00ab\u00a0Arsat Houta\u00a0\u00bb, \u00ab\u00a0Arsat El Mellak\u00a0\u00bb, \u00ab\u00a0Arset Bouaachrine\u00a0\u00bb, \u00ab\u00a0Jnan Benchegra\u00a0\u00bb \u2026etc.<\/p>\n<p>Au XX si\u00e8cle, a relev\u00e9 ce sp\u00e9cialiste, le protectorat, sous l\u2019impulsion du Mar\u00e9chal Lyautey a inaugur\u00e9 un nouveau mod\u00e8le de jardins, tout en gardant d\u2019anciens jardins de la ville, faisant, savoir que les nouveaux jardins ont \u00e9t\u00e9 cr\u00e9\u00e9s dans un style occidental de parcs \u00e0 l\u2019europ\u00e9enne, tels que \u00ab\u00a0Jnan El Harti\u00a0\u00bb, \u00ab\u00a0le quartier de l\u2019hivernage\u00a0\u00bb, \u00ab\u00a0Arsat Lbilk\u00a0\u00bb\u2026 etc.<\/p>\n<p>Et d\u2019ajouter qu\u2019avec ces nouveaux jardins et l\u2019am\u00e9nagement d\u2019espaces verts, la Cit\u00e9 ocre a vu s\u2019agrandir son patrimoine \u00e9cologique au fil des si\u00e8cles, estimant, en guise de conclusion, que parler des jardins \u00e0 Marrakech, c\u2019est aussi \u00e9voquer dix si\u00e8cles de son histoire aussi rayonnante que passionnante.<\/p>\n<p>Malgr\u00e9 une urbanisation galopante et l\u2019\u00e9mergence d\u2019une s\u00e9rie de quartiers r\u00e9sidentiels, et ce au d\u00e9triment des superficies vertes, Marrakech avec sa c\u00e9l\u00e8bre Palmeraie et ses multiples jardins et espaces verts ne cesse de faire montre de \u00ab\u00a0r\u00e9sistance\u00a0\u00bb et de \u00ab\u00a0r\u00e9silience\u00a0\u00bb pour pr\u00e9server sa vocation de Cit\u00e9- Jardin.<\/p>\n<p>Auteur: Meriem IGASS<br \/>\n<a href=\"http:\/\/www.mapmarrakech.ma\/fr\/les-jardins-historiques-un-tresor-vert-hautement-preserve\/\">Cliquez ici pour lire l&rsquo;article depuis sa source.<\/a><\/p>\n","protected":false},"excerpt":{"rendered":"<p>Ces espaces verts, au-del\u00e0 de leur valeur historique et civilisationnelle incontestable, sont d\u2019un apport ind\u00e9niable pour Marrakech, d\u2019un point de vue \u00e9cologique, compte tenu de leur contribution \u00e0 l\u2019am\u00e9lioration de la qualit\u00e9 de l\u2019air et leur r\u00f4le comme de v\u00e9ritables espaces de d\u00e9tente et de rafraichissement pour les autochtones comme pour les visiteurs, notamment durant [&hellip;]<\/p>\n","protected":false},"author":1788,"featured_media":0,"comment_status":"closed","ping_status":"closed","sticky":false,"template":"","format":"standard","meta":{"fifu_image_url":"","fifu_image_alt":"","footnotes":""},"categories":[54,76],"tags":[],"class_list":["post-117145","post","type-post","status-publish","format-standard","hentry","category-maroc","category-regions"],"_links":{"self":[{"href":"https:\/\/linitiative.ca\/International\/wp-json\/wp\/v2\/posts\/117145","targetHints":{"allow":["GET"]}}],"collection":[{"href":"https:\/\/linitiative.ca\/International\/wp-json\/wp\/v2\/posts"}],"about":[{"href":"https:\/\/linitiative.ca\/International\/wp-json\/wp\/v2\/types\/post"}],"author":[{"embeddable":true,"href":"https:\/\/linitiative.ca\/International\/wp-json\/wp\/v2\/users\/1788"}],"replies":[{"embeddable":true,"href":"https:\/\/linitiative.ca\/International\/wp-json\/wp\/v2\/comments?post=117145"}],"version-history":[{"count":0,"href":"https:\/\/linitiative.ca\/International\/wp-json\/wp\/v2\/posts\/117145\/revisions"}],"wp:attachment":[{"href":"https:\/\/linitiative.ca\/International\/wp-json\/wp\/v2\/media?parent=117145"}],"wp:term":[{"taxonomy":"category","embeddable":true,"href":"https:\/\/linitiative.ca\/International\/wp-json\/wp\/v2\/categories?post=117145"},{"taxonomy":"post_tag","embeddable":true,"href":"https:\/\/linitiative.ca\/International\/wp-json\/wp\/v2\/tags?post=117145"}],"curies":[{"name":"wp","href":"https:\/\/api.w.org\/{rel}","templated":true}]}}