{"id":117149,"date":"2021-05-21T09:53:38","date_gmt":"2021-05-21T13:53:38","guid":{"rendered":"https:\/\/linitiative.ca\/International\/hausse-de-14-des-prix-a-la-consommation-en-avril-hcp\/"},"modified":"2021-05-21T09:53:38","modified_gmt":"2021-05-21T13:53:38","slug":"hausse-de-14-des-prix-a-la-consommation-en-avril-hcp","status":"publish","type":"post","link":"https:\/\/linitiative.ca\/International\/hausse-de-14-des-prix-a-la-consommation-en-avril-hcp\/","title":{"rendered":"Hausse de 1,4% des prix \u00e0 la consommation en avril (HCP)"},"content":{"rendered":"<p class=\"c4\">L\u2019indice des prix \u00e0 la consommation (IPC) a enregistr\u00e9 une hausse de 1,4% en avril 2021, compar\u00e9 au m\u00eame mois de l\u2019ann\u00e9e pr\u00e9c\u00e9dente, indique le Haut-commissariat au plan (HCP).<\/p>\n<p class=\"c4\">Cette hausse est la cons\u00e9quence de l\u2019augmentation de l\u2019indice des produits alimentaires de 0,4% et de celui des produits non alimentaires de 2,2%, explique le HCP dans une note relative \u00e0 l\u2019IPC du mois d\u2019avril 2021.<\/p>\n<p class=\"c4\">Pour les produits non alimentaires, les variations vont d\u2019une baisse de 0,1% pour la \u00ab\u00a0communication\u00a0\u00bb \u00e0 une hausse de 9,5% pour le \u00ab\u00a0transport\u00a0\u00bb, ajoute la m\u00eame source.<\/p>\n<p class=\"c4\">En glissement mensuel, l\u2019IPC a connu au cours du mois d\u2019avril une hausse de 1,2%, due \u00e0 l\u2019augmentation de 3% de l\u2019indice des produits alimentaires et de 0,1% de l\u2019indice des produits non alimentaires.<\/p>\n<p class=\"c4\">Les hausses des produits alimentaires observ\u00e9es entre mars et avril 2021 concernent principalement les \u00ab\u00a0fruits\u00a0\u00bb avec 16,1%, les \u00ab\u00a0poissons et fruits de mer\u00a0\u00bb avec 7,4%, les \u00ab\u00a0l\u00e9gumes\u00a0\u00bb avec 4,4%, les \u00ab\u00a0viandes\u00a0\u00bb avec 2,9%, le \u00ab\u00a0lait, fromage et \u0153ufs\u00a0\u00bb avec 0,6% et les \u00ab\u00a0huiles et graisses\u00a0\u00bb avec 0,2%, rel\u00e8ve le HCP.<\/p>\n<p class=\"c4\">La variation pour les produits non alimentaires a concern\u00e9 principalement la baisse des prix des \u00ab\u00a0carburants\u00a0\u00bb avec 0,9%.<\/p>\n<p class=\"c4\">Par ville, les hausses les plus importantes de l\u2019IPC ont \u00e9t\u00e9 enregistr\u00e9es \u00e0 Al-Hoceima avec 2,6%, \u00e0 Oujda avec 2,1%, \u00e0 F\u00e8s avec 1,7%, \u00e0 Guelmim et Beni-Mellal avec 1,5%, \u00e0 Tanger et Safi avec 1,4%, \u00e0 Rabat et La\u00e2youne avec 1,2%, \u00e0 Casablanca et Errachidia avec 1,1% et \u00e0 K\u00e9nitra et Marrakech avec 1%.<\/p>\n<p class=\"c4\">Dans ces conditions, l\u2019indicateur d\u2019inflation sous-jacente, qui exclut les produits \u00e0 prix volatiles et les produits \u00e0 tarifs publics, aurait connu au cours du mois d\u2019avril 2021 une hausse de 0,3% par rapport au mois de mars 2021 et de 0,9% par rapport au mois d\u2019avril 2020, conclut le HCP.<\/p>\n<p>Auteur: Soufiane ELAHMAR<br \/>\n<a href=\"http:\/\/www.mapoujda.ma\/fr\/hausse-de-14-des-prix-a-la-consommation-en-avril-hcp\/\">Cliquez ici pour lire l&rsquo;article depuis sa source.<\/a><\/p>\n","protected":false},"excerpt":{"rendered":"<p>L\u2019indice des prix \u00e0 la consommation (IPC) a enregistr\u00e9 une hausse de 1,4% en avril 2021, compar\u00e9 au m\u00eame mois de l\u2019ann\u00e9e pr\u00e9c\u00e9dente, indique le Haut-commissariat au plan (HCP). Cette hausse est la cons\u00e9quence de l\u2019augmentation de l\u2019indice des produits alimentaires de 0,4% et de celui des produits non alimentaires de 2,2%, explique le HCP [&hellip;]<\/p>\n","protected":false},"author":1788,"featured_media":0,"comment_status":"closed","ping_status":"closed","sticky":false,"template":"","format":"standard","meta":{"fifu_image_url":"","fifu_image_alt":"","footnotes":""},"categories":[54,76],"tags":[],"class_list":["post-117149","post","type-post","status-publish","format-standard","hentry","category-maroc","category-regions"],"_links":{"self":[{"href":"https:\/\/linitiative.ca\/International\/wp-json\/wp\/v2\/posts\/117149","targetHints":{"allow":["GET"]}}],"collection":[{"href":"https:\/\/linitiative.ca\/International\/wp-json\/wp\/v2\/posts"}],"about":[{"href":"https:\/\/linitiative.ca\/International\/wp-json\/wp\/v2\/types\/post"}],"author":[{"embeddable":true,"href":"https:\/\/linitiative.ca\/International\/wp-json\/wp\/v2\/users\/1788"}],"replies":[{"embeddable":true,"href":"https:\/\/linitiative.ca\/International\/wp-json\/wp\/v2\/comments?post=117149"}],"version-history":[{"count":0,"href":"https:\/\/linitiative.ca\/International\/wp-json\/wp\/v2\/posts\/117149\/revisions"}],"wp:attachment":[{"href":"https:\/\/linitiative.ca\/International\/wp-json\/wp\/v2\/media?parent=117149"}],"wp:term":[{"taxonomy":"category","embeddable":true,"href":"https:\/\/linitiative.ca\/International\/wp-json\/wp\/v2\/categories?post=117149"},{"taxonomy":"post_tag","embeddable":true,"href":"https:\/\/linitiative.ca\/International\/wp-json\/wp\/v2\/tags?post=117149"}],"curies":[{"name":"wp","href":"https:\/\/api.w.org\/{rel}","templated":true}]}}