{"id":117150,"date":"2021-05-21T08:39:26","date_gmt":"2021-05-21T12:39:26","guid":{"rendered":"https:\/\/linitiative.ca\/International\/une-bourse-canadienne-pour-former-des-economistes\/"},"modified":"2021-05-21T08:39:26","modified_gmt":"2021-05-21T12:39:26","slug":"une-bourse-canadienne-pour-former-des-economistes","status":"publish","type":"post","link":"https:\/\/linitiative.ca\/International\/une-bourse-canadienne-pour-former-des-economistes\/","title":{"rendered":"Une bourse canadienne pour former des \u00e9conomistes"},"content":{"rendered":"<p class=\"rtejustify\">L\u2019Observatoire de la Francophonie Economique (OFE) de l\u2019Universit\u00e9 de Montr\u00e9al lance la 3\u00e8me \u00e9dition de son Programme \u00abFormation \u00e0 la recherche pour jeunes \u00e9conomistes francophones\u00bb.<\/p>\n<p class=\"rtejustify\">Un appel \u00e0 candidatures est ainsi lanc\u00e9 \u00e0 l\u2019intention des chercheurs de pays africains francophones. Les participants b\u00e9n\u00e9ficieront d\u2019une bourse de mobilit\u00e9 pour un s\u00e9jour de recherche de 4 mois dans une grande universit\u00e9 africaine francophone.<\/p>\n<p class=\"rtejustify\">L\u2019offre comprend aussi la participation \u00e0 la 3\u00e8me Conf\u00e9rence internationale sur la Francophonie \u00e9conomique de l\u2019OFE. La date limite de d\u00e9p\u00f4t des candidatures a \u00e9t\u00e9 fix\u00e9e au 4 juillet 2021.<\/p>\n<p class=\"rtejustify\"><em>A.Na<\/em><\/p>\n<p class=\"rtejustify\">\u00a0<\/p>\n<p>Auteur: mbasraoui<br \/>\n<a href=\"https:\/\/www.leconomiste.com\/flash-infos\/une-bourse-canadienne-pour-former-des-economistes\">Cliquez ici pour lire l&rsquo;article depuis sa source.<\/a><\/p>\n","protected":false},"excerpt":{"rendered":"<p>L\u2019Observatoire de la Francophonie Economique (OFE) de l\u2019Universit\u00e9 de Montr\u00e9al lance la 3\u00e8me \u00e9dition de son Programme \u00abFormation \u00e0 la recherche pour jeunes \u00e9conomistes francophones\u00bb. Un appel \u00e0 candidatures est ainsi lanc\u00e9 \u00e0 l\u2019intention des chercheurs de pays africains francophones. Les participants b\u00e9n\u00e9ficieront d\u2019une bourse de mobilit\u00e9 pour un s\u00e9jour de recherche de 4 mois [&hellip;]<\/p>\n","protected":false},"author":1763,"featured_media":0,"comment_status":"closed","ping_status":"closed","sticky":false,"template":"","format":"standard","meta":{"fifu_image_url":"","fifu_image_alt":"","footnotes":""},"categories":[78,54],"tags":[],"class_list":["post-117150","post","type-post","status-publish","format-standard","hentry","category-economie","category-maroc"],"_links":{"self":[{"href":"https:\/\/linitiative.ca\/International\/wp-json\/wp\/v2\/posts\/117150","targetHints":{"allow":["GET"]}}],"collection":[{"href":"https:\/\/linitiative.ca\/International\/wp-json\/wp\/v2\/posts"}],"about":[{"href":"https:\/\/linitiative.ca\/International\/wp-json\/wp\/v2\/types\/post"}],"author":[{"embeddable":true,"href":"https:\/\/linitiative.ca\/International\/wp-json\/wp\/v2\/users\/1763"}],"replies":[{"embeddable":true,"href":"https:\/\/linitiative.ca\/International\/wp-json\/wp\/v2\/comments?post=117150"}],"version-history":[{"count":0,"href":"https:\/\/linitiative.ca\/International\/wp-json\/wp\/v2\/posts\/117150\/revisions"}],"wp:attachment":[{"href":"https:\/\/linitiative.ca\/International\/wp-json\/wp\/v2\/media?parent=117150"}],"wp:term":[{"taxonomy":"category","embeddable":true,"href":"https:\/\/linitiative.ca\/International\/wp-json\/wp\/v2\/categories?post=117150"},{"taxonomy":"post_tag","embeddable":true,"href":"https:\/\/linitiative.ca\/International\/wp-json\/wp\/v2\/tags?post=117150"}],"curies":[{"name":"wp","href":"https:\/\/api.w.org\/{rel}","templated":true}]}}