{"id":117151,"date":"2021-05-21T09:12:34","date_gmt":"2021-05-21T13:12:34","guid":{"rendered":"https:\/\/linitiative.ca\/International\/voici-combien-coutera-la-construction-de-lautoroute-guercif-nador\/"},"modified":"2021-05-21T09:12:34","modified_gmt":"2021-05-21T13:12:34","slug":"voici-combien-coutera-la-construction-de-lautoroute-guercif-nador","status":"publish","type":"post","link":"https:\/\/linitiative.ca\/International\/voici-combien-coutera-la-construction-de-lautoroute-guercif-nador\/","title":{"rendered":"Voici combien co\u00fbtera la construction de l&rsquo;autoroute Guercif-Nador"},"content":{"rendered":"<p class=\"rtejustify\"><em>CP: L&rsquo;Economiste<\/em><\/p>\n<p class=\"rtejustify\">Le co\u00fbt estimatif du projet de construction de l&rsquo;autoroute Guercif-Nador est de l\u2019ordre de 5.500 millions de dirhams (MDH), d&rsquo;apr\u00e8s les chiffres fournis par le minist\u00e8re de l&rsquo;\u00c9quipement, du transport, de la logistique et de l\u2019eau, \u00e0 l&rsquo;occasion de la signature, vendredi \u00e0 Rabat, de la convention de maitrise d&rsquo;ouvrage d\u00e9l\u00e9gu\u00e9e relative \u00e0 la r\u00e9alisation de ce chantier.<\/p>\n<p class=\"rtejustify\">En pr\u00e9sidant la c\u00e9r\u00e9monie de signature dudit document entre le minist\u00e8re et la Soci\u00e9t\u00e9 nationale des autoroutes du Maroc (ADM), le ministre de tutelle Abdelkader Amaraa a mis en exergue l&rsquo;extr\u00eame importance de ce projet qui va assurer, par une connexion d&rsquo;une longueur de 104 km, la liaison de la ville de Nador et du nouveau port Nador West Med au r\u00e9seau autoroutier national. Avec l&rsquo;autoroute Oujda-Guercif et la voie express d&rsquo;Oujda, le futur axe permettra la cr\u00e9ation d&rsquo;un triangle routier structurant pour la zone Nord et la r\u00e9gion de l\u2019Oriental, \u00e0 m\u00eame d\u2019accompagner le d\u00e9veloppement de cette derni\u00e8re, au moment o\u00f9 elle est en plein essor \u00e9conomique, a relev\u00e9 le ministre.<\/p>\n<p class=\"rtejustify\">Au cours de cette c\u00e9r\u00e9monie, il a \u00e9t\u00e9 proc\u00e9d\u00e9 \u00e0 la pr\u00e9sentation des grandes lignes de ce projet structurant et des principaux points de ladite convention, qui va s&rsquo;\u00e9taler sur une p\u00e9riode de 5 ans, y compris la phase de liquidation des march\u00e9s. Les objectifs de la maitrise d&rsquo;ouvrage d\u00e9l\u00e9gu\u00e9e visent \u00e0 assurer la r\u00e9ussite du projet en termes de qualit\u00e9, de co\u00fbt et de d\u00e9lais, \u00e0 mobiliser l&rsquo;expertise nationale dans la gestion des projets autoroutiers, ainsi qu&rsquo;\u00e0 disposer d&rsquo;une \u00e9quipe exp\u00e9riment\u00e9e dans la construction et le suivi des chantiers autoroutiers, a-t-on expliqu\u00e9.<\/p>\n<p class=\"rtejustify\">Il s&rsquo;agit aussi de garantir le m\u00eame standard d&rsquo;encadrement et de r\u00e9alisation \u00e0 l&rsquo;instar du r\u00e9seau autoroutier en service. La convention a \u00e9t\u00e9 sign\u00e9e par le ministre de tutelle, le directeur g\u00e9n\u00e9ral d&rsquo;ADM, le directeur g\u00e9n\u00e9ral d\u00e9l\u00e9gu\u00e9 d\u2019ADM Projet, le directeur g\u00e9n\u00e9ral des routes et du transport terrestre et le directeur r\u00e9gional de l\u2019\u00e9quipement, du transport, de la logistique et de l\u2019eau de l\u2019Oriental.<\/p>\n<p class=\"rtejustify\">\u00a0<\/p>\n<p>Auteur: mbasraoui<br \/>\n<a href=\"https:\/\/www.leconomiste.com\/flash-infos\/voici-combien-coutera-la-construction-de-l-autoroute-guercif-nador\">Cliquez ici pour lire l&rsquo;article depuis sa source.<\/a><\/p>\n","protected":false},"excerpt":{"rendered":"<p>CP: L&rsquo;Economiste Le co\u00fbt estimatif du projet de construction de l&rsquo;autoroute Guercif-Nador est de l\u2019ordre de 5.500 millions de dirhams (MDH), d&rsquo;apr\u00e8s les chiffres fournis par le minist\u00e8re de l&rsquo;\u00c9quipement, du transport, de la logistique et de l\u2019eau, \u00e0 l&rsquo;occasion de la signature, vendredi \u00e0 Rabat, de la convention de maitrise d&rsquo;ouvrage d\u00e9l\u00e9gu\u00e9e relative \u00e0 [&hellip;]<\/p>\n","protected":false},"author":1763,"featured_media":0,"comment_status":"closed","ping_status":"closed","sticky":false,"template":"","format":"standard","meta":{"fifu_image_url":"","fifu_image_alt":"","footnotes":""},"categories":[78,54],"tags":[],"class_list":["post-117151","post","type-post","status-publish","format-standard","hentry","category-economie","category-maroc"],"_links":{"self":[{"href":"https:\/\/linitiative.ca\/International\/wp-json\/wp\/v2\/posts\/117151","targetHints":{"allow":["GET"]}}],"collection":[{"href":"https:\/\/linitiative.ca\/International\/wp-json\/wp\/v2\/posts"}],"about":[{"href":"https:\/\/linitiative.ca\/International\/wp-json\/wp\/v2\/types\/post"}],"author":[{"embeddable":true,"href":"https:\/\/linitiative.ca\/International\/wp-json\/wp\/v2\/users\/1763"}],"replies":[{"embeddable":true,"href":"https:\/\/linitiative.ca\/International\/wp-json\/wp\/v2\/comments?post=117151"}],"version-history":[{"count":0,"href":"https:\/\/linitiative.ca\/International\/wp-json\/wp\/v2\/posts\/117151\/revisions"}],"wp:attachment":[{"href":"https:\/\/linitiative.ca\/International\/wp-json\/wp\/v2\/media?parent=117151"}],"wp:term":[{"taxonomy":"category","embeddable":true,"href":"https:\/\/linitiative.ca\/International\/wp-json\/wp\/v2\/categories?post=117151"},{"taxonomy":"post_tag","embeddable":true,"href":"https:\/\/linitiative.ca\/International\/wp-json\/wp\/v2\/tags?post=117151"}],"curies":[{"name":"wp","href":"https:\/\/api.w.org\/{rel}","templated":true}]}}