{"id":117152,"date":"2021-05-21T10:07:13","date_gmt":"2021-05-21T14:07:13","guid":{"rendered":"https:\/\/linitiative.ca\/International\/aeroport-mohammed-v-mise-en-service-dun-nouveau-terminal\/"},"modified":"2021-05-21T10:07:13","modified_gmt":"2021-05-21T14:07:13","slug":"aeroport-mohammed-v-mise-en-service-dun-nouveau-terminal","status":"publish","type":"post","link":"https:\/\/linitiative.ca\/International\/aeroport-mohammed-v-mise-en-service-dun-nouveau-terminal\/","title":{"rendered":"A\u00e9roport Mohammed V: Mise en service d\u2019un nouveau terminal"},"content":{"rendered":"<p class=\"rtejustify\">L\u2019Office national des a\u00e9roports (ONDA) a annonc\u00e9 la mise en service, vendredi, d\u2019un nouveau terminal d\u00e9di\u00e9 aux vols int\u00e9rieurs \u00e0 l\u2019a\u00e9roport Casablanca Mohammed V.<\/p>\n<p class=\"rtejustify\">D\u2019un investissement de l\u2019ordre de 95,25 millions de dirhams (MDH), cette nouvelle infrastructure s\u2019inscrit dans le cadre \u00ab d\u2019un projet plus large visant l\u2019extension de l\u2019a\u00e9roport Casablanca Mohammed V, \u00e0 travers la construction d\u2019une zone centrale sur trois niveaux, situ\u00e9e entre les deux terminaux I et II, et qui a pour objectif de mettre en place une zone arriv\u00e9e commune au terminal 1 et au terminal 2 \u00bb, indique l\u2019Office dans un communiqu\u00e9. Alliant confort et convivialit\u00e9, ce nouveau terminal, qui s\u2019\u00e9tend sur une superficie globale de 5.700 m2, offre un cadre agr\u00e9able pour les passagers des vols int\u00e9rieurs et ceux en correspondance (les passagers des vols int\u00e9rieurs en transit pour un vol national ou international et vice versa). Il est dot\u00e9 des technologies les plus r\u00e9centes et des \u00e9quipements les plus modernes.<\/p>\n<p class=\"rtejustify\">La r\u00e9alisation de ce terminal a pour objectifs la s\u00e9paration des flux des passagers des vols internationaux et int\u00e9rieurs, l\u2019am\u00e9lioration de l\u2019exp\u00e9rience du passager des vols int\u00e9rieurs en offrant des espaces alliant confort et qualit\u00e9 de service, et l\u2019augmentation de la capacit\u00e9 d\u2019accueil des passagers des vols int\u00e9rieurs, indique l\u2019ONDA. Avec cette nouvelle configuration, les passagers des vols int\u00e9rieurs, apr\u00e8s avoir effectu\u00e9 les formalit\u00e9s d\u2019enregistrement au Terminal 1, peuvent rejoindre le nouveau Terminal pour les formalit\u00e9s d\u2019inspection filtrage et d\u2019embarquement.<\/p>\n<p class=\"rtejustify\">L\u2019a\u00e9roport Casablanca Mohammed V offre 169 fr\u00e9quences hebdomadaires reliant la ville de Casablanca \u00e0 13 destinations nationales, op\u00e9r\u00e9es par Royal Air Maroc et Air Arabia. L\u2019a\u00e9roport a accueilli 1.123.477 passagers en 2019 avec une hausse de 8,71% par rapport \u00e0 2018.<\/p>\n<p class=\"rtejustify\">En 2020, le trafic int\u00e9rieur de l\u2019a\u00e9roport a accus\u00e9 une baisse de l\u2019ordre de 64,62% par rapport \u00e0 l\u2019ann\u00e9e 2019, sous l\u2019effet de la crise sanitaire Covid-19<\/p>\n<p>Auteur: mbasraoui<br \/>\n<a href=\"https:\/\/www.leconomiste.com\/flash-infos\/aeroport-mohammed-v-mise-en-service-d-un-nouveau-terminal\">Cliquez ici pour lire l&rsquo;article depuis sa source.<\/a><\/p>\n","protected":false},"excerpt":{"rendered":"<p>L\u2019Office national des a\u00e9roports (ONDA) a annonc\u00e9 la mise en service, vendredi, d\u2019un nouveau terminal d\u00e9di\u00e9 aux vols int\u00e9rieurs \u00e0 l\u2019a\u00e9roport Casablanca Mohammed V. D\u2019un investissement de l\u2019ordre de 95,25 millions de dirhams (MDH), cette nouvelle infrastructure s\u2019inscrit dans le cadre \u00ab d\u2019un projet plus large visant l\u2019extension de l\u2019a\u00e9roport Casablanca Mohammed V, \u00e0 travers [&hellip;]<\/p>\n","protected":false},"author":1763,"featured_media":0,"comment_status":"closed","ping_status":"closed","sticky":false,"template":"","format":"standard","meta":{"fifu_image_url":"","fifu_image_alt":"","footnotes":""},"categories":[78,54],"tags":[],"class_list":["post-117152","post","type-post","status-publish","format-standard","hentry","category-economie","category-maroc"],"_links":{"self":[{"href":"https:\/\/linitiative.ca\/International\/wp-json\/wp\/v2\/posts\/117152","targetHints":{"allow":["GET"]}}],"collection":[{"href":"https:\/\/linitiative.ca\/International\/wp-json\/wp\/v2\/posts"}],"about":[{"href":"https:\/\/linitiative.ca\/International\/wp-json\/wp\/v2\/types\/post"}],"author":[{"embeddable":true,"href":"https:\/\/linitiative.ca\/International\/wp-json\/wp\/v2\/users\/1763"}],"replies":[{"embeddable":true,"href":"https:\/\/linitiative.ca\/International\/wp-json\/wp\/v2\/comments?post=117152"}],"version-history":[{"count":0,"href":"https:\/\/linitiative.ca\/International\/wp-json\/wp\/v2\/posts\/117152\/revisions"}],"wp:attachment":[{"href":"https:\/\/linitiative.ca\/International\/wp-json\/wp\/v2\/media?parent=117152"}],"wp:term":[{"taxonomy":"category","embeddable":true,"href":"https:\/\/linitiative.ca\/International\/wp-json\/wp\/v2\/categories?post=117152"},{"taxonomy":"post_tag","embeddable":true,"href":"https:\/\/linitiative.ca\/International\/wp-json\/wp\/v2\/tags?post=117152"}],"curies":[{"name":"wp","href":"https:\/\/api.w.org\/{rel}","templated":true}]}}