{"id":117154,"date":"2021-05-21T11:35:33","date_gmt":"2021-05-21T15:35:33","guid":{"rendered":"https:\/\/linitiative.ca\/International\/covid-746-millions-de-personnes-vaccinees-au-maroc\/"},"modified":"2021-05-21T11:35:33","modified_gmt":"2021-05-21T15:35:33","slug":"covid-746-millions-de-personnes-vaccinees-au-maroc","status":"publish","type":"post","link":"https:\/\/linitiative.ca\/International\/covid-746-millions-de-personnes-vaccinees-au-maroc\/","title":{"rendered":"Covid: 7,46 millions de personnes vaccin\u00e9es au Maroc"},"content":{"rendered":"<p><em>CP: L&rsquo;Economiste<\/em><\/p>\n<p class=\"rtejustify\">Le Maroc a franchi la barre des 7 millions de personnes vaccin\u00e9es. Au total, 7 467 468 personnes ont re\u00e7u leur premi\u00e8re dose, alors que\u00a04 817 830 ont b\u00e9n\u00e9fici\u00e9 de la 2e, selon les chiffres du minist\u00e8re de la Sant\u00e9 <span class=\"c4\">ce Vendredi 21\u00a0mai<\/span>.<\/p>\n<p class=\"rtejustify\">Un total de 358 nouveaux cas d&rsquo;infection au nouveau coronavirus et de 318 gu\u00e9risons a \u00e9galement \u00e9t\u00e9 enregistr\u00e9 au cours des derni\u00e8res 24 heures. Ce nouveau bilan porte \u00e9galement \u00e0\u00a0516 449 le nombre total des contaminations depuis le premier cas signal\u00e9 en mars 2020, tandis que le nombre des personnes r\u00e9tablies est pass\u00e9 \u00e0 504 757 soit un taux de gu\u00e9rison de 97,7%, pr\u00e9cise-t-on.\u00a0Le nombre de tests effectu\u00e9s s\u2019\u00e9tablit \u00e0 10.363. Le taux de positivit\u00e9 est quant \u00e0 lui de 3,4%.<\/p>\n<p class=\"rtejustify\">Quant au nombre total des d\u00e9c\u00e8s, il s&rsquo;\u00e9tablit \u00e0 9 115, avec 6 d\u00e9c\u00e8s enregistr\u00e9\u00a0en 24 heures.<\/p>\n<p class=\"rtejustify\">Par ailleurs, les cas actifs s&rsquo;\u00e9tablissent \u00e0 2 577, tandis que les cas s\u00e9v\u00e8res ou critiques atteignent 186, dont <strong>8<\/strong> plac\u00e9s sous intubation.<\/p>\n<blockquote readability=\"4.75\">\n<p class=\"rtecenter\"><strong>Pour plus de d\u00e9tails, voir l&rsquo;\u00e9volution en temps r\u00e9el de l&rsquo;\u00e9pid\u00e9mie sur <a href=\"https:\/\/www.leconomiste.com\/covid19\/\">https:\/\/www.leconomiste.com\/covid19\/<\/a><\/strong><\/p>\n<\/blockquote>\n<p>Auteur: mbasraoui<br \/>\n<a href=\"https:\/\/www.leconomiste.com\/flash-infos\/covid-plus-de-7-millions-de-personnes-vaccinees-au-maroc-0\">Cliquez ici pour lire l&rsquo;article depuis sa source.<\/a><\/p>\n","protected":false},"excerpt":{"rendered":"<p>CP: L&rsquo;Economiste Le Maroc a franchi la barre des 7 millions de personnes vaccin\u00e9es. Au total, 7 467 468 personnes ont re\u00e7u leur premi\u00e8re dose, alors que\u00a04 817 830 ont b\u00e9n\u00e9fici\u00e9 de la 2e, selon les chiffres du minist\u00e8re de la Sant\u00e9 ce Vendredi 21\u00a0mai. Un total de 358 nouveaux cas d&rsquo;infection au nouveau coronavirus [&hellip;]<\/p>\n","protected":false},"author":1763,"featured_media":0,"comment_status":"closed","ping_status":"closed","sticky":false,"template":"","format":"standard","meta":{"fifu_image_url":"","fifu_image_alt":"","footnotes":""},"categories":[78,54],"tags":[],"class_list":["post-117154","post","type-post","status-publish","format-standard","hentry","category-economie","category-maroc"],"_links":{"self":[{"href":"https:\/\/linitiative.ca\/International\/wp-json\/wp\/v2\/posts\/117154","targetHints":{"allow":["GET"]}}],"collection":[{"href":"https:\/\/linitiative.ca\/International\/wp-json\/wp\/v2\/posts"}],"about":[{"href":"https:\/\/linitiative.ca\/International\/wp-json\/wp\/v2\/types\/post"}],"author":[{"embeddable":true,"href":"https:\/\/linitiative.ca\/International\/wp-json\/wp\/v2\/users\/1763"}],"replies":[{"embeddable":true,"href":"https:\/\/linitiative.ca\/International\/wp-json\/wp\/v2\/comments?post=117154"}],"version-history":[{"count":0,"href":"https:\/\/linitiative.ca\/International\/wp-json\/wp\/v2\/posts\/117154\/revisions"}],"wp:attachment":[{"href":"https:\/\/linitiative.ca\/International\/wp-json\/wp\/v2\/media?parent=117154"}],"wp:term":[{"taxonomy":"category","embeddable":true,"href":"https:\/\/linitiative.ca\/International\/wp-json\/wp\/v2\/categories?post=117154"},{"taxonomy":"post_tag","embeddable":true,"href":"https:\/\/linitiative.ca\/International\/wp-json\/wp\/v2\/tags?post=117154"}],"curies":[{"name":"wp","href":"https:\/\/api.w.org\/{rel}","templated":true}]}}