{"id":117155,"date":"2021-05-21T15:14:11","date_gmt":"2021-05-21T19:14:11","guid":{"rendered":"https:\/\/linitiative.ca\/International\/international-manchester-city-a-du-souci-a-se-faire-pour-riyad-mahrez\/"},"modified":"2021-05-21T15:14:11","modified_gmt":"2021-05-21T19:14:11","slug":"international-manchester-city-a-du-souci-a-se-faire-pour-riyad-mahrez","status":"publish","type":"post","link":"https:\/\/linitiative.ca\/International\/international-manchester-city-a-du-souci-a-se-faire-pour-riyad-mahrez\/","title":{"rendered":"International : Manchester City a du souci \u00e0 se faire pour Riyad Mahrez !"},"content":{"rendered":"<div readability=\"32\">\n<p>Auteur : <span class=\"time\">vendredi 21 mai 2021 15:52<\/span><\/p>\n<\/div>\n<div id=\"post_core\" readability=\"43\">\n<p>En pleine forme avec Manchester City cette saison, Riyad Mahrez est parvenu \u00e0 pousser Raheem Sterling sur le banc de touche en raison de ses bonnes performances sous le maillot des Skyblues. R\u00e9cemment interrog\u00e9 par Eric Di Meco sur une potentielle fin de carri\u00e8re \u00e0 l\u2019OM, l\u2019international alg\u00e9rien avait fait passer le message suivant \u00e0 RMC Sport. \u00ab Finir ma carri\u00e8re \u00e0 l\u2019OM ? Non franchement, ce n\u2019est pas quelque chose que je me dis. Je me sens tr\u00e8s bien en Angleterre, j\u2019ai vraiment envie de finir ma carri\u00e8re ici, qui plus est \u00e0 City. Ce n\u2019est pas quelque chose que j\u2019envisage. \u00bb. \u00c0 Manchester City, Mahrez se sent donc particuli\u00e8rement bien et dispose d\u2019un contrat courant jusqu\u2019en juin 2023. Cependant, d\u2019apr\u00e8s The Daily Telegraph, de nombreux clubs se seraient positionn\u00e9s sur son dossier en raison de sa belle saison avec les Citizens rapporte Le 10 Sport.<\/p>\n<p><strong>Publi\u00e9 dans :<\/strong> <span>Mahrez<\/span><\/p>\n<\/div>\n<p>Auteur:<br \/>\n<a href=\"http:\/\/www.lebuteur.com\/article\/detail?titre=manchester-city-a-du-souci-a-se-faire-pour-riyad-mahrez&#038;id=100130&#038;utm_source=feedburner&#038;utm_medium=feed&#038;utm_campaign=Feed%3A+GalerieFArtciles+%28Les+derniers+articles++-+lebuteur.com%29\">Cliquez ici pour lire l&rsquo;article depuis sa source.<\/a><\/p>\n","protected":false},"excerpt":{"rendered":"<p>Auteur : vendredi 21 mai 2021 15:52 En pleine forme avec Manchester City cette saison, Riyad Mahrez est parvenu \u00e0 pousser Raheem Sterling sur le banc de touche en raison de ses bonnes performances sous le maillot des Skyblues. R\u00e9cemment interrog\u00e9 par Eric Di Meco sur une potentielle fin de carri\u00e8re \u00e0 l\u2019OM, l\u2019international alg\u00e9rien [&hellip;]<\/p>\n","protected":false},"author":1738,"featured_media":0,"comment_status":"closed","ping_status":"closed","sticky":false,"template":"","format":"standard","meta":{"fifu_image_url":"\/\/cdn.lebuteur.com\/data\/images\/article\/thumbs\/large-manchester-city-a-du-souci-a-se-faire-pour-riyad-mahrez-79783.jpg","fifu_image_alt":"International : Manchester City a du souci \u00e0 se faire pour Riyad Mahrez !","footnotes":""},"categories":[53,75],"tags":[],"class_list":["post-117155","post","type-post","status-publish","format-standard","hentry","category-algerie","category-sport"],"_links":{"self":[{"href":"https:\/\/linitiative.ca\/International\/wp-json\/wp\/v2\/posts\/117155","targetHints":{"allow":["GET"]}}],"collection":[{"href":"https:\/\/linitiative.ca\/International\/wp-json\/wp\/v2\/posts"}],"about":[{"href":"https:\/\/linitiative.ca\/International\/wp-json\/wp\/v2\/types\/post"}],"author":[{"embeddable":true,"href":"https:\/\/linitiative.ca\/International\/wp-json\/wp\/v2\/users\/1738"}],"replies":[{"embeddable":true,"href":"https:\/\/linitiative.ca\/International\/wp-json\/wp\/v2\/comments?post=117155"}],"version-history":[{"count":0,"href":"https:\/\/linitiative.ca\/International\/wp-json\/wp\/v2\/posts\/117155\/revisions"}],"wp:attachment":[{"href":"https:\/\/linitiative.ca\/International\/wp-json\/wp\/v2\/media?parent=117155"}],"wp:term":[{"taxonomy":"category","embeddable":true,"href":"https:\/\/linitiative.ca\/International\/wp-json\/wp\/v2\/categories?post=117155"},{"taxonomy":"post_tag","embeddable":true,"href":"https:\/\/linitiative.ca\/International\/wp-json\/wp\/v2\/tags?post=117155"}],"curies":[{"name":"wp","href":"https:\/\/api.w.org\/{rel}","templated":true}]}}