{"id":117157,"date":"2021-05-21T15:14:16","date_gmt":"2021-05-21T19:14:16","guid":{"rendered":"https:\/\/linitiative.ca\/International\/international-milan-ac-ca-discute-pour-rodrigo-de-paul\/"},"modified":"2021-05-21T15:14:16","modified_gmt":"2021-05-21T19:14:16","slug":"international-milan-ac-ca-discute-pour-rodrigo-de-paul","status":"publish","type":"post","link":"https:\/\/linitiative.ca\/International\/international-milan-ac-ca-discute-pour-rodrigo-de-paul\/","title":{"rendered":"International : Milan AC : \u00e7a discute pour Rodrigo de Paul"},"content":{"rendered":"<div readability=\"32\">\n<p>Auteur : <span class=\"time\">vendredi 21 mai 2021 18:00<\/span><\/p>\n<\/div>\n<div id=\"post_core\" readability=\"45\">\n<p>En cas de qualification pour la prochaine Ligue des Champions, les Rossoneri devraient recruter plusieurs joueurs dont un milieu de terrain. Selon Les-Transferts et\u00a0La Gazzetta dello Sport, Rodrigo de Paul serait la priorit\u00e9. Sous contrat jusqu\u2019en juin 2024 avec l\u2019Udinese, l\u2019international argentin de 26 ans dispose d\u2019un bon de sortie. Des discussions seraient en cours entre les deux clubs.<\/p>\n<p>Auteur de neuf buts et dix passes d\u00e9cisives, le natif de Sarandi serait estim\u00e9 \u00e0 40 millions d\u2019euros par ses dirigeants. Liverpool et l\u2019Inter Milan seraient \u00e9galement sur les rangs pour l\u2019accueillir.<\/p>\n<p><strong>Publi\u00e9 dans :<\/strong> <span>Milan AC : Rodrigo de Paul<\/span><\/p>\n<\/div>\n<p>Auteur:<br \/>\n<a href=\"http:\/\/www.lebuteur.com\/article\/detail?titre=milan-ac-ca-discute-pour-rodrigo-de-paul&#038;id=100132&#038;utm_source=feedburner&#038;utm_medium=feed&#038;utm_campaign=Feed%3A+GalerieFArtciles+%28Les+derniers+articles++-+lebuteur.com%29\">Cliquez ici pour lire l&rsquo;article depuis sa source.<\/a><\/p>\n","protected":false},"excerpt":{"rendered":"<p>Auteur : vendredi 21 mai 2021 18:00 En cas de qualification pour la prochaine Ligue des Champions, les Rossoneri devraient recruter plusieurs joueurs dont un milieu de terrain. Selon Les-Transferts et\u00a0La Gazzetta dello Sport, Rodrigo de Paul serait la priorit\u00e9. Sous contrat jusqu\u2019en juin 2024 avec l\u2019Udinese, l\u2019international argentin de 26 ans dispose d\u2019un bon [&hellip;]<\/p>\n","protected":false},"author":1738,"featured_media":0,"comment_status":"closed","ping_status":"closed","sticky":false,"template":"","format":"standard","meta":{"fifu_image_url":"\/\/cdn.lebuteur.com\/data\/images\/article\/thumbs\/large-milan-ac-ca-discute-pour-rodrigo-de-paul-793ff.jpg","fifu_image_alt":"International : Milan AC : \u00e7a discute pour Rodrigo de Paul","footnotes":""},"categories":[53,75],"tags":[],"class_list":["post-117157","post","type-post","status-publish","format-standard","hentry","category-algerie","category-sport"],"_links":{"self":[{"href":"https:\/\/linitiative.ca\/International\/wp-json\/wp\/v2\/posts\/117157","targetHints":{"allow":["GET"]}}],"collection":[{"href":"https:\/\/linitiative.ca\/International\/wp-json\/wp\/v2\/posts"}],"about":[{"href":"https:\/\/linitiative.ca\/International\/wp-json\/wp\/v2\/types\/post"}],"author":[{"embeddable":true,"href":"https:\/\/linitiative.ca\/International\/wp-json\/wp\/v2\/users\/1738"}],"replies":[{"embeddable":true,"href":"https:\/\/linitiative.ca\/International\/wp-json\/wp\/v2\/comments?post=117157"}],"version-history":[{"count":0,"href":"https:\/\/linitiative.ca\/International\/wp-json\/wp\/v2\/posts\/117157\/revisions"}],"wp:attachment":[{"href":"https:\/\/linitiative.ca\/International\/wp-json\/wp\/v2\/media?parent=117157"}],"wp:term":[{"taxonomy":"category","embeddable":true,"href":"https:\/\/linitiative.ca\/International\/wp-json\/wp\/v2\/categories?post=117157"},{"taxonomy":"post_tag","embeddable":true,"href":"https:\/\/linitiative.ca\/International\/wp-json\/wp\/v2\/tags?post=117157"}],"curies":[{"name":"wp","href":"https:\/\/api.w.org\/{rel}","templated":true}]}}