{"id":117158,"date":"2021-05-21T15:14:18","date_gmt":"2021-05-21T19:14:18","guid":{"rendered":"https:\/\/linitiative.ca\/International\/international-psg-sarabia-a-des-touches-en-espagne\/"},"modified":"2021-05-21T15:14:18","modified_gmt":"2021-05-21T19:14:18","slug":"international-psg-sarabia-a-des-touches-en-espagne","status":"publish","type":"post","link":"https:\/\/linitiative.ca\/International\/international-psg-sarabia-a-des-touches-en-espagne\/","title":{"rendered":"International : PSG : Sarabia a des touches en Espagne"},"content":{"rendered":"<div readability=\"32\">\n<p>Auteur : <span class=\"time\">vendredi 21 mai 2021 18:30<\/span><\/p>\n<\/div>\n<div id=\"post_core\" readability=\"44\">\n<p>Sous contrat jusqu\u2019en juin 2023 avec le\u00a0Paris Saint-Germain, l\u2019international espagnol aurait des touches en Liga.<\/p>\n<p>Selon Les-Transferts et Mundo Deportivo, quatre clubs ib\u00e9riques seraient pr\u00eats \u00e0 le relancer. Il s\u2019agit du FC Seville, l\u2019Atl\u00e9tico Madrid, Villarreal et la Real Sociedad. C\u00f4t\u00e9 transfert, le joueur serait estim\u00e9 \u00e0 10 millions d\u2019euros.<\/p>\n<p><strong>Publi\u00e9 dans :<\/strong> <span>PSG : Pablo Sarabia<\/span><\/p>\n<\/div>\n<p>Auteur:<br \/>\n<a href=\"http:\/\/www.lebuteur.com\/article\/detail?titre=psg-sarabia-a-des-touches-en-espagne&#038;id=100133&#038;utm_source=feedburner&#038;utm_medium=feed&#038;utm_campaign=Feed%3A+GalerieFArtciles+%28Les+derniers+articles++-+lebuteur.com%29\">Cliquez ici pour lire l&rsquo;article depuis sa source.<\/a><\/p>\n","protected":false},"excerpt":{"rendered":"<p>Auteur : vendredi 21 mai 2021 18:30 Sous contrat jusqu\u2019en juin 2023 avec le\u00a0Paris Saint-Germain, l\u2019international espagnol aurait des touches en Liga. Selon Les-Transferts et Mundo Deportivo, quatre clubs ib\u00e9riques seraient pr\u00eats \u00e0 le relancer. Il s\u2019agit du FC Seville, l\u2019Atl\u00e9tico Madrid, Villarreal et la Real Sociedad. C\u00f4t\u00e9 transfert, le joueur serait estim\u00e9 \u00e0 10 [&hellip;]<\/p>\n","protected":false},"author":1738,"featured_media":0,"comment_status":"closed","ping_status":"closed","sticky":false,"template":"","format":"standard","meta":{"fifu_image_url":"\/\/cdn.lebuteur.com\/data\/images\/article\/thumbs\/large-psg-sarabia-a-des-touches-en-espagne-4736e.jpg","fifu_image_alt":"International : PSG : Sarabia a des touches en Espagne","footnotes":""},"categories":[53,75],"tags":[],"class_list":["post-117158","post","type-post","status-publish","format-standard","hentry","category-algerie","category-sport"],"_links":{"self":[{"href":"https:\/\/linitiative.ca\/International\/wp-json\/wp\/v2\/posts\/117158","targetHints":{"allow":["GET"]}}],"collection":[{"href":"https:\/\/linitiative.ca\/International\/wp-json\/wp\/v2\/posts"}],"about":[{"href":"https:\/\/linitiative.ca\/International\/wp-json\/wp\/v2\/types\/post"}],"author":[{"embeddable":true,"href":"https:\/\/linitiative.ca\/International\/wp-json\/wp\/v2\/users\/1738"}],"replies":[{"embeddable":true,"href":"https:\/\/linitiative.ca\/International\/wp-json\/wp\/v2\/comments?post=117158"}],"version-history":[{"count":0,"href":"https:\/\/linitiative.ca\/International\/wp-json\/wp\/v2\/posts\/117158\/revisions"}],"wp:attachment":[{"href":"https:\/\/linitiative.ca\/International\/wp-json\/wp\/v2\/media?parent=117158"}],"wp:term":[{"taxonomy":"category","embeddable":true,"href":"https:\/\/linitiative.ca\/International\/wp-json\/wp\/v2\/categories?post=117158"},{"taxonomy":"post_tag","embeddable":true,"href":"https:\/\/linitiative.ca\/International\/wp-json\/wp\/v2\/tags?post=117158"}],"curies":[{"name":"wp","href":"https:\/\/api.w.org\/{rel}","templated":true}]}}