{"id":117159,"date":"2021-05-21T15:14:21","date_gmt":"2021-05-21T19:14:21","guid":{"rendered":"https:\/\/linitiative.ca\/International\/international-real-un-accord-avec-mbappe-et-sa-famille\/"},"modified":"2021-05-21T15:14:21","modified_gmt":"2021-05-21T19:14:21","slug":"international-real-un-accord-avec-mbappe-et-sa-famille","status":"publish","type":"post","link":"https:\/\/linitiative.ca\/International\/international-real-un-accord-avec-mbappe-et-sa-famille\/","title":{"rendered":"International : Real : Un accord avec Mbapp\u00e9 et sa famille ?"},"content":{"rendered":"<div readability=\"32\">\n<p>Auteur : <span class=\"time\">vendredi 21 mai 2021 19:41<\/span><\/p>\n<\/div>\n<div id=\"post_core\" readability=\"51\">\n<p>Interrog\u00e9 sur le sujet dans une \u00e9mission de Canal+, l\u2019agent a \u00e9t\u00e9 loquace :<\/p>\n<p>\u00ab\u00a0Mon sentiment, c\u2019est plut\u00f4t qu\u2019il est partant. J\u2019ai aussi quelques infos, selon lesquelles Kylian Mbapp\u00e9 et sa famille auraient un accord avec le Real Madrid. Il y aurait un accord de principe du c\u00f4t\u00e9 du joueur, mais il faut aussi l\u2019accord du Paris Saint-Germain. Comme, manifestement, les Qataris et le Paris Saint-Germain n\u2019ont pas d\u00e9cid\u00e9 de se passer de Kylian Mbapp\u00e9, il pourrait tr\u00e8s bien aller au terme de son contrat et partir pour z\u00e9ro. L\u2019histoire nous a appris que si les dirigeants ou Doha ne souhaitent pas qu\u2019un joueur s\u2019en aille, ils le font rester jusqu\u2019au moment o\u00f9 il ne leur appartient plus.\u00a0\u00bb Des propos relay\u00e9s par Topmercato.<\/p>\n<p>Une possibilit\u00e9 cependant tr\u00e8s improbable, puisque la valeur marchande de Kylian Mbapp\u00e9 d\u00e9passe facilement les 150 millions d\u2019euros.<br \/>\u00a0<\/p>\n<p><strong>Publi\u00e9 dans :<\/strong> <span>real madrid<\/span><\/p>\n<\/div>\n<p>Auteur:<br \/>\n<a href=\"http:\/\/www.lebuteur.com\/article\/detail?titre=real-un-accord-avec-mbappe-et-sa-famille&#038;id=100134&#038;utm_source=feedburner&#038;utm_medium=feed&#038;utm_campaign=Feed%3A+GalerieFArtciles+%28Les+derniers+articles++-+lebuteur.com%29\">Cliquez ici pour lire l&rsquo;article depuis sa source.<\/a><\/p>\n","protected":false},"excerpt":{"rendered":"<p>Auteur : vendredi 21 mai 2021 19:41 Interrog\u00e9 sur le sujet dans une \u00e9mission de Canal+, l\u2019agent a \u00e9t\u00e9 loquace : \u00ab\u00a0Mon sentiment, c\u2019est plut\u00f4t qu\u2019il est partant. J\u2019ai aussi quelques infos, selon lesquelles Kylian Mbapp\u00e9 et sa famille auraient un accord avec le Real Madrid. Il y aurait un accord de principe du c\u00f4t\u00e9 [&hellip;]<\/p>\n","protected":false},"author":1738,"featured_media":0,"comment_status":"closed","ping_status":"closed","sticky":false,"template":"","format":"standard","meta":{"fifu_image_url":"\/\/cdn.lebuteur.com\/data\/images\/article\/thumbs\/large-real-un-accord-avec-mbappe-et-sa-famille-ea2ac.jpg","fifu_image_alt":"International : Real : Un accord avec Mbapp\u00e9 et sa famille ?","footnotes":""},"categories":[53,75],"tags":[],"class_list":["post-117159","post","type-post","status-publish","format-standard","hentry","category-algerie","category-sport"],"_links":{"self":[{"href":"https:\/\/linitiative.ca\/International\/wp-json\/wp\/v2\/posts\/117159","targetHints":{"allow":["GET"]}}],"collection":[{"href":"https:\/\/linitiative.ca\/International\/wp-json\/wp\/v2\/posts"}],"about":[{"href":"https:\/\/linitiative.ca\/International\/wp-json\/wp\/v2\/types\/post"}],"author":[{"embeddable":true,"href":"https:\/\/linitiative.ca\/International\/wp-json\/wp\/v2\/users\/1738"}],"replies":[{"embeddable":true,"href":"https:\/\/linitiative.ca\/International\/wp-json\/wp\/v2\/comments?post=117159"}],"version-history":[{"count":0,"href":"https:\/\/linitiative.ca\/International\/wp-json\/wp\/v2\/posts\/117159\/revisions"}],"wp:attachment":[{"href":"https:\/\/linitiative.ca\/International\/wp-json\/wp\/v2\/media?parent=117159"}],"wp:term":[{"taxonomy":"category","embeddable":true,"href":"https:\/\/linitiative.ca\/International\/wp-json\/wp\/v2\/categories?post=117159"},{"taxonomy":"post_tag","embeddable":true,"href":"https:\/\/linitiative.ca\/International\/wp-json\/wp\/v2\/tags?post=117159"}],"curies":[{"name":"wp","href":"https:\/\/api.w.org\/{rel}","templated":true}]}}