{"id":117162,"date":"2021-05-21T12:00:00","date_gmt":"2021-05-21T16:00:00","guid":{"rendered":"https:\/\/linitiative.ca\/International\/neji-ghandri\/"},"modified":"2021-05-21T12:00:00","modified_gmt":"2021-05-21T16:00:00","slug":"neji-ghandri","status":"publish","type":"post","link":"https:\/\/linitiative.ca\/International\/neji-ghandri\/","title":{"rendered":"N\u00e9ji Ghandri"},"content":{"rendered":"<p>Mr N\u00e9ji Ghandri, nomm\u00e9 le 27 avril 2021, Pr\u00e9sident du Directoire d\u2019Amen Bank<\/p>\n<p>Membre du Directoire d\u2019Amen Bank depuis 2012, promu en 2020 en tant que Directeur G\u00e9n\u00e9ral, Mr N\u00e9ji Ghandri, vient d\u2019\u00eatre nomm\u00e9 en avril 2021, Pr\u00e9sident du Directoire de la dite Banque.<\/p>\n<p>Mr Ghandri est dipl\u00f4m\u00e9 de l\u2019Ecole Nationale des Sciences Informatiques (ENSI), apr\u00e8s avoir obtenu le dipl\u00f4me d\u2019ing\u00e9nieur en Science Informatique en 1997. Durant ses 24 ann\u00e9es d\u2019exp\u00e9rience professionnelle dans le top management d\u2019Amen Bank, il y conduit avec succ\u00e8s la mise en place du Syst\u00e8me d\u2019Information d\u2019Amen Bank, sa strat\u00e9gie de digitalisation pour inventer la banque de demain, sans compter la refonte totale du m\u00e9tier de l\u2019International et celui de financement.De plus, Mr Ghandri a modernis\u00e9le management des diff\u00e9rents m\u00e9tiers et a assur\u00e9 le pilotage du programme de transformation organisationnelle de la Banque (projet NEXT), avec pour objectifs principaux de diversifier l\u2019activit\u00e9 et les sources de revenus d\u2019Amen Bank, de r\u00e9pondre aux attentes des clients, d\u2019assurer une bonne qualit\u00e9 de services, de garantir. une appr\u00e9ciation fine des risques et de ma\u00eetriser les co\u00fbts en axant sur la digitalisation.<\/p>\n<p>Par ailleurs, Mr N\u00e9ji Ghandri a \u00e9t\u00e9 \u00e9galement un acteur de premier plan dans des projets strat\u00e9giques autour de la modernisation du secteur bancaire tunisien et de la gestion de risque, \u00e0 savoir : la t\u00e9l\u00e9compensation bancaire, la mon\u00e9tique, le plan de renforcement institutionnel de la Banque (pilot\u00e9 par SFI) en termes de gouvernance et de gestion des risques.<\/p>\n<p>En outre, il \u00e9tait enseignant universitaire \u00e0 l\u2019Ecole Sup\u00e9rieure des Communications de Tunis \u00ab Sup\u2019Com \u00bb et \u00e0 l\u2019Ecole de l\u2019Aviation Militaire Borj Amri et membre des Conseils d\u2019Administration de la soci\u00e9t\u00e9 Tunisys et de la soci\u00e9t\u00e9 Ennakl.<\/p>\n<p>Auteur:<br \/>\n<a href=\"https:\/\/www.leaders.com.tn\/article\/31903-neji-ghandri\">Cliquez ici pour lire l&rsquo;article depuis sa source.<\/a><\/p>\n","protected":false},"excerpt":{"rendered":"<p>Mr N\u00e9ji Ghandri, nomm\u00e9 le 27 avril 2021, Pr\u00e9sident du Directoire d\u2019Amen Bank Membre du Directoire d\u2019Amen Bank depuis 2012, promu en 2020 en tant que Directeur G\u00e9n\u00e9ral, Mr N\u00e9ji Ghandri, vient d\u2019\u00eatre nomm\u00e9 en avril 2021, Pr\u00e9sident du Directoire de la dite Banque. Mr Ghandri est dipl\u00f4m\u00e9 de l\u2019Ecole Nationale des Sciences Informatiques (ENSI), [&hellip;]<\/p>\n","protected":false},"author":1772,"featured_media":0,"comment_status":"closed","ping_status":"closed","sticky":false,"template":"","format":"standard","meta":{"fifu_image_url":"","fifu_image_alt":"","footnotes":""},"categories":[73,55],"tags":[],"class_list":["post-117162","post","type-post","status-publish","format-standard","hentry","category-actualite","category-tunisie"],"_links":{"self":[{"href":"https:\/\/linitiative.ca\/International\/wp-json\/wp\/v2\/posts\/117162","targetHints":{"allow":["GET"]}}],"collection":[{"href":"https:\/\/linitiative.ca\/International\/wp-json\/wp\/v2\/posts"}],"about":[{"href":"https:\/\/linitiative.ca\/International\/wp-json\/wp\/v2\/types\/post"}],"author":[{"embeddable":true,"href":"https:\/\/linitiative.ca\/International\/wp-json\/wp\/v2\/users\/1772"}],"replies":[{"embeddable":true,"href":"https:\/\/linitiative.ca\/International\/wp-json\/wp\/v2\/comments?post=117162"}],"version-history":[{"count":0,"href":"https:\/\/linitiative.ca\/International\/wp-json\/wp\/v2\/posts\/117162\/revisions"}],"wp:attachment":[{"href":"https:\/\/linitiative.ca\/International\/wp-json\/wp\/v2\/media?parent=117162"}],"wp:term":[{"taxonomy":"category","embeddable":true,"href":"https:\/\/linitiative.ca\/International\/wp-json\/wp\/v2\/categories?post=117162"},{"taxonomy":"post_tag","embeddable":true,"href":"https:\/\/linitiative.ca\/International\/wp-json\/wp\/v2\/tags?post=117162"}],"curies":[{"name":"wp","href":"https:\/\/api.w.org\/{rel}","templated":true}]}}