{"id":117163,"date":"2021-05-21T12:41:00","date_gmt":"2021-05-21T16:41:00","guid":{"rendered":"https:\/\/linitiative.ca\/International\/ahmed-el-karm\/"},"modified":"2021-05-21T12:41:00","modified_gmt":"2021-05-21T16:41:00","slug":"ahmed-el-karm","status":"publish","type":"post","link":"https:\/\/linitiative.ca\/International\/ahmed-el-karm\/","title":{"rendered":"Ahmed El Karm"},"content":{"rendered":"<p><span class=\"c2\"><strong>A\/ &#8211; \u00c9tat civil<\/strong><\/span><\/p>\n<p><span class=\"c3\"><strong>Date et lieu de naissance:<\/strong><\/span> 21 F\u00e9vrier 1951 \u00e0 Tataouine\u00a0\u00a0 Tunisie<\/p>\n<p><span class=\"c3\"><strong>Situation familiale:<\/strong><\/span> Mari\u00e9, une fille \u00abINES\u00bb<\/p>\n<p><span class=\"c3\"><strong>Nationalit\u00e9:<\/strong><\/span> Tunisienne<\/p>\n<p><span class=\"c2\"><strong>B\/ &#8211; Dipl\u00f4mes universitaires<\/strong><\/span><\/p>\n<p><span class=\"c3\"><strong>1-<\/strong><\/span> Dipl\u00f4me d\u2019Etudes Sup\u00e9rieures en Techniques Bancaires \u2013 Institut Technique de Banque \u2013 Paris \u2013 1976<\/p>\n<p><span class=\"c3\"><strong>2-<\/strong><\/span> Licence En Sciences Economiques \u2013 Facult\u00e9 de Droit et de Sciences Economiques de Tunis \u2013 1972<\/p>\n<p><span class=\"c2\"><strong>C\/ &#8211; Carri\u00e8re professionnelle<\/strong><\/span><\/p>\n<p><span class=\"c4\"><strong>Carri\u00e8re<\/strong><\/span><\/p>\n<p><span class=\"c3\"><strong>1-<\/strong><\/span> D\u2019avril 2021 \u00e0 nos jours : Pr\u00e9sident du Conseil de Tunisie Leasing et Factoring<\/p>\n<p><span class=\"c3\"><strong>2-<\/strong><\/span> De janvier 2011 \u00e0 Avril 2021 : Pr\u00e9sident du Directoire d\u2019Amen Bank<\/p>\n<p><span class=\"c3\"><strong>3-<\/strong><\/span> De f\u00e9vrier 1993 \u00e0 janvier 2011 : Vice Pr\u00e9sident, Directeur G\u00e9n\u00e9ral d\u2019Amen Bank.<\/p>\n<p><span class=\"c3\"><strong>4-<\/strong><\/span> D\u2019avril 1990 \u00e0 F\u00e9vrier 1993 : Directeur G\u00e9n\u00e9ral des Changes et du Commerce Ext\u00e9rieur \u00e0 la Banque Centrale de Tunisie.<\/p>\n<p><span class=\"c3\"><strong>5<\/strong><strong>&#8211;<\/strong><\/span> De d\u00e9cembre 1987 \u00e0 Mars 1990 : Directeur du Cabinet de Monsieur le Gouverneur de la Banque Centrale de Tunisie.<\/p>\n<p><span class=\"c3\"><strong>6-<\/strong><\/span> De juin 1987 \u00e0 Novembre 1987 : Charg\u00e9 de Mission au Minist\u00e8re de l\u2019Equipement, de l\u2019Habitat et du Transport, Responsable de la Direction G\u00e9n\u00e9rale de Contr\u00f4le de Gestion et de la Direction des Etudes et de la Planification.<\/p>\n<p><span class=\"c3\"><strong>7-<\/strong><\/span> De novembre 1986 \u00e0 Mai 1987 : Chef de Cabinet du Ministre Directeur du Cabinet Pr\u00e9sidentiel et Ministre de la Fonction Publique et de la R\u00e9forme Administrative.<\/p>\n<p><span class=\"c3\"><strong>8-<\/strong><\/span> De Novembre 1972 \u00e0 Novembre 1986 : La Banque Centrale de Tunisie:<\/p>\n<p class=\"c5\"><span class=\"c3\"><strong>\u2022 Novembre 1972 \u2013 D\u00e9cembre 1973:<\/strong><\/span> cadre \u00e0 la Direction des Etudes Economiques,<\/p>\n<p class=\"c5\"><span class=\"c3\"><strong><span class=\"c3\"><strong>\u2022<\/strong><\/span> Janvier 1974 \u2013 Mars 1977:<\/strong><\/span> Responsable de la Section de la Pr\u00e9vision et de la Politique Mon\u00e9taire.<\/p>\n<p class=\"c5\"><span class=\"c3\"><strong>\u2022<\/strong><\/span> <span class=\"c3\"><strong>Avril 1977 \u2013 Ao\u00fbt 1980:<\/strong><\/span> Responsable du service de Contr\u00f4le des Banques de d\u00e9p\u00f4t et de D\u00e9veloppement,<\/p>\n<p class=\"c5\"><span class=\"c3\"><strong>\u2022<\/strong><\/span> <span class=\"c3\"><strong>Septembre 1980 \u2013 Janvier 1985:<\/strong><\/span> Sous-Directeur de l\u2019Organisation et de la Formation,<\/p>\n<p class=\"c5\"><span class=\"c3\"><strong>\u2022<\/strong><\/span> <span class=\"c3\"><strong>F\u00e9vrier 1985 \u2013 Novembre 1986:<\/strong><\/span> Directeur de l\u2019Organisation et des Participations,<\/p>\n<p><span class=\"c3\"><strong>9-<\/strong><\/span> De Juin 1972 \u2013 Octobre 1972 : l\u2019Office National du Tourisme Tunisien \u2013 Responsable de l\u2019enqu\u00eate sur l\u2019utilisation des services touristiques.<\/p>\n<p><span class=\"c4\"><strong>Administrateur<\/strong><\/span><\/p>\n<p><span class=\"c3\"><strong>1-<\/strong><\/span> Membre du Conseil de Surveillance d\u2019Amen Bank depuis Avril 2021.<\/p>\n<p><span class=\"c3\"><strong>2-<\/strong><\/span> Pr\u00e9sident du Conseil d\u2019Administration de la Soci\u00e9t\u00e9 SICAR AMEN depuis 1996.<\/p>\n<p><span class=\"c3\"><strong>3-<\/strong><\/span> Pr\u00e9sident du Conseil de surveillance d\u2019Alg\u00e9rie Leasing Maghreb depuis 1998.<\/p>\n<p><span class=\"c3\"><strong>4-<\/strong><\/span> Pr\u00e9sident du Conseil d\u2019Administration d\u2019Amen Capital depuis 2009.<\/p>\n<p><span class=\"c3\"><strong>5-<\/strong><\/span> Administrateur d\u2019Amen Project et de la Soci\u00e9t\u00e9 \u00abLe Recouvrement\u00bb<\/p>\n<p><span class=\"c3\"><strong>6-<\/strong><\/span> Administrateur d\u2019Alios et TLG Leasing<\/p>\n<p><span class=\"c3\"><strong>7-<\/strong><\/span> Ancien administrateur de la BNDT, de la STUSID, de l\u2019Office de Vins et de la COMAR.<\/p>\n<p><span class=\"c3\"><strong>8-<\/strong><\/span> Ancien Pr\u00e9sident de l\u2019Association Professionnelle Tunisienne des Banques et des Etablissements Financiers.<\/p>\n<p><span class=\"c3\"><strong>9-<\/strong><\/span> Ancien Pr\u00e9sident du Conseil d\u2019Administration de l\u2019Acad\u00e9mie de Formation Bancaire.<\/p>\n<p><span class=\"c3\"><strong>10-<\/strong><\/span> Ancien Pr\u00e9sident du Conseil d\u2019Administration de la SIBTEL.<\/p>\n<p><span class=\"c3\"><strong>11-<\/strong><\/span> Ancien Membre du Conseil d\u2019Administration de l\u2019Union des Banques Arabes.<\/p>\n<p><span class=\"c3\"><strong>12-<\/strong><\/span> Pr\u00e9sident du Conseil d\u2019Administration de l\u2019Union des Banques Maghr\u00e9bines.<\/p>\n<p><span class=\"c3\"><strong>13-<\/strong><\/span> Administrateur de l\u2019Autorit\u00e9 Tunisienne d\u2019Investissement.<\/p>\n<p><span class=\"c2\"><strong>D\/ &#8211; Missions officielles et colloques<\/strong><\/span><\/p>\n<p><span class=\"c3\"><strong>1-<\/strong><\/span> Participation \u00e0 de nombreuses d\u00e9l\u00e9gations officielles dans le cadre des n\u00e9gociations bilat\u00e9rales de coop\u00e9ration avec des pays amis de la Tunisie.<\/p>\n<p><span class=\"c3\"><strong>2-<\/strong><\/span> Participations et animation de nombreux s\u00e9minaires et colloques \u00e0 l\u2019\u00e9tranger notamment ceux organis\u00e9s par le Fonds Mon\u00e9taire International (F.M.I.), la Banque Internationale pour la Reconstruction et la D\u00e9veloppement (BIRD), la Fondation Italienne (FINAFRICA) et le Fonds Mon\u00e9taire Arabe (FMA), l\u2019Institut Mondial des Caisses d\u2019Epargne.<\/p>\n<p><span class=\"c3\"><strong>3-<\/strong><\/span> Co-Pr\u00e9sident Maghr\u00e9bin du groupe de travail \u00ab Institution Financi\u00e8re R\u00e9gionale \u00bb d\u00e9cid\u00e9 par les Ministres des Affaires Etrang\u00e8res dans le cadre du dialogue \u00ab 5 + 5 \u00bb de la M\u00e9diterran\u00e9e Occidentale.<\/p>\n<p><span class=\"c3\"><strong>4-<\/strong><\/span> Rapporteur de la commission sectorielle \u00ab D\u00e9veloppement du syst\u00e8me financier \u00bb cr\u00e9\u00e9e pour pr\u00e9parer le VIII Plan 1992-1996.<\/p>\n<p><span class=\"c3\"><strong>5-<\/strong><\/span> Directeur du \u00ab Forum M\u00e9diterran\u00e9en de l\u2019innovation Financi\u00e8re \u00bb.<\/p>\n<p><span class=\"c3\"><strong>6-<\/strong><\/span> Pr\u00e9sident de la Commission \u00ab Vers un dinars convertibles \u00bb cr\u00e9\u00e9e pour pr\u00e9parer le X\u00a0 Plan 2006-2010.<\/p>\n<p><span class=\"c3\"><strong>7-<\/strong><\/span> Participation aux r\u00e9unions pr\u00e9paratoires relatives \u00e0 l\u2019accord d\u2019association entre la Tunisie\u00a0 et l\u2019Union Europ\u00e9enne.<\/p>\n<p><span class=\"c2\"><strong>E\/ &#8211; Principaux travaux professionnels<\/strong><\/span><\/p>\n<p><span class=\"c4\"><strong>Economie et Monnaie<\/strong><\/span><\/p>\n<p><span class=\"c3\"><strong>1-<\/strong><\/span> Notes sur l\u2019\u00e9volution du secteur du Tourisme en Tunisie : 1972.<\/p>\n<p><span class=\"c3\"><strong>2-<\/strong><\/span> Notes sur la conjoncture internationale et les march\u00e9s\u00a0 de changes : 1973 \u2013 1974.<\/p>\n<p><span class=\"c3\"><strong>3-<\/strong><\/span> Notes sur la Politique Mon\u00e9taire, la conjoncture Mon\u00e9taire et la distribution des cr\u00e9dits en Tunisie : 1975 &#8211; 1976 \u2013 1977 \u2013 1978 \u2013 1979.<\/p>\n<p><span class=\"c3\"><strong>4-<\/strong><\/span> Etablissement d\u2019un recueil des textes r\u00e9glementaires traitant de la monnaie et de cr\u00e9dit : 1978.<\/p>\n<p><span class=\"c3\"><strong>5-<\/strong><\/span> Elaboration d\u2019un mod\u00e8le \u00e9conom\u00e9trique de pr\u00e9vision de l\u2019\u00e9quilibre mon\u00e9taire et financier en Tunisie : 1978 \u2013 1979.<\/p>\n<p><span class=\"c3\"><strong>6-<\/strong><\/span> Notes\u00a0 sur\u00a0 le\u00a0 contr\u00f4le\u00a0 de\u00a0 l\u2019activit\u00e9\u00a0 des\u00a0 banques\u00a0 et\u00a0 l\u2019analyse\u00a0 de\u00a0 leurs\u00a0 situations \u00a0\u00a0\u00a0 \u00a0 comptables et financi\u00e8res.<\/p>\n<p><span class=\"c3\"><strong>7-<\/strong><\/span> R\u00e9alisation d\u2019une \u00e9tude \u00e9conomique sur les taux d\u2019int\u00e9r\u00eat en Tunisie : 1977 \u2013 1978.<\/p>\n<p><span class=\"c3\"><strong>8-<\/strong><\/span> Conception et r\u00e9daction de plusieurs textes r\u00e9glementaires r\u00e9gissant la politique mon\u00e9taire et les conditions d\u2019activit\u00e9 des banques de d\u00e9p\u00f4t et de d\u00e9veloppement : 1974\u00a0 &#8211; 1986.<\/p>\n<p><span class=\"c3\"><strong>9-<\/strong><\/span> Contribution \u00e0 la formulation de la strat\u00e9gie de la r\u00e9forme financi\u00e8re dans le cadre du plan d\u2019ajustement structurel de l\u2019Economie Tunisienne.<\/p>\n<p><span class=\"c3\"><strong>10-<\/strong><\/span> Conception et r\u00e9daction de plusieurs textes r\u00e9glementaires visant l\u2019assouplissement du contr\u00f4le\u00a0 des changes.\u00a0\u00a0\u00a0\u00a0\u00a0\u00a0\u00a0\u00a0\u00a0<\/p>\n<p><span class=\"c3\"><strong>11-<\/strong><\/span> Contribution aux \u00e9tudes et initiatives visant l\u2019introduction du capital-risque en Tunisie.<\/p>\n<p><span class=\"c3\"><strong>12-<\/strong><\/span> Contribution \u00e0 la d\u00e9finition de la strat\u00e9gie et du contenu du programme de la convertibilit\u00e9 du dinar.<\/p>\n<p><span class=\"c4\"><strong>Organisation et Formation<\/strong><\/span><\/p>\n<p><span class=\"c3\"><strong>1-<\/strong><\/span> Etudes sur l\u2019organisation des services de la Banque Centrale de Tunisie.<\/p>\n<p><span class=\"c3\"><strong>2-<\/strong><\/span> Elaboration des fiches d\u2019instruction pour la d\u00e9concentration des pouvoirs de la Banque Centrale sur ses agences de l\u2019int\u00e9rieur.<\/p>\n<p><span class=\"c3\"><strong>3-<\/strong><\/span> Elaboration des programmes de formation des agents de la Banque Centrale.<\/p>\n<p><span class=\"c3\"><strong>4-<\/strong><\/span> Organisation et suivi des concours internes et externes pour le recrutement des agents de la Banque Centrale.<\/p>\n<p><span class=\"c3\"><strong>5-<\/strong><\/span> Coordination des travaux du Comit\u00e9 Informatique de la Banque Centrale charg\u00e9 de concevoir et d\u2019appliquer la politique de la Banque en mati\u00e8re de strat\u00e9gie informatique des applications et du choix des \u00e9quipements informatiques.<\/p>\n<p><span class=\"c3\"><strong>6-<\/strong><\/span> Pr\u00e9paration et r\u00e9alisation de plusieurs s\u00e9minaires internes pour les cadres de la Banque Centrale.<\/p>\n<p><span class=\"c3\"><strong>7-<\/strong><\/span> Conception, r\u00e9alisation et animation des s\u00e9minaires destin\u00e9s aux cadres de la Banque Centrale et des Banques et inscrits dans le programme national de formation des cadres : s\u00e9minaires sur l\u2019\u00e9tude \u00e9conomique et financi\u00e8re des projets, la gestion des banques de d\u00e9veloppement, le leasing, la m\u00e9thodologie d\u2019\u00e9laboration de la balance de paiements, les nouveaux produits et instruments financiers, la conduite de la politique mon\u00e9taire et de change, la mon\u00e9tique , etc \u2026 Certains de ces s\u00e9minaires ont \u00e9t\u00e9 organis\u00e9s en collaboration avec le PNUD, la BIRD, le FMI, la Banque Islamique de d\u00e9veloppement (BID), le Fonds Mon\u00e9taire Arabe (FMA), l\u2019Institut Mondial des Caisse d\u2019Epargne, la Chambre de Commerce de Barcelone, la Fondation Fredrich Nauman.<\/p>\n<p><span class=\"c3\"><strong>8-<\/strong><\/span> Responsable du comit\u00e9 charg\u00e9 d\u2019assurer la connexion de la Tunisie au r\u00e9seau international de transmission des messages (SWIFT).<\/p>\n<p><span class=\"c3\"><strong>9-<\/strong><\/span> Contribution \u00e0 la promotion\u00a0 en Tunisie des cartes de paiement et des diff\u00e9rentes fonctions de la mon\u00e9tique.<\/p>\n<p><span class=\"c4\"><strong>Conseil et coordination<\/strong><\/span><\/p>\n<p><span class=\"c3\"><strong>1-<\/strong><\/span> Pr\u00e9paration des dossiers des questions inscrites \u00e0 l\u2019ordre du jour des r\u00e9unions des conseils des Ministres, des conseils interminist\u00e9riels et de la Chambre des d\u00e9put\u00e9s.<\/p>\n<p><span class=\"c3\"><strong>2-<\/strong><\/span> Pr\u00e9paration du dossier du Conseil d\u2019Administration de la Banque Centrale de Tunisie.<\/p>\n<p><span class=\"c3\"><strong>3-<\/strong><\/span> Pr\u00e9paration des projets de discours et d\u2019interventions des premiers responsables.<\/p>\n<p><span class=\"c2\"><strong>F<\/strong><\/span><span class=\"c2\"><strong><span class=\"c2\"><strong>\/<\/strong><\/span> \u2013 Publications: A titre indicatif<\/strong><\/span><\/p>\n<p><span class=\"c3\"><strong>1-<\/strong><\/span> Etude \u00ab Politique Mon\u00e9taire et Croissance Economique en Tunisie \u00bb publi\u00e9e dans l\u2019ouvrage \u00ab Politiques \u00e9conomiques croissance et \u00e9quilibres ext\u00e9rieurs\u00a0 dans les pays du Maghreb \u00bb\u00a0 \u00e9dit\u00e9 par le Fonds Mon\u00e9taire International, Washington, USA. 1988. Cette \u00e9tude a \u00e9t\u00e9 publi\u00e9e \u00e9galement au bulletin de l\u2019Association des Agents de Change, n\u00b0 13 et 14, Octobre 1986.<\/p>\n<p><span class=\"c3\"><strong>2-<\/strong><\/span> Etude \u00ab R\u00e9forme du r\u00e9gime des Banques Off-Shore \u00bb publi\u00e9e \u00e0 la revue \u00ab Finance et d\u00e9veloppement du Maghreb \u00bb, n\u00b0 1 \u2013 Janvier 1987.<\/p>\n<p><span class=\"c3\"><strong>3-<\/strong><\/span> Etude \u00ab Syst\u00e8me de garantie des cr\u00e9dits \u00e0 la petite et moyenne entreprise \u00bb publi\u00e9e \u00e0 la revue \u00ab Finance et D\u00e9veloppement du Maghreb \u00bb, n\u00b0 2 \u2013 D\u00e9cembre 1987.<\/p>\n<p><span class=\"c3\"><strong>4-<\/strong><\/span> Article \u00ab\u00a0 La Privatisation : Th\u00e8me et Variations \u00bb publi\u00e9 au Journal : La Presse, D\u00e9cembre 1987.<\/p>\n<p><span class=\"c3\"><strong>5-<\/strong><\/span> Articles \u00ab\u00a0 La dimension \u00e9conomique du pacte National \u00bb et \u00ab La d\u00e9mocratie et le pacte national \u00bb publi\u00e9s au journal La Presse, Novembre 1988.<\/p>\n<p><span class=\"c3\"><strong>6-<\/strong><\/span> Etude \u00ab Strat\u00e9gie pour le d\u00e9veloppement de la Mon\u00e9tique en Tunisie et au Maghreb \u00bb publi\u00e9e \u00e0 la revue \u00ab Finance et D\u00e9veloppement du Maghreb \u00bb, n\u00b04, Septembre 1989.<\/p>\n<p><span class=\"c3\"><strong>7-<\/strong><\/span> Etude \u00ab la Strat\u00e9gie de la Lib\u00e9ration Financi\u00e8re Externe en Tunisie \u00bb, publi\u00e9e dans l\u2019ouvrage \u00ab Epargne et d\u00e9veloppement dans les pays du Maghreb \u00bb \u00e9dit\u00e9e par l\u2019IFID en 1990. Un r\u00e9sum\u00e9 de cette \u00e9tude a \u00e9t\u00e9 repris \u00e0 la revue \u00ab March\u00e9s Tropicaux et M\u00e9dit\u00e9rran\u00e9ens \u00bb Paris n\u00b0 2313 \u2013 Mars 1990, \u00e0 la Revue \u00abMaghreb \u00bb &#8211; Avril 1990, \u00e0 la revue \u00ab Les Banques Arabes \u00bb \u00e9dit\u00e9e par l\u2019Union des Banques Arabes, n\u00b0 121, Janvier 1991 et \u00e0 \u00ab l\u2019Hebdo-Touristique \u00bb dans plusieurs num\u00e9ros parus aux mois de Septembre et Octobre 1991.<\/p>\n<p><span class=\"c3\"><strong>8-<\/strong><\/span> Article \u00ab Les relations Europe-Maghreb : les incertitudes, les inqui\u00e9tudes et les espoirs \u00bb publi\u00e9 \u00e0 la revue \u00ab R\u00e9alit\u00e9s \u00bb n\u00b0 239 6 Mars 1990.<\/p>\n<p><span class=\"c3\"><strong>9-<\/strong><\/span> Article \u2018Les exportateurs, les banquiers et la guerre \u00e9conomique\u2019 publi\u00e9 \u00e0 la revue \u2018l\u2019\u00e9conomiste Maghr\u00e9bin\u2019, n\u00b0 4 Juin 1990.<\/p>\n<p><span class=\"c3\"><strong>10-<\/strong><\/span> Interview \u2018Un Maghreb performant\u2019 donn\u00e9e \u00e0 la revue\u00a0 \u2018Information Economique Africaine\u2019, n\u00b0 201, juin 1990.<\/p>\n<p><span class=\"c3\"><strong>11-<\/strong><\/span> Etude \u2018L\u2019introduction du capital-risque en Tunisie\u2019 publi\u00e9e \u00e0 la revue \u2018Communication et Informatique\u2019 n\u00b0 31, Juin 1990.<\/p>\n<p><span class=\"c3\"><strong>12-<\/strong><\/span> Etude \u2018la politique mon\u00e9taire et financi\u00e8re et l\u2019emploi\u2019 publi\u00e9e dans l\u2019ouvrage\u00a0 \u2018politique de l\u2019emploi en Tunisie\u2019 \u00e9dit\u00e9 par l\u2019IFID en 1990.<\/p>\n<p><span class=\"c3\"><strong>13-<\/strong><\/span> Etude \u2018la politique financi\u00e8re en Tunisie et la perspective de l\u2019UMA\u2019 publi\u00e9e \u00e0 la revue \u2018Technique Financi\u00e8res et d\u00e9veloppement\u2019, Paris, n\u00b0 20, Septembre 1990.<\/p>\n<p><span class=\"c3\"><strong>14-<\/strong><\/span> Etude \u2018la politique mon\u00e9taire : mutation et renouveau\u2019 publi\u00e9e \u00e0 la revue \u00ab Finances et d\u00e9veloppement du Maghreb\u2019, n\u00b0 7, 1990.<\/p>\n<p><span class=\"c3\"><strong>15-<\/strong><\/span> Etude \u2018la privatisation : une option essentielle de la strat\u00e9gie tunisienne de lib\u00e9ralisation\u2019 publi\u00e9e \u00e0 la revue \u2018March\u00e9s Tropicaux et M\u00e9diterran\u00e9ens\u2019, Paris, n\u00b0 2349, Novembre 1990.<br \/>Cette \u00e9tude a \u00e9t\u00e9 reprise \u00e0 la revue \u2018l\u2019\u00e9conomiste maghr\u00e9bin\u2019 n\u00b017, D\u00e9cembre 1986.<\/p>\n<p><span class=\"c3\"><strong>16-<\/strong><\/span> Etude \u2018le syst\u00e8me bancaire et financier tunisien\u2019 publi\u00e9e \u00e0 la revue \u2018March\u00e9s tropicaux et M\u00e9diterran\u00e9ens\u2019, Paris n\u00b0 2349, Novembre 1990.<\/p>\n<p><span class=\"c3\"><strong>17-<\/strong><\/span> Etude \u2018Strat\u00e9gie pour la promotion de la PME en Tunisie\u2019 publi\u00e9e \u00e0 la revue \u2018Finances et d\u00e9veloppement du Maghreb\u2019 n\u00b0 8, 1990. Un r\u00e9sum\u00e9 de cette \u00e9tude a \u00e9t\u00e9 repris sous l\u2019intitul\u00e9 \u2018Des m\u00e9canismes se mettent en place\u2019 au journal \u2018La Presse\u2019, Septembre 1992.<\/p>\n<p><span class=\"c3\"><strong>18-<\/strong><\/span> Etude \u2018Deux pr\u00e9alables pour un dinar convertible\u2019 publi\u00e9e \u00e0 la revue \u2018l\u2019Economiste Maghr\u00e9bin\u2019 F\u00e9vrier 1991.<\/p>\n<p><span class=\"c3\"><strong>19-<\/strong><\/span> Interview au quotidien \u2018Essabah\u2019 : \u2018 La convertibilit\u00e9 du dinar est un couronnement des r\u00e9formes structurelles\u2019 Mars 1991.<\/p>\n<p><span class=\"c3\"><strong>20-<\/strong><\/span> Interview au quotidien \u2018Essabah\u2019 : \u2018Il est n\u00e9cessaire de d\u00e9velopper les structures de la coop\u00e9ration m\u00e9diterran\u00e9enne\u2019, Mai 1991.<\/p>\n<p><span class=\"c3\"><strong>21-<\/strong><\/span> Etude \u2018l\u2019Economie Tunisienne et les Opportunit\u00e9s d\u2019investissement Espagnols\u2019 publi\u00e9e au \u2018Boletin Economico Information Commercial Espanola\u2019, Juin 1991.<\/p>\n<p><span class=\"c3\"><strong>22-<\/strong><\/span> Etude \u2018Perspectives et strat\u00e9gie de Coop\u00e9ration CEE-UMA\u2019 publi\u00e9e \u00e0 la revue \u2018l\u2019Economiste Maghr\u00e9bin\u2019 Ao\u00fbt 1991.<\/p>\n<p><span class=\"c3\"><strong>23-<\/strong><\/span> Etude \u2018Strat\u00e9gies bancaires pour demain\u2019 publi\u00e9e \u00e0 la revue \u2018l\u2019Economiste Maghr\u00e9bin\u2019 Janvier 1992. Des \u00e9l\u00e9ments de cette \u00e9tude ont \u00e9t\u00e9 repris dans l\u2019article \u00ab la banque tunisienne \u00e0 l\u2019heure de red\u00e9ploiement\u2019 publi\u00e9 \u00e0 la revue \u2018R\u00e9alit\u00e9s\u2019 n\u00b0 358, Juillet 1992.<\/p>\n<p><span class=\"c3\"><strong>24-<\/strong><\/span> Etude \u2018Les m\u00e9canismes mon\u00e9taires et financiers de l\u2019int\u00e9gration r\u00e9gionale maghr\u00e9bine et m\u00e9diterran\u00e9enne\u2019 publi\u00e9e au quotidien \u2018 le Renouveau\u2019, Janvier 1992. Cette \u00e9tude a \u00e9t\u00e9 reprise \u00e0 la revue \u2018March\u00e9s Tropicaux et M\u00e9diterran\u00e9ens\u2019 n\u00b0 2415, F\u00e9vrier 1992 et \u00e0 la revue \u2018Finances et D\u00e9veloppement au Maghreb\u2019 n\u00b0 11, Ao\u00fbt 1992.<\/p>\n<p><span class=\"c3\"><strong>25-<\/strong><\/span> Etude \u2018Convertibilit\u00e9 et int\u00e9gration maghr\u00e9bine\u2019 publi\u00e9e \u00e0 la revue \u2018La Tunisie Economique \u00bb n\u00b0 18, F\u00e9vrier 1992. Cette \u00e9tude a \u00e9t\u00e9 reprise \u00e0 la revue \u2018Finance et d\u00e9veloppement du Maghreb\u2019 n\u00b0 10, F\u00e9vrier 1992, \u00e0 la revue \u2018L\u2019Economiste Maghr\u00e9bin\u2019 n\u00b0 49, Mars 1992 sous le titre \u00ab Une Strat\u00e9gie pour la convertibilit\u00e9 du dinars tunisien \u00bb et \u00e0 la revue \u2018March\u00e9s Tropicaux et M\u00e9diterran\u00e9ens\u2019 n\u00b0 2418, Mars 1992.<br \/>Un r\u00e9sum\u00e9 de cette \u00e9tude a \u00e9t\u00e9 publi\u00e9 \u00e0 la revue \u2018C.F.M. M\u00e9diterran\u00e9e d\u00e9veloppement\u2019 n\u00b0 4, Ao\u00fbt 1992. L\u2019Etude a \u00e9t\u00e9 publi\u00e9e \u00e9galement dans les cahiers du Centre d\u2019Economie Bancaire Internationales Sorbonne, Paris, d\u00e9cembre 1992.<\/p>\n<p><span class=\"c3\"><strong>26-<\/strong><\/span> Interview\u00a0 \u00e0 la revue \u2018Leaders IHEC\u2019 sur les questions de la r\u00e9forme financi\u00e8re, de la convertibilit\u00e9 et de l\u2019int\u00e9gration financi\u00e8re et mon\u00e9taire maghr\u00e9bine, n\u00b0 2, F\u00e9vrier 1992.<\/p>\n<p><span class=\"c3\"><strong>27-<\/strong><\/span> Interview au quotidien \u2018Essabah\u2019 : \u2018Le Capital-risque un outil de promotion des projets\u2019, Mars 1992.<\/p>\n<p><span class=\"c3\"><strong>28-<\/strong><\/span> S\u00e9rie d\u2019articles sur la \u2018Strat\u00e9gie de d\u00e9veloppement de l\u2019Economie Tunisienne\u2019 publi\u00e9s \u00e0 la revue \u2018March\u00e9s Tropicaux et M\u00e9diterran\u00e9ens\u2019, n\u00b0 2437, Juillet 1992.<\/p>\n<p><span class=\"c3\"><strong>29-<\/strong><\/span> Etude \u2018La probl\u00e9matique de la cr\u00e9ation d\u2019une zone \u00e9conomique int\u00e9gr\u00e9e Euro-maghr\u00e9bine\u2019 publi\u00e9e \u00e0 la revue \u2018La Tunisie Economique\u2019, n\u00b0 241, Septembre 1992. Cette \u00e9tude a \u00e9t\u00e9 reprise par le Journal \u2018Le\u00a0 Renouveau\u2019 dans le cadre de son \u00e9dition sp\u00e9ciale \u00e0 l\u2019occasion du cinqui\u00e8me anniversaire du\u00a0 7 Novembre. Elle a \u00e9t\u00e9 \u00e9galement reprise par la revue \u2018March\u00e9s Tropicaux et M\u00e9dit\u00e9rran\u00e9ens\u2019 n\u00b0 2447, Octobre 1992.\u00a0<\/p>\n<p><span class=\"c3\"><strong>30-<\/strong><\/span> Etude \u2018La mobilisation de l\u2019\u00e9pargne en Tunisie\u2019, publi\u00e9e \u00e0 la revue \u2018C.F.M. M\u00e9diterran\u00e9e d\u00e9veloppement\u2019,\u00a0\u00a0 n\u00b04 Ao\u00fbt\u00a0 1992.<\/p>\n<p><span class=\"c3\"><strong>31-<\/strong><\/span> Etude \u2018Pour un centre m\u00e9diterran\u00e9en de la formation financi\u00e8re dans les pays du Maghreb \u00bb publi\u00e9e \u00e0 la\u00a0 revue \u2018l\u2019Economiste maghr\u00e9bin\u2019, n\u00b0 62, Septembre 1992.<\/p>\n<p><span class=\"c3\"><strong>32-<\/strong><\/span> Article \u2018Nous n\u2019avons pas d\u2019autres choix que de rester dans l\u2019espace\u00a0 \u00e9conomique\u00a0 international\u2019 publi\u00e9 au journal Essabah, Octobre\u00a0 1992.<\/p>\n<p><span class=\"c3\"><strong>33-<\/strong><\/span> Etude \u2018 La comp\u00e9titivit\u00e9\u00a0\u00a0 est\u00a0\u00a0 \u00e0\u00a0\u00a0 rechercher\u00a0\u00a0 dans la\u00a0\u00a0 sph\u00e8re\u00a0\u00a0 r\u00e9elle\u00a0\u00a0\u00a0\u00a0 de\u00a0\u00a0\u00a0 l\u2019\u00e9conomie\u2019 publi\u00e9e \u00e0 la\u00a0 revue \u2018L\u2019Economiste maghr\u00e9bin\u2019, n\u00b0 64, Octobre 1992. Des \u00e9l\u00e9ments de cette \u00e9tude ont \u00e9t\u00e9 repris dans des articles\u00a0 publi\u00e9s au journal \u2018Tunis Hebdo\u2019, Octobre 1992 sous l\u2019intitul\u00e9 \u2018Le dinar face \u00e0 la crise mon\u00e9taire europ\u00e9enne\u2019 et au journal \u2018Essabah\u2019, Novembre 1992.<\/p>\n<p><span class=\"c3\"><strong>34-<\/strong><\/span> Etude \u2018Points francs \u2026 Zones franches\u2019 publi\u00e9e \u00e0 la revue \u2018Le Diplomate\u2019, n\u00b0 8, Octobre 1992. Cette \u00e9tude\u00a0 a \u00e9t\u00e9 reprise \u00e0 la revue \u2018La Tunisie Economique\u2019 n\u00b0 28, Janvier 1993.<\/p>\n<p><span class=\"c3\"><strong>35-<\/strong><\/span> Etude \u2018Tunisie\u2026 et les d\u00e9fis\u2019 publi\u00e9e en langue arabe \u00e0 la revue \u2018L\u2019\u00e9conomie et les<br \/>affaires\u2019 D\u00e9cembre 1992.<\/p>\n<p><span class=\"c3\"><strong>36-<\/strong><\/span> Etude \u2018L\u2019Entreprise tunisienne et la comp\u00e9titivit\u00e9 internationale\u2019 publi\u00e9e \u00e0 la revue \u2018CFM M\u00e9diterran\u00e9e D\u00e9veloppement\u2019 n\u00b0 5, Novembre 1998. Elle a \u00e9t\u00e9 reprise par la revue\u2018L\u2019observateur\u2019 n\u00b0 1, Janvier 1993.<\/p>\n<p><span class=\"c3\"><strong>37-<\/strong><\/span>\u00a0 R\u00e9dacteur des chapitres relatifs \u00e0 la r\u00e9glementation mon\u00e9taire et financi\u00e8re \u00e0 l\u2019\u00e9volution de la situation des banques de d\u00e9p\u00f4t et d\u2019investissement du rapport\u00a0 annuel de l\u2019Association Professionnelle des Banques\u00a0 de 1986 \u00e0 1991.<\/p>\n<p><span class=\"c3\"><strong>38-<\/strong><\/span> Article \u00ab La Convertibilit\u00e9 du dinar tunisien \u00bb publi\u00e9 \u00e0 la revue des sciences administratives, au quotidien\u00a0 \u00ab Le Renouveau \u00bb, d\u00e9cembre 1993, et au quotidien \u00ab La Presse \u00bb Janvier 1994.<\/p>\n<p><span class=\"c3\"><strong>39-<\/strong><\/span> S\u00e9rie d\u2019interviews sur \u2018Les n\u00e9gociation de l\u2019Uruguay Round et l\u2019Economie Tunisienne\u2019 aux quotidiens et\u00a0 revues \u2018Essabah\u2019 , D\u00e9cembre 1993,\u00a0 \u2018R\u00e9alit\u00e9s\u2019 n\u00b0 99, Janvier 1994.<\/p>\n<p><span class=\"c3\"><strong>40-<\/strong><\/span> Etude \u00ab Le syst\u00e8me bancaire et financier en Tunisie\u2019 \u00e0 la revue \u2018Le Diplomate\u2019 n\u00b013, D\u00e9cembre 1993.<\/p>\n<p><span class=\"c3\"><strong>41-<\/strong><\/span> Interview \u2018Le taux d\u2019int\u00e9r\u00eat en USA et le taux de change du dollar\u2019 au quotidien \u2018Essabah\u2019, Janvier 1994<\/p>\n<p><span class=\"c3\"><strong>42-<\/strong><\/span> Interview \u2018La convertibilit\u00e9 du dinar est une gage de cr\u00e9dibilit\u00e9 de la politique \u00e9conomique tunisienne\u2019 publi\u00e9e \u00e0 la revue \u2018Le courrier de l\u2019industrie\u2019, n\u00b0 64, Avril 1993<\/p>\n<p><span class=\"c3\"><strong>43-<\/strong><\/span> Interview \u00e0 la revue \u2018Les march\u00e9s du Golfe\u2019 parue \u00e0 l\u2019Emirat de Quatar, Mai 1991.<\/p>\n<p><span class=\"c3\"><strong>44-<\/strong><\/span> Interview \u2018Les cons\u00e9quences de la crise mon\u00e9taire europ\u00e9enne\u2019, l\u2019opinion publique, Ao\u00fbt 1993.<\/p>\n<p><span class=\"c3\"><strong>45-<\/strong><\/span> Conf\u00e9rence sur \u2018La place des question mon\u00e9taires dans les relations internationales\u2019, prononc\u00e9e \u00e0 l\u2019Institut des Etudes Internationales, Novembre 1993. Des \u00e9l\u00e9ments de cette conf\u00e9rence ont \u00e9t\u00e9 repris par les quotidiens \u2018Opinion Publique\u2019, D\u00e9cembre 1993 et \u2018Essabah\u2019.<\/p>\n<p><span class=\"c3\"><strong>46-<\/strong><\/span> Interview \u2018La Tunisie \u2026 un b\u00e9b\u00e9 dragon\u2019 au quotidien \u2018Le Renouveau\u2019, d\u00e9cembre 1993.<\/p>\n<p><span class=\"c3\"><strong>47-<\/strong><\/span> Interview sur des questions bancaires, \u00e9conomiques et des relations internationales donn\u00e9e \u00e0 la \u2018Revue de l\u2019Entreprise\u2019 n\u00b0 8, D\u00e9cembre 1993.<\/p>\n<p><span class=\"c3\"><strong>48-<\/strong><\/span> Interview \u2018La baisse des taux d\u2019int\u00e9r\u00eat est un stimulant pour l\u2019investissement, donn\u00e9e au quotidien \u2018La Presse\u2019, novembre 1993.<\/p>\n<p><span class=\"c3\"><strong>49-<\/strong><\/span> Articles \u2018Les missions des banques d\u2019affaires\u2019, donn\u00e9e au quotidien \u2018l\u2019opinion publique\u2019, novembre 1993.<\/p>\n<p><span class=\"c3\"><strong>50-<\/strong><\/span> Interview \u2018le r\u00f4le des banques dans l\u2019\u00e8re nouvelle\u2019 donn\u00e9e au quotidien \u2018Echourouk\u2019, Novembre 1993.<\/p>\n<p><span class=\"c3\"><strong>51-<\/strong><\/span> Plusieurs autres \u00e9tudes et travaux touchant les domaines de la monnaie, de la Banque, de la coop\u00e9ration internationale et des nouvelles technologies de l\u2019information.<\/p>\n<p><span class=\"c2\"><strong>G<\/strong><\/span><span class=\"c2\"><strong><span class=\"c2\"><strong>\/<\/strong><\/span> \u2013 Enseignement<\/strong><\/span><\/p>\n<p><span class=\"c3\"><strong>1-<\/strong><\/span> Charg\u00e9 des cours de techniques bancaires et d\u2019\u00e9conomie mon\u00e9taire au Centre Professionnel de la Formation Bancaire en Tunisie.<\/p>\n<p><span class=\"c3\"><strong>2-<\/strong><\/span> Charg\u00e9 du cours de la r\u00e9glementation financi\u00e8re au cycle sup\u00e9rieur (Enseignement post universitaire) de l\u2019Ecole Nationale d\u2019Administration.<\/p>\n<p><span class=\"c3\"><strong>3-<\/strong><\/span> Charg\u00e9 des cours du syst\u00e8me financier tunisien et du cours de strat\u00e9gie bancaire \u00e0 l\u2019institut Tuniso Alg\u00e9rien de Financement de d\u00e9veloppement (IFID) (Enseignement post-universitaire).<\/p>\n<p><span class=\"c3\"><strong>4-<\/strong><\/span> Charg\u00e9 des cours du syst\u00e8me financier tunisien et de techniques bancaires \u00e0 l\u2019Ecole Sup\u00e9rieure de Commerce.<\/p>\n<p><span class=\"c3\"><strong>5-<\/strong><\/span> Charg\u00e9 de cours \u2018financement et garantie des exportations\u2019 \u00e0 l\u2019Institut Sup\u00e9rieur de Gestion (enseignement universitaire).<\/p>\n<p><span class=\"c3\"><strong>6-<\/strong><\/span> Animateur de plusieurs s\u00e9minaires sur divers probl\u00e8mes de financement, de gestion bancaire et d\u2019\u00e9conomie mon\u00e9taire et financi\u00e8re.<\/p>\n<p><span class=\"c3\"><strong>7-<\/strong><\/span> Auteur d\u2019un programme de formation assist\u00e9e par ordinateur sur la gestion des Banques de d\u00e9veloppement.<\/p>\n<p><span class=\"c2\"><strong>H<\/strong><\/span><span class=\"c2\"><strong><span class=\"c2\"><strong>\/<\/strong><\/span> \u2013 Soci\u00e9t\u00e9 civile<\/strong><\/span><\/p>\n<p><span class=\"c3\"><strong>1-<\/strong><\/span> Pr\u00e9sident Fondateur de l\u2019Association des Dipl\u00f4m\u00e9s de l\u2019Institut Technique de Banque,<\/p>\n<p><span class=\"c3\"><strong>2-<\/strong><\/span> Vice-Pr\u00e9sident Fondateur de l\u2019Association \u00ab Finance M\u00e9diterran\u00e9e \u00bb, Marseille, France.<\/p>\n<p><span class=\"c3\"><strong>3-<\/strong><\/span> Tr\u00e9sorier de l\u2019Institut Arabe des Chefs d\u2019Entreprises<\/p>\n<p><span class=\"c3\"><strong>4-<\/strong><\/span> Membre du bureau directeur de la Chambre de Commerce Tuniso-Fran\u00e7aise,<\/p>\n<p><span class=\"c3\"><strong>5-<\/strong><\/span> Vice-Pr\u00e9sident de l\u2019Association d\u2019Amiti\u00e9 Tuniso-Canadienne,<\/p>\n<p><span class=\"c3\"><strong>6-<\/strong><\/span> Vice-Pr\u00e9sident de l\u2019Association d\u2019Amiti\u00e9 Tuniso-Chinoise,<\/p>\n<p><span class=\"c3\"><strong>7-<\/strong><\/span> Vice-Pr\u00e9sident et l\u2019Association \u00ab Tunisie-pays francophones \u00bb,<\/p>\n<p><span class=\"c3\"><strong>8-<\/strong><\/span> Membre du Bureau Directeur du Conseil d\u2019Affaires Tuniso-Saoudien,<\/p>\n<p><span class=\"c3\"><strong>9-<\/strong><\/span> Membre du Bureau Directeur de la Chambre de Commerce Tuniso-Am\u00e9ricaine<\/p>\n<p><span class=\"c3\"><strong>10-<\/strong><\/span> Membre d\u2019honneur de Rotary Club.<\/p>\n<p><span class=\"c3\"><strong>11-<\/strong><\/span> Vice-Pr\u00e9sident de l\u2019Association Carthage de Malouf et de Musique Tunisienne.<\/p>\n<p><span class=\"c3\"><strong>12-<\/strong><\/span> Pr\u00e9sident d\u2019honneur de l\u2019Association Carthage Business Angels.<\/p>\n<p><span class=\"c3\"><strong>13-<\/strong><\/span> Pr\u00e9sident d\u2019honneur de l\u2019Association Tunisienne pour la promotion de la Culture financi\u00e8re.<\/p>\n<p><span class=\"c3\"><strong>14-<\/strong><\/span> Pr\u00e9sident de l\u2019Association \u00ab Comp\u00e9tences pour le succ\u00e8s \u00bb<\/p>\n<p><span class=\"c2\"><strong>I<\/strong><\/span><span class=\"c2\"><strong><span class=\"c2\"><strong>\/<\/strong><\/span> &#8211; D\u00e9coration<\/strong><\/span><\/p>\n<p>Chevalier de l\u2019Ordre de la R\u00e9publique Tunisienne.<br \/>\u00a0<\/p>\n<p>Auteur:<br \/>\n<a href=\"https:\/\/www.leaders.com.tn\/article\/31904-ahmed-el-karm\">Cliquez ici pour lire l&rsquo;article depuis sa source.<\/a><\/p>\n","protected":false},"excerpt":{"rendered":"<p>A\/ &#8211; \u00c9tat civil Date et lieu de naissance: 21 F\u00e9vrier 1951 \u00e0 Tataouine\u00a0\u00a0 Tunisie Situation familiale: Mari\u00e9, une fille \u00abINES\u00bb Nationalit\u00e9: Tunisienne B\/ &#8211; Dipl\u00f4mes universitaires 1- Dipl\u00f4me d\u2019Etudes Sup\u00e9rieures en Techniques Bancaires \u2013 Institut Technique de Banque \u2013 Paris \u2013 1976 2- Licence En Sciences Economiques \u2013 Facult\u00e9 de Droit et de Sciences [&hellip;]<\/p>\n","protected":false},"author":1772,"featured_media":0,"comment_status":"closed","ping_status":"closed","sticky":false,"template":"","format":"standard","meta":{"fifu_image_url":"","fifu_image_alt":"","footnotes":""},"categories":[73,55],"tags":[],"class_list":["post-117163","post","type-post","status-publish","format-standard","hentry","category-actualite","category-tunisie"],"_links":{"self":[{"href":"https:\/\/linitiative.ca\/International\/wp-json\/wp\/v2\/posts\/117163","targetHints":{"allow":["GET"]}}],"collection":[{"href":"https:\/\/linitiative.ca\/International\/wp-json\/wp\/v2\/posts"}],"about":[{"href":"https:\/\/linitiative.ca\/International\/wp-json\/wp\/v2\/types\/post"}],"author":[{"embeddable":true,"href":"https:\/\/linitiative.ca\/International\/wp-json\/wp\/v2\/users\/1772"}],"replies":[{"embeddable":true,"href":"https:\/\/linitiative.ca\/International\/wp-json\/wp\/v2\/comments?post=117163"}],"version-history":[{"count":0,"href":"https:\/\/linitiative.ca\/International\/wp-json\/wp\/v2\/posts\/117163\/revisions"}],"wp:attachment":[{"href":"https:\/\/linitiative.ca\/International\/wp-json\/wp\/v2\/media?parent=117163"}],"wp:term":[{"taxonomy":"category","embeddable":true,"href":"https:\/\/linitiative.ca\/International\/wp-json\/wp\/v2\/categories?post=117163"},{"taxonomy":"post_tag","embeddable":true,"href":"https:\/\/linitiative.ca\/International\/wp-json\/wp\/v2\/tags?post=117163"}],"curies":[{"name":"wp","href":"https:\/\/api.w.org\/{rel}","templated":true}]}}