{"id":117166,"date":"2021-05-21T11:24:34","date_gmt":"2021-05-21T15:24:34","guid":{"rendered":"https:\/\/linitiative.ca\/International\/maroc-espagne-le-haut-representant-de-lue-pousse-vers-une-sortie-de-crise\/"},"modified":"2021-05-21T11:24:34","modified_gmt":"2021-05-21T15:24:34","slug":"maroc-espagne-le-haut-representant-de-lue-pousse-vers-une-sortie-de-crise","status":"publish","type":"post","link":"https:\/\/linitiative.ca\/International\/maroc-espagne-le-haut-representant-de-lue-pousse-vers-une-sortie-de-crise\/","title":{"rendered":"Maroc-Espagne : le Haut repr\u00e9sentant de l\u2019UE pousse vers une sortie de crise"},"content":{"rendered":"<p><strong>Apr\u00e8s un d\u00e9but de semaine marqu\u00e9 par des tensions diplomatiques entre le Maroc et l\u2019Espagne, la crise semble s\u2019apaiser petit \u00e0 petit.<\/strong><\/p>\n<div class=\"c10\">\n<\/div>\n<p>Apr\u00e8s le ministre fran\u00e7ais des Affaires \u00e9trang\u00e8res, c\u2019est au tour du Haut repr\u00e9sentant de l\u2019Union europ\u00e9enne pour les affaires \u00e9trang\u00e8res et la politique de s\u00e9curit\u00e9, l\u2019espagnol Josep Borrell Fontelles, de louer le partenariat avec le Maroc. Sur son compte twitter, il pr\u00e9cise qu\u2019il a eu une discussion honn\u00eate avec le ministre des Affaires \u00e9trang\u00e8res, Nasser Bourita. \u00ab\u00a0Notre but est d\u2019adresser ensemble les d\u00e9fis auxquels nous faisons face, de trouver une solution pour surmonter les tensions actuelles et pr\u00e9server le partenariat solide UE-Maroc que nous avons construit au cours des ann\u00e9es\u00a0\u00bb, a tweet\u00e9 le responsable.<\/p>\n<p><strong>Lire aussi | <a href=\"https:\/\/www.challenge.ma\/coronavirus-loms-remet-en-question-le-bilan-officiel-des-deces-au-niveau-mondial-185333\/\" target=\"_blank\" rel=\"noreferrer noopener\">Coronavirus : l\u2019OMS remet en question le bilan officiel des d\u00e9c\u00e8s au niveau mondial<\/a><\/strong><\/p>\n<blockquote class=\"twitter-tweet\">\n<p lang=\"fr\" dir=\"ltr\" xml:lang=\"fr\">Discussion honn\u00eate avec le Ministre <a href=\"https:\/\/twitter.com\/Bourita?ref_src=twsrc%5Etfw\">@Bourita<\/a>. Notre but est d\u2019addresser ensemble les d\u00e9fis auxquels nous faisons face, de trouver une solution pour surmonter les tensions actuelles et pr\u00e9server le partenariat solide UE \u2013 Maroc que nous avons construit au cours des ann\u00e9es.<\/p>\n<p>\u2014 Josep Borrell Fontelles (@JosepBorrellF) <a href=\"https:\/\/twitter.com\/JosepBorrellF\/status\/1395423452513947650?ref_src=twsrc%5Etfw\">May 20, 2021<\/a><\/p><\/blockquote>\n<p>De son c\u00f4t\u00e9, Nasser Bourita estime l\u2019Espagne tente d\u2019utiliser ce qui s\u2019est pass\u00e9 dans le pr\u00e9side occup\u00e9 de Sebta comme \u00ab\u00a0le salut pour sortir du d\u00e9bat r\u00e9el\u00a0\u00bb sur la crise maroco-espagnole relative \u00e0 l\u2019accueil par Madrid du d\u00e9nomm\u00e9 Brahim Ghali, poursuivi pourtant pour crimes de guerre, crimes contre l\u2019humanit\u00e9, viol et violations des droits de l\u2019homme.\u00a0\u00ab\u00a0L\u2019Europe ne nous donne m\u00eame pas 20% du co\u00fbt que le Maroc assume dans la lutte contre la migration clandestine\u00a0\u00bb, a-t-il dit, pr\u00e9cisant que les \u00e9v\u00e9nements de ces derniers jours ont montr\u00e9 que 99% de l\u2019effort de lutte est fait par le Maroc contre \u00ab\u00a0rien de l\u2019autre c\u00f4t\u00e9\u00a0\u00bb, a affirm\u00e9 Nasser Bourita, qui a rejet\u00e9 les accusations de chantage de l\u2019Espagne contre le Maroc \u00ab\u00a0qui mobilise ses forces de s\u00e9curit\u00e9 et qui paie de son budget pour pr\u00e9server son voisinage\u00a0\u00bb.<\/p>\n<p>Auteur: challenge<br \/>\n<a href=\"https:\/\/www.challenge.ma\/maroc-espagne-le-haut-representant-de-lue-pousse-vers-une-sortie-de-crise-185343\/\">Cliquez ici pour lire l&rsquo;article depuis sa source.<\/a><\/p>\n","protected":false},"excerpt":{"rendered":"<p>Apr\u00e8s un d\u00e9but de semaine marqu\u00e9 par des tensions diplomatiques entre le Maroc et l\u2019Espagne, la crise semble s\u2019apaiser petit \u00e0 petit. Apr\u00e8s le ministre fran\u00e7ais des Affaires \u00e9trang\u00e8res, c\u2019est au tour du Haut repr\u00e9sentant de l\u2019Union europ\u00e9enne pour les affaires \u00e9trang\u00e8res et la politique de s\u00e9curit\u00e9, l\u2019espagnol Josep Borrell Fontelles, de louer le partenariat [&hellip;]<\/p>\n","protected":false},"author":1787,"featured_media":0,"comment_status":"closed","ping_status":"closed","sticky":false,"template":"","format":"standard","meta":{"fifu_image_url":"","fifu_image_alt":"","footnotes":""},"categories":[78,54],"tags":[],"class_list":["post-117166","post","type-post","status-publish","format-standard","hentry","category-economie","category-maroc"],"_links":{"self":[{"href":"https:\/\/linitiative.ca\/International\/wp-json\/wp\/v2\/posts\/117166","targetHints":{"allow":["GET"]}}],"collection":[{"href":"https:\/\/linitiative.ca\/International\/wp-json\/wp\/v2\/posts"}],"about":[{"href":"https:\/\/linitiative.ca\/International\/wp-json\/wp\/v2\/types\/post"}],"author":[{"embeddable":true,"href":"https:\/\/linitiative.ca\/International\/wp-json\/wp\/v2\/users\/1787"}],"replies":[{"embeddable":true,"href":"https:\/\/linitiative.ca\/International\/wp-json\/wp\/v2\/comments?post=117166"}],"version-history":[{"count":0,"href":"https:\/\/linitiative.ca\/International\/wp-json\/wp\/v2\/posts\/117166\/revisions"}],"wp:attachment":[{"href":"https:\/\/linitiative.ca\/International\/wp-json\/wp\/v2\/media?parent=117166"}],"wp:term":[{"taxonomy":"category","embeddable":true,"href":"https:\/\/linitiative.ca\/International\/wp-json\/wp\/v2\/categories?post=117166"},{"taxonomy":"post_tag","embeddable":true,"href":"https:\/\/linitiative.ca\/International\/wp-json\/wp\/v2\/tags?post=117166"}],"curies":[{"name":"wp","href":"https:\/\/api.w.org\/{rel}","templated":true}]}}