{"id":117169,"date":"2021-05-21T16:01:03","date_gmt":"2021-05-21T20:01:03","guid":{"rendered":"https:\/\/linitiative.ca\/International\/variants-du-covid-19-le-maroc-renforce-son-niveau-de-vigilance\/"},"modified":"2021-05-21T16:01:03","modified_gmt":"2021-05-21T20:01:03","slug":"variants-du-covid-19-le-maroc-renforce-son-niveau-de-vigilance","status":"publish","type":"post","link":"https:\/\/linitiative.ca\/International\/variants-du-covid-19-le-maroc-renforce-son-niveau-de-vigilance\/","title":{"rendered":"Variants du Covid-19 :  le Maroc renforce son niveau de vigilance"},"content":{"rendered":"<p><strong>Selon le minist\u00e8re de la Sant\u00e9, le Maroc a d\u00e9cid\u00e9 de renforcer son niveau de vigilance pour riposter aux variants pr\u00e9occupants non encore en circulation dans le royaume, conform\u00e9ment au Plan national de veille contre l\u2019infection par le Coronavirus.<\/strong><\/p>\n<div class=\"c10\">\n<\/div>\n<p>Le minist\u00e8re de la Sant\u00e9 a, dans ce sens, mis en place une proc\u00e9dure sp\u00e9ciale intitul\u00e9e \u00ab\u00a0l\u2019investigation d\u2019un cluster li\u00e9 \u00e0 un nouveau variant du SARS-CoV-2 non encore en circulation au Maroc\u00a0\u00bb. On apprend que cette proc\u00e9dure, qui a \u00e9t\u00e9 \u00e9labor\u00e9e pour cadrer l\u2019investigation autour d\u2019\u00e9ventuels cas de maladie dus \u00e0 un variant ne circulant pas encore au Maroc, vise \u00e0 identifier le plus rapidement possible tous les contacts et \u00e0 assurer la prise en charge ad\u00e9quate des cas et des contacts.<\/p>\n<p><strong>Lire aussi| <a href=\"https:\/\/www.challenge.ma\/coronavirus-loms-remet-en-question-le-bilan-officiel-des-deces-au-niveau-mondial-185333\/\">Coronavirus : l\u2019OMS remet en question le bilan officiel des d\u00e9c\u00e8s au niveau mondial<\/a><\/strong><\/p>\n<p>Le dispositif d\u00e9finit ainsi 3 niveaux de cas: suspect, probable et confirm\u00e9 de nouveau variant. Notons que ce dernier est toute personne chez qui une infection au SARS-CoV-2 a \u00e9t\u00e9 confirm\u00e9e par examen mol\u00e9culaire (RT-PCR) et chez qui le s\u00e9quen\u00e7age a r\u00e9v\u00e9l\u00e9 le nouveau variant. Le minist\u00e8re ajoute que cette proc\u00e9dure sp\u00e9ciale pr\u00e9sente, en outre, un logigramme d\u2019investigation des cas, des modalit\u00e9s de prise en charge, aussi bien des cas et de leurs contacts, ainsi que le circuit des pr\u00e9l\u00e8vements et les supports d\u2019information. En ce qui concerne le mode de prise, on note que la proc\u00e9dure pr\u00e9voit l\u2019isolement \u00e0 l\u2019h\u00f4pital des cas confirm\u00e9s d\u2019infection par un variant ne circulant pas au Maroc, pendant 14 jours \u00e0 partir de la date du d\u00e9but des sympt\u00f4mes ou de la confirmation par PCR pour les cas asymptomatiques.<\/p>\n<p><strong>Lire aussi| <a href=\"https:\/\/www.challenge.ma\/relance-chakib-alj-appelle-le-gouvernement-a-donner-plus-visibilite-sur-la-reprise-des-activites-185289\/\">Relance : Chakib Alj appelle le gouvernement \u00e0 donner plus visibilit\u00e9 sur la reprise des activit\u00e9s<\/a><\/strong><\/p>\n<p>Auteur: challenge<br \/>\n<a href=\"https:\/\/www.challenge.ma\/variants-du-covid-19-le-maroc-renforce-son-niveau-de-vigilance-185384\/\">Cliquez ici pour lire l&rsquo;article depuis sa source.<\/a><\/p>\n","protected":false},"excerpt":{"rendered":"<p>Selon le minist\u00e8re de la Sant\u00e9, le Maroc a d\u00e9cid\u00e9 de renforcer son niveau de vigilance pour riposter aux variants pr\u00e9occupants non encore en circulation dans le royaume, conform\u00e9ment au Plan national de veille contre l\u2019infection par le Coronavirus. Le minist\u00e8re de la Sant\u00e9 a, dans ce sens, mis en place une proc\u00e9dure sp\u00e9ciale intitul\u00e9e [&hellip;]<\/p>\n","protected":false},"author":1787,"featured_media":0,"comment_status":"closed","ping_status":"closed","sticky":false,"template":"","format":"standard","meta":{"fifu_image_url":"","fifu_image_alt":"","footnotes":""},"categories":[78,54],"tags":[],"class_list":["post-117169","post","type-post","status-publish","format-standard","hentry","category-economie","category-maroc"],"_links":{"self":[{"href":"https:\/\/linitiative.ca\/International\/wp-json\/wp\/v2\/posts\/117169","targetHints":{"allow":["GET"]}}],"collection":[{"href":"https:\/\/linitiative.ca\/International\/wp-json\/wp\/v2\/posts"}],"about":[{"href":"https:\/\/linitiative.ca\/International\/wp-json\/wp\/v2\/types\/post"}],"author":[{"embeddable":true,"href":"https:\/\/linitiative.ca\/International\/wp-json\/wp\/v2\/users\/1787"}],"replies":[{"embeddable":true,"href":"https:\/\/linitiative.ca\/International\/wp-json\/wp\/v2\/comments?post=117169"}],"version-history":[{"count":0,"href":"https:\/\/linitiative.ca\/International\/wp-json\/wp\/v2\/posts\/117169\/revisions"}],"wp:attachment":[{"href":"https:\/\/linitiative.ca\/International\/wp-json\/wp\/v2\/media?parent=117169"}],"wp:term":[{"taxonomy":"category","embeddable":true,"href":"https:\/\/linitiative.ca\/International\/wp-json\/wp\/v2\/categories?post=117169"},{"taxonomy":"post_tag","embeddable":true,"href":"https:\/\/linitiative.ca\/International\/wp-json\/wp\/v2\/tags?post=117169"}],"curies":[{"name":"wp","href":"https:\/\/api.w.org\/{rel}","templated":true}]}}