{"id":117177,"date":"2021-05-20T22:15:28","date_gmt":"2021-05-21T02:15:28","guid":{"rendered":"https:\/\/linitiative.ca\/International\/transition-vers-leconomie-formelle-une-strategie-nationale-validee\/"},"modified":"2021-05-20T22:15:28","modified_gmt":"2021-05-21T02:15:28","slug":"transition-vers-leconomie-formelle-une-strategie-nationale-validee","status":"publish","type":"post","link":"https:\/\/linitiative.ca\/International\/transition-vers-leconomie-formelle-une-strategie-nationale-validee\/","title":{"rendered":"Transition vers l\u2019\u00e9conomie formelle : Une strat\u00e9gie nationale valid\u00e9e"},"content":{"rendered":"<div class=\"td-post-featured-image\">\n<figure><a href=\"https:\/\/www.sidwaya.info\/wp-content\/uploads\/2021\/05\/formelle.jpg\" data-caption=\"Le Conseiller technique du ministre en charge de la jeunesse et de l\u2019emploi, Mamadou Lamizana : \u00ab Notre strat\u00e9gie nationale int\u00e9gr\u00e9e de transition vers l\u2019\u00e9conomie formelle et son plan d\u2019actions op\u00e9rationnel devront permettre une augmentation des unit\u00e9s \u00e9conomiques formalis\u00e9es \u00bb.\"><img loading=\"lazy\" decoding=\"async\" width=\"677\" height=\"503\" class=\"entry-thumb td-modal-image\" src=\"https:\/\/www.sidwaya.info\/wp-content\/uploads\/2021\/05\/formelle.jpg\" srcset=\"https:\/\/www.sidwaya.info\/wp-content\/uploads\/2021\/05\/formelle.jpg 677w, https:\/\/www.sidwaya.info\/wp-content\/uploads\/2021\/05\/formelle-300x223.jpg 300w, https:\/\/www.sidwaya.info\/wp-content\/uploads\/2021\/05\/formelle-150x111.jpg 150w, https:\/\/www.sidwaya.info\/wp-content\/uploads\/2021\/05\/formelle-485x360.jpg 485w, https:\/\/www.sidwaya.info\/wp-content\/uploads\/2021\/05\/formelle-565x420.jpg 565w, https:\/\/www.sidwaya.info\/wp-content\/uploads\/2021\/05\/formelle-80x60.jpg 80w, https:\/\/www.sidwaya.info\/wp-content\/uploads\/2021\/05\/formelle-265x198.jpg 265w\" sizes=\"auto, (max-width: 677px) 100vw, 677px\" alt=\"\" title=\"formelle\"\/><\/a><figcaption class=\"wp-caption-text\">Le Conseiller technique du ministre en charge de la jeunesse et de l\u2019emploi, Mamadou Lamizana : \u00ab Notre strat\u00e9gie nationale int\u00e9gr\u00e9e de transition vers l\u2019\u00e9conomie formelle et son plan d\u2019actions op\u00e9rationnel devront permettre une augmentation des unit\u00e9s \u00e9conomiques formalis\u00e9es \u00bb.<\/figcaption><\/figure>\n<\/div>\n<p><strong>Le Minist\u00e8re de la Jeunesse, de la Promotion de l\u2019entrepreneuriat et de l\u2019Emploi (MJPEE) a organis\u00e9, le jeudi 20 mai 2021, \u00e0 Ouagadougou, un atelier de validation de la Strat\u00e9gie nationale int\u00e9gr\u00e9e de transition vers l\u2019\u00e9conomie formelle (SNI-TEF) et de son Plan d\u2019actions op\u00e9rationnel.<\/strong><\/p>\n<p>Le gouvernement burkinab\u00e8 est engag\u00e9 \u00e0 promouvoir l\u2019\u00e9conomie informelle afin de la rendre plus dynamique pour le bien de ses acteurs. Dans cet \u00e9lan, \u00e0 la suite<br \/>du Forum national de<br \/>l\u2019\u00e9conomie informelle, qui s\u2019est tenu en 2019, des recommandations avaient \u00e9t\u00e9 faites par le pr\u00e9sident du Faso dont l\u2019\u00e9laboration d\u2019une strat\u00e9gie nationale de l\u2019\u00e9conomie informelle vers l\u2019\u00e9conomie formelle, b\u00e2tie sur un diagnostic efficace. Ainsi, avec l\u2019appui financier de l\u2019Organisation international du travail (OIT), le Minist\u00e8re de la Jeunesse, de la Promotion de l\u2019entrepreneuriat et de l\u2019Emploi (MJPEE) a con\u00e7u un document de strat\u00e9gie national, assorti d\u2019un plan d\u2019actions op\u00e9rationnel afin de faire face aux d\u00e9fis de la formalisation.<\/p>\n<p>Pour faciliter son appropriation par les acteurs et rendre le processus plus inclusif, un atelier national a \u00e9t\u00e9 organis\u00e9 par le d\u00e9partement en vue de valider ce document strat\u00e9gique. L\u2019activit\u00e9, qui a eu lieu le jeudi 20 mai 2021 \u00e0 Ouagadougou, a regroup\u00e9 les organisations syndicales du travail, des Partenaires techniques et financiers (PTF), les repr\u00e9sentants de l\u2019Economie informelle et du Conseil national du patronat burkinab\u00e8.<\/p>\n<p>Pour le conseiller technique du minist\u00e8re en charge de la jeunesse et de l\u2019emploi, qui a pr\u00e9sid\u00e9 les travaux, Mamadou Lamizana, la proportion de l\u2019emploi informel dans les secteurs non agricoles est de 89,3%. Mais, a-t-il regrett\u00e9, la r\u00e9sultante de cette structure socio\u00e9conomique est le d\u00e9veloppement de l\u2019\u00e9conomie informelle dans toutes ses formes et caract\u00e9ris\u00e9e par la faiblesse de production, la pr\u00e9carit\u00e9 des emplois et de la modestie des revenus. \u00ab C\u2019est cette situation qui a pr\u00e9valu \u00e0 l\u2019\u00e9laboration de la strat\u00e9gie nationale int\u00e9gr\u00e9e de transition vers l\u2019\u00e9conomie formelle \u00bb, a soutenu M. Lamizana.<\/p>\n<h3>Augmenter les emplois d\u00e9cents<\/h3>\n<p>Pour lui, ce document strat\u00e9gique est un instrument de coordination et d\u2019accompagnement des acteurs leur permettant de mieux faire face aux d\u00e9fis de la formalisation des unit\u00e9s \u00e9conomique informelles. Dans ce sens, elle permettra aux acteurs de l\u2019\u00e9conomie informelle, a-t-il indiqu\u00e9, de renforcer leur cadre r\u00e8glementaire, d\u2019accro\u00eetre la productivit\u00e9 des unit\u00e9s informelles, d\u2019am\u00e9liorer la qualit\u00e9 des emplois et de la protection sociale dans le secteur, de favoriser une meilleure prise en compte des pr\u00e9occupations des acteurs dans la politique de d\u00e9veloppement et d\u2019augmenter les emplois d\u00e9cents. Le Conseil national du patronat burkinab\u00e8 (CNPB) salue la strat\u00e9gie, car elle traduit la volont\u00e9 du gouvernement de promouvoir le secteur de l\u2019\u00e9conomie informelle, un des maillons essentiels de l\u2019\u00e9conomie nationale.<\/p>\n<p>\u00ab C\u2019est une dynamique nouvelle dans le processus de transformation de l\u2019\u00e9conomie informelle que nous reconnaissons \u00bb, a, en effet, fait savoir son repr\u00e9sentant \u00e0 l\u2019atelier, Alexis Zongo. Le directeur-pays de l\u2019Organisation internationale du Travail pour la C\u00f4te d\u2019Ivoire, le B\u00e9nin, le Burkina Faso, le Mali, le Niger et le Togo, Fr\u00e9deric Lapeyere, pour part, a reconnu la perspicacit\u00e9 de l\u2019Etat burkinab\u00e8 pour avoir entrepris d\u2019\u00e9laborer, tr\u00e8s t\u00f4t, une telle strat\u00e9gie. Car, selon lui, la r\u00e9alisation des objectifs du d\u00e9veloppement durable et d\u2019am\u00e9lioration du monde du travail passe imp\u00e9rativement, par la transition d\u2019une \u00e9conomie informelle au formelle.<\/p>\n<p>\u00ab Ce que l\u2019on veut, c\u2019est permettre aux acteurs de mieux vivre, d\u2019avoir facilement acc\u00e8s au march\u00e9 et \u00e0 des emplois d\u00e9cents \u00bb, a soulign\u00e9 Fr\u00e9deric Lapeyere. C\u2019est pourquoi, les structures syndicales du monde du travail ainsi que les repr\u00e9sentants des acteurs de l\u2019\u00e9conomie informelle ont appr\u00e9ci\u00e9 l\u2019\u00e9laboration de cette strat\u00e9gie qui favorisera le dynamisme du secteur. \u00ab Il faut qu\u2019on travaille avec des documents formels qui puissent nous inspirer \u00e0 aller vers l\u2019\u00e9conomie formelle \u00bb, a fait savoir le pr\u00e9sident du Conseil national de l\u2019\u00e9conomie informelle (CNEI), Salifou Nikiema.<\/p>\n<p class=\"c1\"><strong>Souma\u00efla BONKOUNGOU<\/strong><\/p>\n<div class=\"td-a-rec td-a-rec-id-content_bottom tdi_33_9a2 td_block_template_1\">\n<p><img loading=\"lazy\" decoding=\"async\" class=\"aligncenter size-full wp-image-27454\" src=\"https:\/\/www.sidwaya.info\/wp-content\/uploads\/2020\/10\/PUB-Bandeau-paiement-mobile-siteweb.jpg\" alt=\"\" width=\"728\" height=\"90\"\/><\/div>\n<p>Auteur: JK. Sidwaya<br \/>\n<a href=\"https:\/\/www.sidwaya.info\/blog\/2021\/05\/21\/transition-vers-leconomie-formelle-une-strategie-nationale-validee\/\">Cliquez ici pour lire l&rsquo;article depuis sa source.<\/a><\/p>\n","protected":false},"excerpt":{"rendered":"<p>Le Conseiller technique du ministre en charge de la jeunesse et de l\u2019emploi, Mamadou Lamizana : \u00ab Notre strat\u00e9gie nationale int\u00e9gr\u00e9e de transition vers l\u2019\u00e9conomie formelle et son plan d\u2019actions op\u00e9rationnel devront permettre une augmentation des unit\u00e9s \u00e9conomiques formalis\u00e9es \u00bb. Le Minist\u00e8re de la Jeunesse, de la Promotion de l\u2019entrepreneuriat et de l\u2019Emploi (MJPEE) a [&hellip;]<\/p>\n","protected":false},"author":1816,"featured_media":0,"comment_status":"closed","ping_status":"closed","sticky":false,"template":"","format":"standard","meta":{"fifu_image_url":"https:\/\/www.sidwaya.info\/wp-content\/uploads\/2021\/05\/formelle.jpg","fifu_image_alt":"Transition vers l\u2019\u00e9conomie formelle : Une strat\u00e9gie nationale valid\u00e9e","footnotes":""},"categories":[73,81],"tags":[],"class_list":["post-117177","post","type-post","status-publish","format-standard","hentry","category-actualite","category-burkina-faso"],"_links":{"self":[{"href":"https:\/\/linitiative.ca\/International\/wp-json\/wp\/v2\/posts\/117177","targetHints":{"allow":["GET"]}}],"collection":[{"href":"https:\/\/linitiative.ca\/International\/wp-json\/wp\/v2\/posts"}],"about":[{"href":"https:\/\/linitiative.ca\/International\/wp-json\/wp\/v2\/types\/post"}],"author":[{"embeddable":true,"href":"https:\/\/linitiative.ca\/International\/wp-json\/wp\/v2\/users\/1816"}],"replies":[{"embeddable":true,"href":"https:\/\/linitiative.ca\/International\/wp-json\/wp\/v2\/comments?post=117177"}],"version-history":[{"count":0,"href":"https:\/\/linitiative.ca\/International\/wp-json\/wp\/v2\/posts\/117177\/revisions"}],"wp:attachment":[{"href":"https:\/\/linitiative.ca\/International\/wp-json\/wp\/v2\/media?parent=117177"}],"wp:term":[{"taxonomy":"category","embeddable":true,"href":"https:\/\/linitiative.ca\/International\/wp-json\/wp\/v2\/categories?post=117177"},{"taxonomy":"post_tag","embeddable":true,"href":"https:\/\/linitiative.ca\/International\/wp-json\/wp\/v2\/tags?post=117177"}],"curies":[{"name":"wp","href":"https:\/\/api.w.org\/{rel}","templated":true}]}}