{"id":117179,"date":"2021-05-21T04:55:24","date_gmt":"2021-05-21T08:55:24","guid":{"rendered":"https:\/\/linitiative.ca\/International\/discours-sur-la-situation-de-la-nation-2021-integralite\/"},"modified":"2021-05-21T04:55:24","modified_gmt":"2021-05-21T08:55:24","slug":"discours-sur-la-situation-de-la-nation-2021-integralite","status":"publish","type":"post","link":"https:\/\/linitiative.ca\/International\/discours-sur-la-situation-de-la-nation-2021-integralite\/","title":{"rendered":"Discours sur la situation de la nation 2021 (int\u00e9gralit\u00e9)"},"content":{"rendered":"<div class=\"td-post-featured-image\">\n<figure><a href=\"https:\/\/www.sidwaya.info\/wp-content\/uploads\/2021\/05\/oal2.jpg\" data-caption=\"Apr\u00e8s le discours, les d\u00e9put\u00e9s ont pos\u00e9 des questions d\u2019int\u00e9r\u00eat dans divers domaines.\"><img loading=\"lazy\" decoding=\"async\" width=\"696\" height=\"465\" class=\"entry-thumb td-modal-image\" src=\"https:\/\/www.sidwaya.info\/wp-content\/uploads\/2021\/05\/oal2-696x465.jpg\" srcset=\"https:\/\/www.sidwaya.info\/wp-content\/uploads\/2021\/05\/oal2-696x465.jpg 696w, https:\/\/www.sidwaya.info\/wp-content\/uploads\/2021\/05\/oal2-300x200.jpg 300w, https:\/\/www.sidwaya.info\/wp-content\/uploads\/2021\/05\/oal2-768x513.jpg 768w, https:\/\/www.sidwaya.info\/wp-content\/uploads\/2021\/05\/oal2-150x100.jpg 150w, https:\/\/www.sidwaya.info\/wp-content\/uploads\/2021\/05\/oal2-629x420.jpg 629w, https:\/\/www.sidwaya.info\/wp-content\/uploads\/2021\/05\/oal2.jpg 780w\" sizes=\"auto, (max-width: 696px) 100vw, 696px\" alt=\"\" title=\"oal2\"\/><\/a><figcaption class=\"wp-caption-text\">Apr\u00e8s le discours, les d\u00e9put\u00e9s ont pos\u00e9 des questions d\u2019int\u00e9r\u00eat dans divers domaines.<\/figcaption><\/figure>\n<\/div>\n<p><strong>\u00a0<\/strong><strong>Discours<\/strong> <strong>sur la situation de la nation 2021<\/strong> <strong>du \u00a0Premier Ministre, Chef du Gouvernement<\/strong> <strong>Christophe Joseph Marie DABIRE en integralit\u00e9.<\/strong><\/p>\n<p><strong>\u00a0<\/strong><strong>Monsieur le Pr\u00e9sident,<\/strong><\/p>\n<p><strong>Honorables D\u00e9put\u00e9s,<\/strong><\/p>\n<p><strong>Mesdames et Messieurs,<\/strong><\/p>\n<p>Le 4 f\u00e9vrier dernier, j\u2019ai pr\u00e9sent\u00e9 \u00e0 votre auguste Assembl\u00e9e la feuille de route de mon Gouvernement dont l\u2019objectif ultime est de porter les chantiers d\u00e9finis par le Pr\u00e9sident du Faso, Son Excellence Monsieur Roch Marc Christian KABORE, dans son programme quinquennal 2021-2025.<\/p>\n<p>\u00c0 l\u2019issue de cet exercice, vous m\u2019avez accord\u00e9 votre confiance pour la conduite de l\u2019action gouvernementale. Vous vous \u00eates ainsi engag\u00e9s \u00e0 nous accompagner pour relever les nombreux d\u00e9fis du d\u00e9veloppement \u00e9conomique et social du Burkina Faso.<\/p>\n<p>Aujourd\u2019hui, je suis devant vous pour dresser le bilan de nos actions pr\u00e9c\u00e9dentes visant \u00e0 apporter des r\u00e9ponses appropri\u00e9es aux attentes des Burkinab\u00e8.<\/p>\n<p>Malgr\u00e9 toutes les difficult\u00e9s rencontr\u00e9es dans le d\u00e9ploiement de nos politiques publiques, nous avons pu, d\u2019une part, contenir les effets pervers des crises multiples qui ont fragilis\u00e9 notre pays et, d\u2019autre part, op\u00e9rationnaliser les grands engagements du Pr\u00e9sident du Faso. Toute chose qui a permis \u00e0 S.E.M. Roch Marc Christian KABORE de sceller avec le peuple burkinab\u00e8 un nouveau contrat social pour les cinq (5) ann\u00e9es \u00e0 venir.<\/p>\n<p><strong>Honorables D\u00e9put\u00e9s\u00a0;<\/strong><\/p>\n<p>L\u2019ann\u00e9e 2020 a \u00e9t\u00e9 pour notre peuple une p\u00e9riode difficile sur le plan s\u00e9curitaire, du fait de la persistance des attentats meurtriers perp\u00e9tr\u00e9s par les groupes arm\u00e9s terroristes.<\/p>\n<p>Pour y faire face, le Gouvernement a poursuivi le renforcement des moyens logistiques et mat\u00e9riels de nos Forces de D\u00e9fense et de S\u00e9curit\u00e9 (FDS), dans le cadre de la loi de programmation militaire 2018-2022.<\/p>\n<p>Nous avons \u00e9galement repositionn\u00e9 nos unit\u00e9s combattantes sur le terrain dans le sens d\u2019am\u00e9liorer leur occupation du territoire national, tout en travaillant \u00e0 renforcer leur coordination et leur compl\u00e9mentarit\u00e9.<\/p>\n<p>Par ailleurs, l\u2019adoption par votre auguste Assembl\u00e9e, de la loi portant institution de Volontaires pour la D\u00e9fense de la Patrie, le 12 mars 2020, a favoris\u00e9 la mobilisation de suppl\u00e9tifs locaux d\u00e9termin\u00e9s et engag\u00e9s pour la d\u00e9fense de leurs terroirs. Leurs actions ont souvent mis \u00e0 mal les groupes arm\u00e9s terroristes.<\/p>\n<p>Le Gouvernement appr\u00e9cie \u00e0 sa juste valeur la contribution efficace de la communaut\u00e9 internationale et des pays amis qui nous accompagnent dans cette lutte.<\/p>\n<p>Notre coop\u00e9ration dans le cadre du G5-Sahel et de la Coalition pour le Sahel, d\u2019une part, le d\u00e9ploiement du Programme de S\u00e9curisation et de Stabilisation du Sahel (P3S), d\u2019autre part, sont de nature \u00e0 consolider les r\u00e9sultats de nos efforts.<\/p>\n<p>Nous sommes conscients des dysfonctionnements qui persistent dans notre syst\u00e8me de s\u00e9curit\u00e9 nationale, mais nous travaillons \u00e0 les corriger, dans le souci d\u2019accro\u00eetre l\u2019efficacit\u00e9 de nos unit\u00e9s combattantes.<\/p>\n<p><strong>Honorables D\u00e9put\u00e9s,<\/strong><\/p>\n<p>A c\u00f4t\u00e9 de l\u2019action militaire de lutte contre le terrorisme, nous avons agi dans trois directions compl\u00e9mentaires, en vue de renforcer la s\u00e9curit\u00e9 et la coh\u00e9sion sociale.<\/p>\n<p>Suivant la premi\u00e8re direction, nous avons su actionner le levier du d\u00e9veloppement des zones \u00e0 d\u00e9fis s\u00e9curitaires, en intensifiant les r\u00e9alisations des infrastructures sociales, \u00e9conomiques et s\u00e9curitaires.<\/p>\n<p>Ces actions ont \u00e9t\u00e9 men\u00e9es dans le cadre du Programme d\u2019urgence pour le Sahel \u00e9largi et du Programme de d\u00e9veloppement des \u00e9conomies locales (PADEL).<\/p>\n<p>A travers le PADEL, l\u2019Etat a investi plus de 63 milliards de FCFA depuis 2017.<\/p>\n<p>Cette importante allocation budg\u00e9taire nous a permis de r\u00e9aliser des infrastructures \u00e9conomiques, soutenir des promoteurs d\u2019unit\u00e9s de production informelles et apporter des soutiens financiers pour l\u2019inclusion des personnes vuln\u00e9rables dans les r\u00e9gions \u00e0 d\u00e9fis s\u00e9curitaires.<\/p>\n<p>De m\u00eame, de 2017 \u00e0 2020, nous avons investi, \u00e0 travers le PUS \u00e9largi, environ 242 milliards FCFA, notamment dans la r\u00e9alisation de forages, de formations sanitaires, d\u2019\u00e9coles primaires, de pistes rurales ainsi que dans la construction de commissariats et dans les transferts mon\u00e9taires aux m\u00e9nages vuln\u00e9rables.<\/p>\n<p>Notre conviction est que la lutte contre le terrorisme ne saurait \u00eatre exclusivement militaire. Il nous faut certes gagner les combats au front pour stabiliser et s\u00e9curiser le territoire, mais il nous faut surtout gagner la bataille \u00a0du d\u00e9veloppement \u00e9conomique et social dans ces zones, pour renforcer le ciment de notre vivre-ensemble.<\/p>\n<p>De l\u00e0, d\u00e9coule la deuxi\u00e8me direction de la lutte contre l\u2019ins\u00e9curit\u00e9 et le terrorisme. Elle est relative \u00e0 nos efforts dans le domaine humanitaire.<\/p>\n<p>Le nombre de Personnes D\u00e9plac\u00e9es Internes (PDI), d\u2019environ 1,2 million, nous interpelle et nous travaillons \u00e0 am\u00e9liorer leur prise en charge, avec le soutien des Partenaires Techniques et Financiers, les ONG et Associations nationales, ainsi que les personnes de bonne volont\u00e9.<\/p>\n<p>Je reconnais qu\u2019il reste encore beaucoup \u00e0 faire, car au-del\u00e0 des PDI, le Gouvernement se pr\u00e9occupe \u00e9galement de la survie des personnes vuln\u00e9rables des zones sous d\u00e9fis s\u00e9curitaires.<\/p>\n<p>En effet, nous devons assurer l\u2019approvisionnement en vivres de toutes ces populations, parfois au p\u00e9ril de la vie des escortes.<\/p>\n<p>A travers la troisi\u00e8me direction de la lutte contre le terrorisme, le Gouvernement encourage les m\u00e9canismes traditionnels et endog\u00e8nes de pr\u00e9vention et de gestion des conflits.<\/p>\n<p>Il s\u2019agit notamment de la sensibilisation pour freiner l\u2019enr\u00f4lement par les groupes arm\u00e9s terroristes des fils et des filles de notre pays. Il n\u2019est un secret pour personne que parmi leurs combattants, figurent aujourd\u2019hui des jeunes burkinab\u00e8 qui ont pris les armes contre leur patrie.<\/p>\n<p>Notre devoir est de travailler \u00e0 les ramener \u00e0 la maison, gr\u00e2ce \u00e0 l\u2019action patriotique des leaders d\u2019opinion, des religieux, des coutumiers et autres personnes de ressources de leurs communaut\u00e9s d\u2019origine.<\/p>\n<p>A ces anonymes, initiateurs de m\u00e9canismes endog\u00e8nes de r\u00e9conciliation, je t\u00e9moigne la reconnaissance du Gouvernement pour l\u2019excellent travail qu\u2019ils m\u00e8nent dans la lutte contre la radicalisation et pour le renforcement de notre vivre-ensemble. Ces actions sont en phase avec la voie trac\u00e9e par le Pr\u00e9sident du Faso.<\/p>\n<p><strong>Monsieur le Pr\u00e9sident,<\/strong><\/p>\n<p>L\u2019adaptation de notre strat\u00e9gie de lutte contre les forces du mal a port\u00e9 incontestablement des r\u00e9sultats positifs en fin 2020 que nous avons pu appr\u00e9cier \u00e0 l\u2019aune\u00a0:<\/p>\n<ul>\n<li>de l\u2019accalmie relative sur le front,<\/li>\n<li>du ralentissement des tueries de masse des populations innocentes,<\/li>\n<li>du retour de certaines Personnes D\u00e9plac\u00e9es Internes dans leurs terroirs.<\/li>\n<\/ul>\n<p>Nous devons ces victoires \u00e0 la r\u00e9silience du peuple burkinab\u00e8 qui n\u2019a jamais baiss\u00e9 les bras dans cette guerre injuste qui lui a \u00e9t\u00e9 impos\u00e9e. Nous devons \u00e9galement ces r\u00e9sultats \u00e0 nos FDS et VDP \u00e0 qui je rends hommage pour les sacrifices consentis.<\/p>\n<p>J\u2019exprime ma profonde compassion \u00e0 l\u2019endroit des familles victimes des cons\u00e9quences n\u00e9fastes de ces barbaries et je m\u2019incline respectueusement devant la m\u00e9moire de ceux tomb\u00e9s au front.<\/p>\n<p>Toutefois, la recrudescence et la violence des r\u00e9centes attaques terroristes dans les r\u00e9gions de l\u2019Est, du Nord et du Sahel, viennent nous rappeler tr\u00e8s opportun\u00e9ment que le combat contre le terrorisme est une lutte de longue haleine et que seule, l\u2019union sacr\u00e9e des filles et fils de notre pays peut permettre d\u2019en venir \u00e0 bout.<\/p>\n<p>C\u2019est pourquoi, tout en poursuivant le renforcement du maillage du territoire national pour s\u00e9curiser nos villes et nos campagnes, j\u2019invite tous les Burkinab\u00e8 \u00e0 se mobiliser pour lutter contre la radicalisation et l\u2019extr\u00e9misme violent, combattre la stigmatisation et bannir le repli identitaire qui sont sources de conflits meurtriers.<\/p>\n<p><strong>Monsieur le Pr\u00e9sident,<\/strong><\/p>\n<p><strong>Honorables D\u00e9put\u00e9s,<\/strong><\/p>\n<p><strong><em>L\u2019ann\u00e9e 2020 a aussi \u00e9t\u00e9 caract\u00e9ris\u00e9e par l\u2019apparition de la pand\u00e9mie du COVID-19 dans notre pays.<\/em><\/strong><\/p>\n<p>Comme partout ailleurs dans le monde, le Gouvernement a, dans un premier temps, appr\u00e9hend\u00e9 la propagation de cette pand\u00e9mie et ses cons\u00e9quences sous l\u2019angle purement sanitaire.<\/p>\n<p>Cette perception a amen\u00e9 le Gouvernement \u00e0 adopter un Plan de pr\u00e9paration et de riposte d\u2019un co\u00fbt d\u2019environ 160 milliards de FCFA pour endiguer la transmission communautaire de la maladie et assurer, le cas \u00e9ch\u00e9ant, la prise en charge hospitali\u00e8re des cas graves.<\/p>\n<p>Cette phase de notre lutte contre le coronavirus a \u00e9t\u00e9 g\u00e9r\u00e9e par les professionnels de la sant\u00e9, les volontaires et les agents communautaires, organis\u00e9s par le Centre des op\u00e9rations de r\u00e9ponse aux urgences sanitaires (CORUS).<\/p>\n<p>Les le\u00e7ons apprises de la gestion de cette crise sanitaire et l\u2019ampleur de ses effets sur le d\u00e9veloppement de notre pays, ont inspir\u00e9 le Pr\u00e9sident du Faso, \u00e0 ordonner la cr\u00e9ation du Comit\u00e9 national de gestion de la crise du COVID-19 dont la mission est d\u2019apporter une r\u00e9ponse holistique aux cons\u00e9quences n\u00e9fastes de cette pand\u00e9mie.<\/p>\n<p>D\u00e8s lors, le Gouvernement a adopt\u00e9 le plan national de riposte au COVID-19. D\u2019un montant de 391 milliards FCFA, ce plan prend en compte la r\u00e9ponse sanitaire ainsi que la couverture des mesures sociales et de relance \u00e9conomique annonc\u00e9es par le Chef de l\u2019Etat, dans son adresse \u00e0 la Nation, le 02 avril 2020.<\/p>\n<p>Je m\u2019en voudrais de ne pas souligner la contribution de nos partenaires techniques et financiers dont les conseils avis\u00e9s ont fait \u00e9voluer positivement notre mani\u00e8re d\u2019appr\u00e9hender les diff\u00e9rentes facettes du COVID-19.<\/p>\n<p><strong>Monsieur le Pr\u00e9sident,<\/strong><\/p>\n<p>Je reconnais avec vous que la gestion de cette pand\u00e9mie a \u00e9t\u00e9 tr\u00e8s difficile, aussi bien pour le Gouvernement, que pour tous les Burkinab\u00e8. Elle a \u00e9t\u00e9 \u00e9maill\u00e9e d\u2019incidents regrettables.<\/p>\n<p>Tout en m\u2019inclinant sur la m\u00e9moire de ceux que nous n\u2019avons pu sauver, je peux affirmer que le Burkina Faso a r\u00e9ussi \u00e0 sauvegarder l\u2019essentiel, lorsque l\u2019on consid\u00e8re les indicateurs de l\u2019\u00e9volution de la maladie ici et ailleurs.<\/p>\n<p>Les r\u00e9sultats positifs r\u00e9alis\u00e9s \u00e0 cette \u00e9tape sont \u00e0 mettre \u00e0 l\u2019actif de l\u2019ensemble des acteurs impliqu\u00e9s dans la lutte contre cette pand\u00e9mie. Ils se sont investis. Ils se sont sacrifi\u00e9s. Certains ont \u00e9t\u00e9 contamin\u00e9s. D\u2019autres ont m\u00eame perdu la vie. Je leur rends un hommage m\u00e9rit\u00e9.<\/p>\n<p>Je me r\u00e9jouis de ce que notre peuple ait accept\u00e9 d\u2019appliquer les mesures-barri\u00e8res et les restrictions de libert\u00e9 d\u00e9cid\u00e9es par le Gouvernement.<\/p>\n<p>Toutefois, je rappelle que le COVID-19 n\u2019est pas derri\u00e8re nous. C\u2019est pourquoi, il nous faut poursuivre notre mobilisation pour le respect des mesures-barri\u00e8res et nous pr\u00e9parer \u00e0 la vaccination.<\/p>\n<p>Comme le dit l\u2019adage, mieux vaut pr\u00e9venir que gu\u00e9rir. C\u2019est la raison pour laquelle le Gouvernement pr\u00e9pare la phase d\u2019introduction du vaccin dans notre pays.<\/p>\n<p>Prenant appui sur notre longue et riche exp\u00e9rience en mati\u00e8re de vaccination, un plan national de d\u00e9ploiement de l\u2019op\u00e9ration a \u00e9t\u00e9 \u00e9labor\u00e9 \u00e0 cet effet.<\/p>\n<p>Ce document fait le point de la logistique disponible et des capacit\u00e9s de notre syst\u00e8me de sant\u00e9 \u00e0 g\u00e9rer le processus li\u00e9 \u00e0 la particularit\u00e9 de ces vaccins.<\/p>\n<p>Il d\u00e9finit \u00e9galement les populations cibles \u00e0 prioriser et la communication \u00e0 entreprendre, afin de favoriser une adh\u00e9sion volontaire et massive \u00e0 la campagne.<\/p>\n<p><strong>\u00a0<\/strong><strong>Monsieur le Pr\u00e9sident,<\/strong><\/p>\n<p><strong>Honorables D\u00e9put\u00e9s,<\/strong><\/p>\n<p>Sur le plan politique, l\u2019ann\u00e9e 2020 a marqu\u00e9 la fin du premier mandat de S.E.M. Roch Marc Christian KABORE. D\u00e8s lors, bon nombre d\u2019analystes l\u2019ont qualifi\u00e9e d\u2019ann\u00e9e de tous les dangers pour notre pays.<\/p>\n<p>En effet, la survenue du COVID-19, coupl\u00e9e aux d\u00e9fis s\u00e9curitaires persistants, aurait pu servir de pr\u00e9texte pour le report des \u00e9lections, ouvrant ainsi la porte \u00e0 une crise politique majeure. Pour \u00e9loigner de notre pays le spectre d\u2019une telle situation, le Pr\u00e9sident du Faso a initi\u00e9 un dialogue f\u00e9cond, entre les partis politiques de l\u2019opposition et de la majorit\u00e9, afin de proc\u00e9der aux r\u00e9formes consensuelles devant r\u00e9gir lesdites \u00e9lections.<\/p>\n<p>Les r\u00e9sultats de cette initiative ont servi de socle sur lequel la CENI a b\u00e2ti sa d\u00e9marche pour organiser des \u00e9lections libres, transparentes, cr\u00e9dibles et apais\u00e9es, accept\u00e9es par tous.<\/p>\n<p>Ces \u00e9lections qui ont connu la participation, pour la premi\u00e8re fois, des Burkinab\u00e8 de l\u2019ext\u00e9rieur, concr\u00e9tisent l\u2019engagement du Pr\u00e9sident du Faso de permettre \u00e0 notre diaspora\u00a0de prendre part aux scrutins \u00e9lectoraux nationaux.<\/p>\n<p>Je f\u00e9licite l\u2019ensemble des acteurs du processus \u00e9lectoral, en particulier la classe politique burkinab\u00e8, dont la maturit\u00e9 a permis la consolidation de notre d\u00e9mocratie.<\/p>\n<p>Nous devons saluer la vision et le leadership \u00e9clair\u00e9s du Pr\u00e9sident du Faso qui a su op\u00e9rer des choix politiques pertinents ayant favoris\u00e9 l\u2019organisation r\u00e9ussie de ces \u00e9lections\u00a0? dans un contexte s\u00e9curitaire et sanitaire difficile.<\/p>\n<p>Il nous appartient maintenant de travailler \u00e0 parachever le processus en cours, par l\u2019organisation des \u00e9lections municipales \u00e0 venir, dans des conditions optimales.<\/p>\n<p><strong>Monsieur le Pr\u00e9sident,<\/strong><\/p>\n<p><strong>Honorables D\u00e9put\u00e9s,<\/strong><\/p>\n<p><strong><em>L\u2019\u00e9ch\u00e9ance du Plan national de d\u00e9veloppement \u00e9conomique et social (PNDES) 2016-2020 constitue un des marqueurs significatifs de l\u2019\u00e9volution de la situation nationale.<\/em><\/strong><\/p>\n<p>Au terme de l\u2019ex\u00e9cution de ce r\u00e9f\u00e9rentiel, dans un contexte particuli\u00e8rement \u00e9prouvant, notre pays a fait preuve d\u2019une forte capacit\u00e9 de r\u00e9silience aux al\u00e9as de tous genres. En effet, malgr\u00e9 les diff\u00e9rentes adversit\u00e9s, le taux de croissance \u00e9conomique annuel moyen est ressorti \u00e0 6,2%, entre 2016 et 2019. En 2020, il a fl\u00e9chi en s\u2019\u00e9tablissant \u00e0 2,5%.<\/p>\n<p>Cette croissance, somme toute positive, doubl\u00e9e d\u2019une maitrise de l\u2019inflation autour de 1,4%, est une preuve de la bonne tenue de l\u2019\u00e9conomie nationale dans un monde en pleine r\u00e9cession.<\/p>\n<p>Je me permets de rappeler que le PNDES 2016-2020 est le r\u00e9f\u00e9rentiel national de d\u00e9veloppement qui a organis\u00e9 les engagements du premier quinquennat du Pr\u00e9sident du Faso, selon les trois axes strat\u00e9giques ci-apr\u00e8s\u00a0:<\/p>\n<ul>\n<li>r\u00e9former les institutions et moderniser l\u2019administration publique\u00a0;<\/li>\n<li>dynamiser les secteurs porteurs pour l\u2019\u00e9conomie et les emplois\u00a0;<\/li>\n<li>d\u00e9velopper le capital humain.<\/li>\n<\/ul>\n<p>Les actions engag\u00e9es en vue de r\u00e9former les institutions et de moderniser l\u2019administration publique ont eu pour but de r\u00e9pondre aux exigences d\u2019efficacit\u00e9, de transparence et de redevabilit\u00e9, socles de la gouvernance vertueuse que nous appelons de tous nos v\u0153ux.<\/p>\n<p>Au titre de la gouvernance politique, en sus du processus \u00e9lectoral dont j\u2019ai \u00e9voqu\u00e9 les succ\u00e8s plus haut, le Gouvernement a poursuivi ses efforts en faveur de la consolidation de l\u2019Etat de droit.<\/p>\n<p>Ainsi, en mati\u00e8re de justice, il a \u0153uvr\u00e9 au renforcement de l\u2019appareil judiciaire, en achevant la construction de nouveaux Tribunaux de Grande Instance (TGI) comme celui de P\u00f4, de Ouaga II et de Boulsa, l\u2019objectif \u00e9tant d\u2019am\u00e9liorer l\u2019acc\u00e8s de nos populations \u00e0 la justice.<\/p>\n<p>De m\u00eame, dans le souci d\u2019accro\u00eetre les performances des p\u00f4les judiciaires en mati\u00e8re de lutte contre les crimes \u00e9conomiques et le terrorisme, des actions ont \u00e9t\u00e9 engag\u00e9es pour conforter leurs capacit\u00e9s techniques et op\u00e9rationnelles.<\/p>\n<p>Cela a permis aux p\u00f4les ECOFI des TGI de Ouagadougou et de Bobo-Dioulasso, de juger une douzaine de dossiers de crimes \u00e9conomiques et financiers au cours de l\u2019ann\u00e9e 2020.<\/p>\n<p>Quant au p\u00f4le de lutte contre le terrorisme, les premi\u00e8res audiences seront programm\u00e9es avec l\u2019op\u00e9rationnalisation du TGI Ouaga II.<\/p>\n<p>Je voudrais rappeler que la cr\u00e9ation et l\u2019op\u00e9rationnalisation de ces p\u00f4les sp\u00e9cialis\u00e9s constituent une innovation majeure introduite dans notre syst\u00e8me judiciaire au cours du quinquennat pass\u00e9.<\/p>\n<p>Tout en f\u00e9licitant l\u2019ensemble des acteurs du monde judiciaire, je voudrais les inviter \u00e0 plus de diligence dans l\u2019instruction et le jugement des dossiers pendants devant les juridictions.<\/p>\n<p>La construction de l\u2019Etat de droit, c\u2019est \u00e9galement le respect et la promotion des droits humains. En la mati\u00e8re, toutes nos actions en faveur de la restauration de la paix, de la s\u00e9curit\u00e9 et de la justice se sont d\u00e9roul\u00e9es, en prenant en compte cette dimension de la gouvernance d\u00e9mocratique.<\/p>\n<p>C\u2019est dans ce sens que des actions de formation, d\u2019information et de sensibilisation sur diverses th\u00e9matiques des droits humains et du Droit international humanitaire, ont \u00e9t\u00e9 men\u00e9es au cours de l\u2019ann\u00e9e 2020.<\/p>\n<p>Ces sessions ont concern\u00e9 les Forces de d\u00e9fense et de s\u00e9curit\u00e9, des acteurs judiciaires et des organisations de la soci\u00e9t\u00e9 civile.<\/p>\n<p>Par ailleurs, le Gouvernement a entretenu des relations de partenariats dynamiques avec la Commission nationale des droits humains, les organisations nationales et r\u00e9gionales de d\u00e9fense des droits de l\u2019homme et le Haut-commissariat des Nations unies pour les droits de l\u2019homme. Leurs observations et critiques sont toujours examin\u00e9es avec attention par le Gouvernement, parce qu\u2019elles contribuent \u00e0 l\u2019approfondissement de notre d\u00e9mocratie.<\/p>\n<p>La construction de l\u2019Etat de droit, c\u2019est enfin le respect des libert\u00e9s individuelles et collectives.<\/p>\n<p>Sur ce point, malgr\u00e9 le contexte de crise s\u00e9curitaire et sanitaire, doubl\u00e9e d\u2019une fronde sociale jamais \u00e9gal\u00e9e dans notre pays, le Gouvernement s\u2019est impos\u00e9 une conduite exemplaire dans ce domaine.<\/p>\n<p>Il en va de m\u00eame du respect de la libert\u00e9 de presse et d\u2019acc\u00e8s \u00e0 l\u2019information.<\/p>\n<p>Sur ce plan, entre 2016 et 2020, nous avons \u00e9largi la couverture du territoire par les m\u00e9dias publics et soutenu l\u2019exploitation du r\u00e9seau de diffusion de la TNT. Ces actions ont permis entre autres, de porter le taux de couverture t\u00e9l\u00e9visuelle de 45,5% en 2015 \u00e0 98% d\u00e8s 2019, et le taux de couverture de la radiodiffusion nationale de 48% \u00e0 96% sur la m\u00eame p\u00e9riode.<\/p>\n<p>En 2020, nous avons maintenu les subventions au profit des entreprises de presse priv\u00e9e pour un montant global de 400 millions FCFA et fourni des formations aux professionnels du secteur.<\/p>\n<p>A cela, s\u2019ajoute la r\u00e9forme du fonds d\u2019appui aux m\u00e9dias priv\u00e9s qui octroie d\u00e9sormais, outre les subventions, des pr\u00eats pour l\u2019\u00e9quipement et l\u2019investissement.<\/p>\n<p>Suite \u00e0 l\u2019appel \u00e0 la tr\u00eave sociale lanc\u00e9 par le Pr\u00e9sident du Faso en d\u00e9cembre 2018, le Gouvernement n\u2019a eu de cesse d\u2019impulser un dialogue f\u00e9cond et constructif avec ses partenaires du monde du travail. Dans le dialogue sectoriel difficile dans lequel chaque membre du Gouvernement est appel\u00e9 \u00e0 s\u2019investir, nous avons appr\u00e9ci\u00e9 \u00e0 leur juste valeur, les contributions positives de certaines institutions telles que le Haut Conseil du Dialogue Social et le M\u00e9diateur du Faso.<\/p>\n<p><strong>Monsieur le Pr\u00e9sident\u00a0<\/strong><\/p>\n<p><strong>Honorables D\u00e9put\u00e9s<\/strong><\/p>\n<p>Dans le domaine de la gouvernance administrative et locale, le Gouvernement a opt\u00e9 pour une compl\u00e9mentarit\u00e9 optimale entre d\u00e9concentration et d\u00e9centralisation, afin d\u2019acc\u00e9l\u00e9rer l\u2019acc\u00e8s des populations aux services sociaux de base sur l\u2019ensemble du territoire national.<\/p>\n<p>Il s\u2019agit de doter les entit\u00e9s d\u00e9concentr\u00e9es de moyens humains, techniques, financiers et mat\u00e9riels, afin de faciliter leurs missions de soutien aux collectivit\u00e9s territoriales.<\/p>\n<p>Pour atteindre cet objectif, nous avons cr\u00e9\u00e9 l\u2019Agence nationale d\u2019appui au d\u00e9veloppement des collectivit\u00e9s territoriales et amorc\u00e9 l\u2019acc\u00e9l\u00e9ration du transfert des comp\u00e9tences et de ressources en direction de ces entit\u00e9s.<\/p>\n<p>Enfin, l\u2019op\u00e9rationnalisation du Fonds minier de d\u00e9veloppement local constitue un des acquis majeurs de la mise en \u0153uvre de notre politique de d\u00e9centralisation. Entre 2019 et 2020 le Fonds a contribu\u00e9 pour 77,7 milliards FCFA au financement des plans communaux de d\u00e9veloppement.<\/p>\n<p>La c\u00e9l\u00e9bration tournante de la f\u00eate de l\u2019Ind\u00e9pendance participe \u00e9galement \u00e0 changer le visage de nos villes \u00e0 l\u2019int\u00e9rieur du Burkina Faso et permet d\u2019amorcer une dynamique de d\u00e9veloppement local.<\/p>\n<p>C\u2019est dans cette optique que se situe l\u2019organisation r\u00e9ussie du 11 d\u00e9cembre 2020 \u00e0 Banfora, sous le th\u00e8me\u00a0: <strong><em>\u00ab\u00a0Coh\u00e9sion nationale et engagement patriotique pour un d\u00e9veloppement durable du Burkina Faso dans un contexte d\u2019ins\u00e9curit\u00e9 et de COVID-19\u00a0\u00bb.<\/em><\/strong><\/p>\n<p>Les investissements structurants r\u00e9alis\u00e9s \u00e0 cette occasion, concourent \u00e0 enclencher une nouvelle dynamique de d\u00e9veloppement de la ville de Banfora et de l\u2019ensemble de la r\u00e9gion des Cascades.<\/p>\n<p>Je voudrais traduire ma reconnaissance aux filles et aux fils de cette r\u00e9gion qui se sont investis pour le succ\u00e8s de l\u2019organisation de la f\u00eate nationale.<\/p>\n<p>Je me r\u00e9jouis des succ\u00e8s engrang\u00e9s dans les domaines de la d\u00e9centralisation et de la d\u00e9concentration, m\u00eame si les d\u00e9fis s\u00e9curitaires persistants ont plomb\u00e9 la r\u00e9alisation de nos actions dans certaines r\u00e9gions.<\/p>\n<p>Pour soutenir cette dynamique positive, le Gouvernement proc\u00e8dera \u00e9galement \u00e0 la finalisation de la Loi de programmation financi\u00e8re et du nouveau Code g\u00e9n\u00e9ral des collectivit\u00e9s territoriales. Ces projets de textes seront soumis \u00e0 l\u2019attention de votre auguste Assembl\u00e9e pour adoption.<\/p>\n<p><strong>Monsieur le Pr\u00e9sident,<\/strong><\/p>\n<p><strong>Honorables D\u00e9put\u00e9s,<\/strong><\/p>\n<p>Afin d\u2019am\u00e9liorer l\u2019efficacit\u00e9 de l\u2019administration publique dans son ensemble, nous avons entrepris des actions dans le sens d\u2019une digitalisation accrue des diff\u00e9rents services.<\/p>\n<p>Ainsi, au niveau de la Fonction publique, une plateforme \u00e9lectronique prenant en compte tous les concours, et dont l\u2019interface est adapt\u00e9e aux appareils mobiles, permet d\u2019\u00e9tendre l\u2019inscription en ligne de l\u2019ensemble des candidats.<\/p>\n<p>En outre, la r\u00e9forme des corrections \u00e9lectroniques introduite en 2019 avec le scannage a \u00e9t\u00e9 poursuivie, sans oublier l\u2019innovation majeure qui est l\u2019introduction de la composition en ligne.<\/p>\n<p>Au-del\u00e0 des actes de recrutement, le processus de digitalisation s\u2019est \u00e9tendu \u00e0 d\u2019autres services publics.<\/p>\n<p>La plateforme du guichet virtuel de l\u2019administration publique lanc\u00e9e en 2018 compte \u00e0 ce jour, plus de cinq cents proc\u00e9dures administratives des Minist\u00e8res et Institutions. Je citerai \u00e0 titre illustratif, la mise en place du syst\u00e8me E-CIVIL de g\u00e9n\u00e9ration automatique du \u00ab\u00a0registre num\u00e9rique national de l\u2019Etat civil\u00a0\u00bb.<\/p>\n<p>Nous avons \u00e9galement renforc\u00e9 la digitalisation de l\u2019administration fiscale qui permet aujourd\u2019hui aux contribuables d\u2019effectuer en ligne plusieurs proc\u00e9dures li\u00e9es \u00e0 leurs op\u00e9rations fiscales. Ces innovations ont contribu\u00e9 \u00e0 accro\u00eetre les recettes fiscales de 8,6% en moyenne par an, entre 2016 et 2020.<\/p>\n<p>L\u2019am\u00e9lioration du recouvrement des recettes fiscales n\u2019est pas le seul acquis \u00e0 mettre \u00e0 l\u2019actif de notre gouvernance \u00e9conomique et financi\u00e8re.<\/p>\n<p>A ce sujet, au cours des 5 derni\u00e8res ann\u00e9es, nous avons r\u00e9alis\u00e9 des progr\u00e8s sur le chantier de la diversification des instruments de financement de notre \u00e9conomie.<\/p>\n<p>En effet, les efforts continus du Gouvernement nous ont permis de cr\u00e9er et d\u2019op\u00e9rationnaliser la Banque Agricole du Faso, la Caisse des D\u00e9p\u00f4ts et Consignations ainsi que les instruments de financement de l\u2019entrepreneuriat, tels que le Programme Burkina Start-Up, le Programme d\u2019appui \u00e0 l\u2019entrepreneuriat des jeunes et des femmes, le Fonds national de la finance inclusive (FONAFI).<\/p>\n<p>Les acquis en mati\u00e8re de gouvernance \u00e9conomique et financi\u00e8re, concernent \u00e9galement la planification et la gestion du d\u00e9veloppement, d\u00e9sormais r\u00e9gies par un texte l\u00e9gislatif et le passage d\u00e8s 2017, au budget-programme comme mode de gestion du budget de l\u2019Etat.<\/p>\n<p>Cette option permet au Gouvernement de mieux ma\u00eetriser ses d\u00e9penses budg\u00e9taires, en d\u00e9l\u00e9guant la fonction d\u2019ordonnateur aux chefs de d\u00e9partements et d\u2019institutions.<\/p>\n<p>C\u2019est ainsi que dans le cadre de la r\u00e9duction du train de vie de l\u2019Etat, nous avons pris un ensemble de mesures portant sur la rationalisation de l\u2019\u00e9quipement en mat\u00e9riel roulant des institutions, la r\u00e8glementation des baux administratifs et la fusion de certaines de nos \u00e9coles nationales de formation professionnelle en instituts.<\/p>\n<p>Le recours au budget-programme contribue \u00e9galement \u00e0 l\u2019assainissement de nos finances publiques, parce qu\u2019il renforce nos actions de lutte contre la corruption. En la mati\u00e8re, je salue le travail remarquable de l\u2019Autorit\u00e9 Sup\u00e9rieure de Contr\u00f4le d\u2019Etat et de Lutte contre la Corruption dont les r\u00e9sultats obtenus seront davantage consolid\u00e9s par la mise en \u0153uvre de la strat\u00e9gie nationale de lutte contre la corruption en cours d\u2019\u00e9laboration.<\/p>\n<p>Le Gouvernement, pour sa part, s\u2019investira \u00e0 parachever les r\u00e9formes visant \u00e0 renforcer l\u2019efficacit\u00e9 de cette institution.<\/p>\n<p>Pour am\u00e9liorer la viabilit\u00e9 des finances de l\u2019Etat dans l\u2019avenir, mon Gouvernement renforcera ses actions en mati\u00e8re de ma\u00eetrise de la d\u00e9pense courante et de stimulation du rendement de la fiscalit\u00e9.<\/p>\n<p><strong>Monsieur le Pr\u00e9sident,<\/strong><\/p>\n<p><strong>Mesdames et Messieurs les D\u00e9put\u00e9s,<\/strong><\/p>\n<p>Notre ambition de dynamiser les secteurs porteurs pour l\u2019\u00e9conomie et les emplois a \u00e9t\u00e9 contrari\u00e9e par les effets des crises successives que le Burkina Faso a connues entre 2016 et 2020. Toutefois, de nombreux secteurs d\u2019activit\u00e9s ont produit des r\u00e9sultats plus que satisfaisants.<\/p>\n<p>Ainsi, <strong>dans le domaine de l\u2019\u00e9nergie<\/strong>, nous avons pu porter la puissance \u00e9lectrique disponible du pays de 325 M\u00e9gawatts en 2015 \u00e0 800 M\u00e9gawatts en 2020 et faire passer le nombre de localit\u00e9s \u00e9lectrifi\u00e9es de 552 \u00e0 1\u00a0511 sur la m\u00eame p\u00e9riode.<\/p>\n<p>En d\u00e9pit des progr\u00e8s sensibles r\u00e9alis\u00e9s ces derni\u00e8res ann\u00e9es, les r\u00e9cents d\u00e9lestages viennent nous rappeler que l\u2019offre \u00e9nerg\u00e9tique reste insuffisante pour satisfaire une demande en croissance continue.<\/p>\n<p>Nous devons donc acc\u00e9l\u00e9rer le d\u00e9marrage des projets de centrales \u00e9lectriques financer par la Banque Mondiale et la Banque Africaine de D\u00e9veloppement pour renforcer notre potentiel de production et accro\u00eetre l\u2019efficacit\u00e9 \u00e9nerg\u00e9tique dans le cadre de notre strat\u00e9gie de mix \u00e9nerg\u00e9tique.<\/p>\n<p>Dans ce sens, nous pouvons nous r\u00e9jouir de l\u2019acceptation en 2020, par le <em>Mill\u00e9nium Challenge Corporation<\/em>, du second compact du Burkina Faso, centr\u00e9 sur l\u2019\u00e9nergie.<\/p>\n<p>Ce programme apportera des solutions appropri\u00e9es \u00e0 l\u2019am\u00e9lioration du stockage de l\u2019\u00e9nergie solaire, au transport de l\u2019\u00e9lectricit\u00e9 et au renforcement de la gouvernance du secteur.<\/p>\n<p>Dans <strong>le domaine des Technologies de l\u2019Information et de la Communication<\/strong>, des avanc\u00e9es importantes ont \u00e9t\u00e9 enregistr\u00e9es en mati\u00e8re d\u2019infrastructures, avec le d\u00e9ploiement de 1\u00a0226 km de fibre optique, dans le cadre du projet Backbone national des t\u00e9l\u00e9communications.<\/p>\n<p>Il en est de m\u00eame avec la mise en place du point d\u2019atterrissement virtuel de Bobo-Dioulasso qui s\u2019ajoute \u00e0 celui de Ouagadougou, mis en service en 2018.<\/p>\n<p>Pour l\u2019exploitation efficace de ces \u00e9quipements, nous avons acquis de la bande passante internationale qui a permis de porter sa capacit\u00e9 de 12 \u00e0 60 Gigabits par seconde, entre 2015 et 2020.<\/p>\n<p>Ces efforts ont permis d\u2019une part, de r\u00e9duire de 84% le co\u00fbt d\u2019acquisition de la bande passante internationale par les fournisseurs d\u2019acc\u00e8s internet et de porter le taux d\u2019utilisation de l\u2019Internet de 6% \u00e0 30% entre 2015 et 2019.<\/p>\n<p>Au niveau du <strong>d\u00e9senclavement int\u00e9rieur et ext\u00e9rieur de notre pays<\/strong>, malgr\u00e9 les arr\u00eats de travaux occasionn\u00e9s par la situation s\u00e9curitaire, nous avons achev\u00e9 1\u00a0028 km de routes en travaux de bitumage, de renforcement ou d\u2019entretien p\u00e9riodique.<\/p>\n<p>Nous avons \u00e9galement engag\u00e9 le bitumage de 1\u00a0192 autres kilom\u00e8tres. Pour les pistes rurales, les travaux d\u2019am\u00e9nagement concernent un lin\u00e9aire total de 3\u00a0548 km dont 2\u00a0135 km sont achev\u00e9s.<\/p>\n<p>Notre ambition est d\u2019acc\u00e9l\u00e9rer l\u2019ach\u00e8vement des chantiers en cours ainsi que le d\u00e9marrage des nouveaux projets de d\u00e9senclavement dont les financements sont acquis.<\/p>\n<p>Toutes ces actions de renforcement des secteurs de soutien \u00e0 la production, ont permis de consolider les performances des secteurs productifs.<\/p>\n<p>Je voudrais saluer particuli\u00e8rement le dynamisme du secteur priv\u00e9 dont les investissements directs sont pass\u00e9s de 114 milliards en 2019 \u00e0 173 milliards FCFA en 2020, soit un accroissement de 52%.<\/p>\n<p>Dans le secteur des <strong>productions agro-sylvo-pastorale, halieutique et faunique<\/strong>, nous avons incontestablement r\u00e9alis\u00e9 de r\u00e9sultats satisfaisants mat\u00e9rialis\u00e9s par l\u2019accroissement de la production c\u00e9r\u00e9ali\u00e8re de pr\u00e8s de 5% par rapport \u00e0 la campagne agricole \u00e9coul\u00e9e et de 13% comparativement \u00e0 la moyenne des 5 derni\u00e8res ann\u00e9es.<\/p>\n<p>Cette hausse de la production observ\u00e9e malgr\u00e9 le recul des superficies emblav\u00e9es de plus de 181 mille hectares, est le fruit de notre accompagnement \u00e0 l\u2019endroit des producteurs.<\/p>\n<p>Elle traduit aussi les retomb\u00e9es de nos investissements dans les am\u00e9nagements agricoles dont la superficie totale r\u00e9alis\u00e9e, de 2016 \u00e0 2020, est d\u2019environ 31\u00a0000 ha, bas-fonds et p\u00e9rim\u00e8tres irrigu\u00e9s compris.<\/p>\n<p>Outre l\u2019\u00e9quipement et l\u2019investissement, nous avons accompli de nombreuses r\u00e9formes institutionnelles en vue de moderniser et accro\u00eetre la productivit\u00e9 du monde rural. Il s\u2019agit notamment\u00a0:<\/p>\n<ul>\n<li>de l\u2019adoption du code des investissements agro-sylvo-pastoral, halieutique et faunique\u00a0;<\/li>\n<li>de la mise en place de l\u2019assurance agricole et du fonds de d\u00e9veloppement agricole\u00a0;<\/li>\n<li>du recours aux moyens \u00e9lectroniques pour la distribution des intrants agricoles\u00a0;<\/li>\n<li>de la mise en place du mod\u00e8le d\u2019exploitation agricole innovante, performante et r\u00e9siliente.<\/li>\n<\/ul>\n<p>Nous devons tout de m\u00eame acc\u00e9l\u00e9rer la mise en place de l\u2019unit\u00e9 de montage des tracteurs et de l\u2019usine d\u2019engrais phosphat\u00e9, ainsi que l\u2019op\u00e9rationnalisation de la Centrale d\u2019achat des intrants et mat\u00e9riels agricoles.<\/p>\n<p>Dans le sous-secteur des <strong>ressources animales et halieutiques<\/strong>, l\u2019action men\u00e9e par le Gouvernement depuis 2016 a permis d\u2019am\u00e9liorer les taux de vaccination de la volaille et des ruminants contre les diff\u00e9rentes pathologies animales, d\u2019am\u00e9liorer la disponibilit\u00e9 des intrants et de valoriser la production animale.<\/p>\n<p>Au titre de la valorisation de la production, les r\u00e9alisations les plus visibles concernent incontestablement l\u2019abattoir frigorifique de Kaya et celui de Ouahigouya en finition.<\/p>\n<p>Nous poursuivons les d\u00e9marches pour la r\u00e9alisation des autres projets structurants de ce sous-secteur tels que la mise en place de la centrale d\u2019achat de m\u00e9dicaments v\u00e9t\u00e9rinaires, de l\u2019unit\u00e9 de production de vaccins pour animaux et le d\u00e9veloppement des bassins laitiers de Ouagadougou et de Bobo-Dioulasso.<\/p>\n<p><strong>Honorables D\u00e9put\u00e9s,<\/strong><\/p>\n<p>Dans le domaine de la promotion de l\u2019industrie et de l\u2019artisanat, le Gouvernement a men\u00e9 deux types d\u2019actions.<\/p>\n<p>Nous avons tout d\u2019abord favoris\u00e9 l\u2019implantation de nouvelles unit\u00e9s de transformation, en poursuivant l\u2019op\u00e9rationnalisation du nouveau code des investissements et en am\u00e9nageant des zones industrielles.<\/p>\n<p>Nous avons ensuite accompagn\u00e9 l\u2019artisanat dans la fili\u00e8re du textile\/coton, en dotant des coop\u00e9ratives de m\u00e9tiers \u00e0 tisser (op\u00e9ration 10\u00a0000 m\u00e9tiers) et en lab\u00e9lisant certains de nos produits.<\/p>\n<p>Nous avons enfin renforc\u00e9 le lien entre la production et l\u2019\u00e9coulement des produits industriels, en r\u00e9gulant davantage le march\u00e9 int\u00e9rieur par le maintien des mesures relatives aux autorisations sp\u00e9ciales d\u2019importation, en renfor\u00e7ant la lutte contre la fraude et la contrefa\u00e7on et en faisant la promotion de la consommation des produits locaux.<\/p>\n<p><strong>Concernant le cas particulier de l\u2019industrie mini\u00e8re,<\/strong> le Gouvernement a dot\u00e9 le secteur de lois et textes d\u2019application dont la finalit\u00e9 est d\u2019accro\u00eetre son impact sur le reste de l\u2019\u00e9conomie.<\/p>\n<p>Notre pays b\u00e9n\u00e9ficie aujourd\u2019hui des retomb\u00e9es significatives de ces r\u00e9formes, tant sur le plan de la production, notamment de l\u2019or, que sur celui de la contribution aux finances publiques. Ainsi, la production d\u2019or est pass\u00e9e de 36,5 tonnes en 2015 \u00e0 plus de 60 tonnes en 2020.<\/p>\n<p>Cela a permis de faire passer la contribution aux recettes du budget de l\u2019Etat, de 168,5 milliards FCFA en 2015 \u00e0 322,3 milliards de FCFA en 2020.<\/p>\n<p>L\u2019ach\u00e8vement en 2020 des processus d\u2019op\u00e9rationnalisation des trois fonds miniers institu\u00e9s en 2015 permet aujourd\u2019hui\u00a0:<\/p>\n<ul>\n<li>d\u2019am\u00e9liorer le financement du d\u00e9veloppement local\u00a0;<\/li>\n<li>d\u2019engager la r\u00e9habilitation et la fermeture des mines en fin de vie\u00a0;<\/li>\n<li>de poursuivre la recherche g\u00e9ologique, mini\u00e8re et le soutien \u00e0 la formation sur les sciences de la terre.<\/li>\n<\/ul>\n<p>En ce qui concerne les transports, la culture, le tourisme, les sports et loisirs, l\u2019application des mesures barri\u00e8res et de restriction des libert\u00e9s r\u00e9sultant de la lutte contre la pand\u00e9mie du COVID-19 a impact\u00e9 n\u00e9gativement leurs activit\u00e9s.<\/p>\n<p>La suspension de grandes manifestations internationales, la mise en quarantaine des villes, ont \u00e9t\u00e9 de nature \u00e0 freiner\u00a0 le d\u00e9ploiement de leurs activit\u00e9s.<\/p>\n<p>Cependant, l\u2019accompagnement du Gouvernement a permis :<\/p>\n<ul>\n<li>de mettre en \u0153uvre le programme de modernisation du parc de camions poids lourds, \u00e0 travers la subvention de l\u2019importation de 900 camions neufs\u00a0;<\/li>\n<li>d\u2019am\u00e9liorer la mobilit\u00e9 urbaine et interurbaine gr\u00e2ce \u00e0 l\u2019accroissement du parc de v\u00e9hicules de la SOTRACO et l\u2019ouverture subs\u00e9quente de nouvelles lignes\u00a0;<\/li>\n<li>d\u2019accompagner la promotion de l\u2019entreprenariat culturel et touristique, et l\u2019am\u00e9nagement de sites touristiques\u00a0;<\/li>\n<li>de construire des centres de loisirs et de proximit\u00e9 et de r\u00e9habiliter certains stades r\u00e9gionaux.<\/li>\n<\/ul>\n<p>L\u2019ensemble de nos actions visant l\u2019accroissement de la productivit\u00e9 des branches d\u2019activit\u00e9s a \u00e9t\u00e9 pos\u00e9 dans le respect de la pr\u00e9servation de l\u2019environnement, dans une perspective de d\u00e9veloppement durable.<\/p>\n<p>En effet, les r\u00e9sultats enregistr\u00e9s en mati\u00e8re de gouvernance environnementale sont \u00e9galement tr\u00e8s appr\u00e9ciables.<\/p>\n<p>Ils d\u00e9coulent notamment de la promotion de l\u2019\u00e9conomie verte, de la lutte contre les changements climatiques et la gestion durable des ressources foresti\u00e8res, fauniques et de l\u2019assainissement du cadre de vie.<\/p>\n<p>Dans ce domaine, outre l\u2019\u00e9laboration de la strat\u00e9gie de d\u00e9veloppement des \u00e9co-villages, les acquis majeurs peuvent se r\u00e9sumer comme suit\u00a0:<\/p>\n<ul>\n<li>le d\u00e9marrage de la mise en place des investissements dans 43 \u00e9co-villages pilotes\u00a0;<\/li>\n<li>la mobilisation de plus de 10 milliards FCFA aupr\u00e8s des Fonds Vert pour le Climat en vue du financement du d\u00e9veloppement durable\u00a0;<\/li>\n<li>et enfin, la mise \u00e0 jour \u00e0 hauteur de 80% des indicateurs de l\u2019Observatoire national de l\u2019environnement et du d\u00e9veloppement durable.<\/li>\n<\/ul>\n<p>Le d\u00e9veloppement du capital humain a \u00e9t\u00e9 l\u2019objectif majeur de nos politiques sociales.<\/p>\n<p>En mati\u00e8re de <strong>sant\u00e9,<\/strong> la mise en \u0153uvre de la politique sanitaire r\u00e9sultant du PNDES a amen\u00e9 \u00e0 poursuivre les actions embl\u00e9matiques des engagements du Pr\u00e9sident du Faso.<\/p>\n<p>Il s\u2019agit :<\/p>\n<ul>\n<li>de la gratuit\u00e9 des soins pour les femmes et les enfants de moins de 5 ans que nous avons \u00e9largie aux personnes indigentes,\u00a0ce qui a contribu\u00e9 \u00e0 r\u00e9duire la l\u00e9talit\u00e9 due au paludisme chez les enfants de moins de 5 ans ;<\/li>\n<li>de la construction, l\u2019\u00e9quipement et la normalisation des structures sanitaires, afin de r\u00e9duire le rayon moyen d\u2019action th\u00e9orique des formations sanitaires de 6,7 km en 2015 \u00e0 6,3 km en 2019\u00a0;<\/li>\n<li>de la transformation des CHR en CHU avec le renforcement de leur personnel par l\u2019affectation de m\u00e9decins sp\u00e9cialistes\u00a0;<\/li>\n<li>de la gratuit\u00e9 de la planification familiale qui a permis de renforcer l\u2019acc\u00e8s des femmes \u00e0 la contraception moderne.<\/li>\n<\/ul>\n<p>Dans <strong>le secteur de l\u2019eau<\/strong>, l\u2019engagement \u00ab\u00a0z\u00e9ro corv\u00e9e d\u2019eau\u00a0\u00bb reste la r\u00e9f\u00e9rence de nos actions.<\/p>\n<p>Elles se sont traduites par la r\u00e9alisation et la r\u00e9habilitation de nombreux forages, de syst\u00e8mes d\u2019Adduction d\u2019eau potable simplifi\u00e9s, de nouveaux branchements au r\u00e9seau d\u2019adduction d\u2019eau de l\u2019ONEA.<\/p>\n<p>Entre 2016 et 2020, le Gouvernement a \u00e9galement construit et r\u00e9habilit\u00e9 une quarantaine de barrages pour la mobilisation de l\u2019eau de surface, dans la perspective d\u2019alimenter en eau certaines de nos villes.<\/p>\n<p>Toutes ces actions ont favoris\u00e9 l\u2019acc\u00e8s des populations \u00e0 l\u2019eau potable. Ainsi, le taux d\u2019acc\u00e8s \u00e0 l\u2019eau potable est pass\u00e9 de 72,4% en 2016 \u00e0 76,4% en 2020.<\/p>\n<p>Au titre de <strong>l\u2019assainissement<\/strong>, le programme d\u00e9ploy\u00e9 depuis 2016 a permis de construire des latrines \u00e0 usage familial ou collectif, des centres de traitement et de valorisation des d\u00e9chets plastiques.<\/p>\n<p>Environ 260 mille habitants suppl\u00e9mentaires en milieu rural et urbain sont b\u00e9n\u00e9ficiaires de ces r\u00e9alisations.<\/p>\n<p>Dans <strong>le domaine de l\u2019urbanisme et de l\u2019habitat, le Programme 40\u00a0000 logements sociaux et \u00e9conomiques a \u00e9t\u00e9 poursuivi<\/strong> en 2020. Plus de 1 000 habitations ont \u00e9t\u00e9 construites, portant \u00e0 5 750, le nombre total de logements r\u00e9alis\u00e9s entre 2016 et 2020.<\/p>\n<p>Ces r\u00e9sultats sont tributaires des difficult\u00e9s li\u00e9es \u00e0\u00a0:<\/p>\n<ul>\n<li>la mobilisation du foncier urbain pour les besoins des am\u00e9nagements publics\u00a0;<\/li>\n<li>la mobilisation d\u2019un financement appropri\u00e9 pour la production de logements accessibles aux populations\u00a0;<\/li>\n<li>l\u2019implication des acteurs priv\u00e9s de la promotion immobili\u00e8re.<\/li>\n<\/ul>\n<p><strong>Monsieur le Pr\u00e9sident,<\/strong><\/p>\n<p><strong>Honorables D\u00e9put\u00e9s,<\/strong><\/p>\n<p>L\u2019\u00e9ducation nationale a \u00e9galement \u00e9t\u00e9 l\u2019un des secteurs les plus affect\u00e9s par la situation sanitaire et s\u00e9curitaire. \u00a0Elle a occasionn\u00e9 la fermeture de certains \u00e9tablissements dans les zones \u00e0 d\u00e9fis s\u00e9curitaires et provoqu\u00e9 l\u2019arr\u00eat momentan\u00e9 des activit\u00e9s p\u00e9dagogiques sur l\u2019ensemble du territoire national.<\/p>\n<p>Dans le contexte de la pand\u00e9mie, le Gouvernement a travaill\u00e9 \u00e0 la reprise des cours dans les classes d\u2019examens et \u00e0 l\u2019\u00e9valuation, suivie de la validation de l\u2019ann\u00e9e scolaire.<\/p>\n<p>Nous pouvons nous r\u00e9jouir particuli\u00e8rement de l\u2019organisation r\u00e9ussie des examens de l\u2019ann\u00e9e scolaire 2019\/2020.<\/p>\n<p>Cette performance est \u00e0 l\u2019actif de l\u2019ensemble des acteurs de l\u2019\u00e9ducation qui se sont investis pour que nous puissions ensemble sauver l\u2019ann\u00e9e et rouvrir plus de 400 \u00e9tablissements dans les zones \u00e0 d\u00e9fis s\u00e9curitaires.<\/p>\n<p>Les difficult\u00e9s que nous avons rencontr\u00e9es n\u2019ont donc pas alt\u00e9r\u00e9 notre d\u00e9termination \u00e0 poursuivre et r\u00e9ussir la mise en \u0153uvre des politiques \u00e9ducatives \u00e0 travers le renforcement de l\u2019acc\u00e8s et de la qualit\u00e9 de l\u2019\u00e9ducation dans les diff\u00e9rents ordres d\u2019enseignement.<\/p>\n<p>Tous les progr\u00e8s significatifs r\u00e9alis\u00e9s par notre syst\u00e8me \u00e9ducatif, l\u2019ont \u00e9t\u00e9 suite \u00e0 des choix raisonn\u00e9s du Gouvernement et des acteurs, d\u2019adapter l\u2019\u00e9ducation aux besoins de notre \u00e9conomie et aux exigences de l\u2019environnement international.<\/p>\n<p>C\u2019est ce qui justifie\u00a0:<\/p>\n<ul>\n<li>la cr\u00e9ation des \u00e9tablissements d\u2019enseignement et de formation technique et professionnelle\u00a0;<\/li>\n<li>les r\u00e9formes institutionnelles et des programmes d\u2019enseignement et de formation.<\/li>\n<\/ul>\n<p><strong>Monsieur le Pr\u00e9sident,<\/strong><\/p>\n<p>Je m\u2019en voudrais de ne pas exprimer toute mon amertume devant les soubresauts que connait le monde scolaire depuis quelque temps. J\u2019appelle solennellement tous les acteurs du syst\u00e8me \u00e9ducatif et particuli\u00e8rement les \u00e9l\u00e8ves, \u00e0 cesser les violences inacceptables dans les \u00e9tablissements d\u2019enseignement et \u00e0 reprendre les cours, afin de terminer l\u2019ann\u00e9e scolaire.<\/p>\n<p>Je les invite \u00e0 savoir raison garder, dans la mesure o\u00f9 l\u2019organisation prochaine des assises nationales sur l\u2019\u00e9ducation offrira l\u2019occasion de penser l\u2019\u00e9cole de demain.<\/p>\n<p>Dans le domaine de <strong>l\u2019enseignement sup\u00e9rieur, de la recherche et de l\u2019innovation<\/strong>, le Gouvernement a accord\u00e9 une grande priorit\u00e9 \u00e0 la cr\u00e9ation et \u00e0 l\u2019ouverture des centres universitaires r\u00e9gionaux.<\/p>\n<p>Pour ce faire, nous travaillons \u00e0 les rendre op\u00e9rationnels, en acc\u00e9l\u00e9rant les investissements, l\u2019\u00e9quipement des infrastructures et en poursuivant le recrutement et l\u2019affectation du personnel enseignant et de recherche.<\/p>\n<p>Par ailleurs, afin de rendre effectif le basculement vers les formations techniques et professionnelles dans l\u2019enseignement sup\u00e9rieur, le Gouvernement a continu\u00e9 le processus d\u2019op\u00e9rationnalisation de l\u2019Ecole polytechnique de Ouagadougou.<\/p>\n<p>Nous pouvons nous satisfaire d\u2019avoir engag\u00e9 l\u2019op\u00e9ration <strong>\u00ab\u00a0un \u00e9tudiant, un ordinateur\u00a0\u00bb<\/strong>, pour am\u00e9liorer les conditions d\u2019apprentissage et la qualit\u00e9 de la formation universitaire. Ainsi, en 2020, plus de 8\u00a0000 ordinateurs ont \u00e9t\u00e9 mis \u00e0 leur disposition.<\/p>\n<p>Enfin, l\u2019accroissement substantiel du financement de la <strong>Recherche et de l\u2019Innovation<\/strong> en tant que leviers de d\u00e9veloppement, a permis la mise en route des premiers programmes f\u00e9d\u00e9rateurs de recherche et la s\u00e9curisation des stations de recherche.<\/p>\n<p><strong>Dans le cadre de l\u2019acc\u00e8s des jeunes et des femmes \u00e0 l\u2019emploi et \u00e0 la protection sociale<\/strong>, de nouveaux agents ont \u00e9t\u00e9 recrut\u00e9s au profit de l\u2019Administration publique et de jeunes dipl\u00f4m\u00e9s ou qualifi\u00e9s, engag\u00e9s sur les chantiers de d\u00e9veloppement.<\/p>\n<p>Le Gouvernement a travaill\u00e9 dans l\u2019optique de promouvoir et dynamiser l\u2019autonomisation \u00e9conomique et l\u2019employabilit\u00e9 de ces acteurs importants de notre soci\u00e9t\u00e9. La formation professionnelle et l\u2019apprentissage ainsi que le financement des microprojets ont \u00e9t\u00e9 les leviers sur lesquels le Gouvernement a agi.<\/p>\n<p>Nous avons ainsi form\u00e9 plus de 109 mille jeunes \u00e0 l\u2019entrepreneuriat.<\/p>\n<p>Les diff\u00e9rents fonds nationaux ont mis \u00e0 la disposition de 69\u00a0000 jeunes et femmes, des cr\u00e9dits pour financer leurs projets. En outre, 714 mille activit\u00e9s g\u00e9n\u00e9ratrices de revenus (AGR) ont \u00e9t\u00e9 soutenues par le Fonds d\u2019appui aux activit\u00e9s g\u00e9n\u00e9ratrices de revenus des femmes (FAARF).<\/p>\n<p>Nous avons aussi aid\u00e9 les jeunes et les femmes porteurs d\u2019initiatives entrepreneuriales ou d\u2019activit\u00e9s g\u00e9n\u00e9ratrices de revenus, \u00e0 s\u2019affranchir de leur vuln\u00e9rabilit\u00e9.<\/p>\n<p><strong>Honorables D\u00e9put\u00e9s,<\/strong><\/p>\n<p>Nonobstant les multiples difficult\u00e9s qui ont jalonn\u00e9 la p\u00e9riode de mise en \u0153uvre du PNDES, nous avons engrang\u00e9 des r\u00e9sultats tout \u00e0 fait acceptables, voire satisfaisants. Le taux d\u2019ex\u00e9cution physique de ce r\u00e9f\u00e9rentiel est ressorti \u00e0 73,7% en fin 2020.<\/p>\n<p>Sur le plan de son financement, nous avons fra\u00eechement en m\u00e9moire que le document avait \u00e9t\u00e9 adopt\u00e9 avec un besoin de financement qui s\u2019\u00e9levait \u00e0 5\u00a0570 milliards de FCFA.<\/p>\n<p>A la date du 31 d\u00e9cembre 2020, gr\u00e2ce au dynamisme de notre diplomatie financi\u00e8re, nous avons pu lever 5\u00a0035 milliards de FCFA, soit un taux de mobilisation du besoin de financement de 90%.<\/p>\n<p>En y int\u00e9grant nos ressources propres dont le taux de mobilisation s\u2019\u00e9l\u00e8ve \u00e0 77%, le taux global de mobilisation des ressources pour financer le PNDES est ressorti \u00e0 82% au 31 d\u00e9cembre 2020.<\/p>\n<p>En cette occasion solennelle, je voudrais r\u00e9it\u00e9rer ma profonde gratitude \u00e0 tous nos partenaires pour le capital de sympathie dont le Burkina Faso a b\u00e9n\u00e9fici\u00e9 de leur part, tout au long de la mise en \u0153uvre du PNDES.<\/p>\n<p>Ce r\u00e9f\u00e9rentiel de d\u00e9veloppement nous a permis d\u2019engranger des acquis majeurs, notamment en termes de consolidation de l\u2019Etat de droit et d\u2019am\u00e9lioration des conditions de vie de nos populations.<\/p>\n<p>La stabilit\u00e9 de nos institutions que nous avons renforc\u00e9e, et les r\u00e9sultats atteints en mati\u00e8re de transformation des bases productives de notre \u00e9conomie, ont fait aujourd\u2019hui du Burkina Faso, un des pays les plus comp\u00e9titifs de la sous-r\u00e9gion.<\/p>\n<p>Ces acquis ont permis de cr\u00e9er des emplois et des richesses dont la redistribution, \u00e0 travers nos politiques sociales, a \u00e9t\u00e9 largement en faveur des couches les moins favoris\u00e9es.<\/p>\n<p>Cependant, nous devrons savoir que notre pays n\u2019est pas encore sorti de sa situation de fragilit\u00e9 s\u00e9curitaire, sanitaire et socio-\u00e9conomique.<\/p>\n<p>Le d\u00e9veloppement \u00e9tant un processus dynamique et continu, l\u2019atteinte d\u2019un tel objectif est comme la poursuite de l\u2019horizon qui s\u2019\u00e9loigne au fur et \u00e0 mesure que l\u2019on s\u2019en approche.<\/p>\n<p>Mes sorties dans les r\u00e9gions m\u2019ont davantage instruit sur les efforts qui restent \u00e0 accomplir pour r\u00e9duire durablement et significativement la pauvret\u00e9.<\/p>\n<p>C\u2019est \u00e0 cet \u00e9gard que le Pr\u00e9sident du Faso nous invite \u00e0 travers son programme de soci\u00e9t\u00e9, \u00e0 nous mettre\u00a0: <strong>\u00ab\u00a0Ensemble et en mouvement pour reformer l\u2019\u00e9tat, l\u2019administration publique, garantir la s\u00e9curit\u00e9, la stabilit\u00e9 et renforcer la r\u00e9silience \u00e9conomique du Burkina Faso\u00a0\u00bb.<\/strong><\/p>\n<p><strong>\u00a0<\/strong>Les perspectives d\u2019actions du Gouvernement s\u2019inscrivent, comme je l\u2019ai annonc\u00e9 lors de ma d\u00e9claration de politique g\u00e9n\u00e9rale, dans quatre axes majeurs, \u00e0 savoir\u00a0:<\/p>\n<ul>\n<li>la consolidation de la paix, de la s\u00e9curit\u00e9 et de la coh\u00e9sion sociale\u00a0et la promotion de la r\u00e9conciliation nationale ;<\/li>\n<li>l\u2019approfondissement de la r\u00e9forme des institutions et la modernisation de l\u2019administration publique\u00a0;<\/li>\n<li>la consolidation de la dynamique amorc\u00e9e de transformation des bases productives de l\u2019\u00e9conomie nationale\u00a0;<\/li>\n<li>la consolidation du d\u00e9veloppement humain et de la solidarit\u00e9.<\/li>\n<\/ul>\n<p>Ces axes tirent leurs fondements des chantiers trac\u00e9s par le Pr\u00e9sident du Faso et constituent \u00e9galement les orientations majeures du nouveau r\u00e9f\u00e9rentiel de d\u00e9veloppement en cours de finalisation.<\/p>\n<p><strong>\u00a0<\/strong><strong>Monsieur le Pr\u00e9sident,<\/strong><\/p>\n<p><strong>Honorables D\u00e9put\u00e9s,<\/strong><\/p>\n<p><strong>Mesdames et Messieurs,<\/strong><\/p>\n<p>Le progr\u00e8s auquel nous aspirons tous est \u00e0 port\u00e9e de main, si nous savons nous unir autour de l\u2019essentiel. L\u2019atteinte de cet objectif ultime n\u00e9cessite l\u2019union sacr\u00e9e des filles et fils du pays, aujourd\u2019hui plus qu\u2019hier, pour faire face aux diff\u00e9rentes adversit\u00e9s.<\/p>\n<p>Le Burkina Faso est un et indivisible. Tous les Burkinab\u00e8 se doivent de se retrouver autour du Gouvernement, pour r\u00e9aliser les chantiers du Pr\u00e9sident du Faso, dans le cadre de ce nouveau quinquennat 2021-2025.<\/p>\n<p>Il est imp\u00e9ratif que nous nous donnions la main pour construire le Burkina Faso et d\u2019en faire un pays r\u00e9concili\u00e9 avec lui-m\u00eame qui s\u2019impose dans le concert des nations.<\/p>\n<p>Je lance donc un appel aux Burkinab\u00e8, d\u2019ici et d\u2019ailleurs, et \u00e0 nos partenaires au d\u00e9veloppement, afin qu\u2019ensemble, nous nous mobilisions pour la mise en \u0153uvre du r\u00e9f\u00e9rentiel qui sera bient\u00f4t adopt\u00e9.<\/p>\n<p>Au terme de cet expos\u00e9 sur la situation de la nation que je suis venu vous pr\u00e9senter, je vous r\u00e9it\u00e8re ma gratitude pour l\u2019attention \u00e0 moi accord\u00e9e et je me tiens \u00e0 votre disposition pour r\u00e9pondre aux questions qui seront formul\u00e9es.<\/p>\n<p><strong><em>\u00a0<\/em><\/strong><strong><em>Je vous remercie.<\/em><\/strong><\/p>\n<div class=\"td-a-rec td-a-rec-id-content_bottom tdi_33_234 td_block_template_1\">\n<p><img loading=\"lazy\" decoding=\"async\" class=\"aligncenter size-full wp-image-27454\" src=\"https:\/\/www.sidwaya.info\/wp-content\/uploads\/2020\/10\/PUB-Bandeau-paiement-mobile-siteweb.jpg\" alt=\"\" width=\"728\" height=\"90\"\/><\/div>\n<p>Auteur: BS. Sidwaya<br \/>\n<a href=\"https:\/\/www.sidwaya.info\/blog\/2021\/05\/21\/discours-sur-la-situation-de-la-nation-2021-integralite\/\">Cliquez ici pour lire l&rsquo;article depuis sa source.<\/a><\/p>\n","protected":false},"excerpt":{"rendered":"<p>Apr\u00e8s le discours, les d\u00e9put\u00e9s ont pos\u00e9 des questions d\u2019int\u00e9r\u00eat dans divers domaines. \u00a0Discours sur la situation de la nation 2021 du \u00a0Premier Ministre, Chef du Gouvernement Christophe Joseph Marie DABIRE en integralit\u00e9. \u00a0Monsieur le Pr\u00e9sident, Honorables D\u00e9put\u00e9s, Mesdames et Messieurs, Le 4 f\u00e9vrier dernier, j\u2019ai pr\u00e9sent\u00e9 \u00e0 votre auguste Assembl\u00e9e la feuille de route [&hellip;]<\/p>\n","protected":false},"author":1816,"featured_media":0,"comment_status":"closed","ping_status":"closed","sticky":false,"template":"","format":"standard","meta":{"fifu_image_url":"https:\/\/www.sidwaya.info\/wp-content\/uploads\/2021\/05\/oal2-696x465.jpg","fifu_image_alt":"Discours sur la situation de la nation 2021 (int\u00e9gralit\u00e9)","footnotes":""},"categories":[73,81],"tags":[],"class_list":["post-117179","post","type-post","status-publish","format-standard","hentry","category-actualite","category-burkina-faso"],"_links":{"self":[{"href":"https:\/\/linitiative.ca\/International\/wp-json\/wp\/v2\/posts\/117179","targetHints":{"allow":["GET"]}}],"collection":[{"href":"https:\/\/linitiative.ca\/International\/wp-json\/wp\/v2\/posts"}],"about":[{"href":"https:\/\/linitiative.ca\/International\/wp-json\/wp\/v2\/types\/post"}],"author":[{"embeddable":true,"href":"https:\/\/linitiative.ca\/International\/wp-json\/wp\/v2\/users\/1816"}],"replies":[{"embeddable":true,"href":"https:\/\/linitiative.ca\/International\/wp-json\/wp\/v2\/comments?post=117179"}],"version-history":[{"count":0,"href":"https:\/\/linitiative.ca\/International\/wp-json\/wp\/v2\/posts\/117179\/revisions"}],"wp:attachment":[{"href":"https:\/\/linitiative.ca\/International\/wp-json\/wp\/v2\/media?parent=117179"}],"wp:term":[{"taxonomy":"category","embeddable":true,"href":"https:\/\/linitiative.ca\/International\/wp-json\/wp\/v2\/categories?post=117179"},{"taxonomy":"post_tag","embeddable":true,"href":"https:\/\/linitiative.ca\/International\/wp-json\/wp\/v2\/tags?post=117179"}],"curies":[{"name":"wp","href":"https:\/\/api.w.org\/{rel}","templated":true}]}}