{"id":117180,"date":"2021-05-21T14:18:02","date_gmt":"2021-05-21T18:18:02","guid":{"rendered":"https:\/\/linitiative.ca\/International\/cote-divoire-112-milliards-fcfa-denergie-gaspillee-dans-les-menages-et-services-par-an\/"},"modified":"2021-05-21T14:18:02","modified_gmt":"2021-05-21T18:18:02","slug":"cote-divoire-112-milliards-fcfa-denergie-gaspillee-dans-les-menages-et-services-par-an","status":"publish","type":"post","link":"https:\/\/linitiative.ca\/International\/cote-divoire-112-milliards-fcfa-denergie-gaspillee-dans-les-menages-et-services-par-an\/","title":{"rendered":"C\u00f4te d\u2019Ivoire: 112 milliards Fcfa d\u2019\u00e9nergie gaspill\u00e9e dans les m\u00e9nages et services par an"},"content":{"rendered":"<div readability=\"32\">\n<p>Publi\u00e9 le 21.05.2021 \u00e0 19h18 par APA News<\/p>\n<\/div>\n<div readability=\"116\">\n<p>Le gaspillage de l\u2019\u00e9nergie dans les m\u00e9nages et les services en C\u00f4te d\u2019Ivoire est estim\u00e9 \u00e0 environ 112 milliards Fcfa, selon des \u00e9tudes de Lynays, une structure sp\u00e9cialis\u00e9e dans la gestion intelligente des mouvements d\u2019\u00e9nergie.<\/p>\n<p>Selon Emmanuel Y\u00e9o, le pr\u00e9sident directeur g\u00e9n\u00e9ral de cette entreprise qui s\u2019exprimait, jeudi, face \u00e0 la presse, dans les m\u00e9nages, le gaspillage d\u2019\u00e9nergie, repr\u00e9sente \u00ab\u00a0715.759.000 kWh \u00d7 77,88 Fcfa\/KWh\u00a0\u00bb par an, soit 55,74 milliards Fcfa, tandis que dans les services, l\u2019on a un volume de \u00ab\u00a0813.691.000 kWh \u00d7 69,09 Fcfa\/KWh par an ce qui \u00e9quivaut \u00e0 56,2 milliards Fcfa.<\/p>\n<p>Le total du gaspillage dans les services\/commerces et les m\u00e9nages donnent 1.529.450 Mwh par an, soit environ 112 milliards Fcfa. L\u2019entreprise estime par cons\u00e9quent qu&rsquo;\u00a0\u00bbune centrale d\u2019environ 218 MW serait suffisante pour combler le d\u00e9ficit \u00e9nerg\u00e9tique aujourd\u2019hui\u00a0\u00bb en C\u00f4te d\u2019Ivoire.<\/p>\n<p>Le cumul du gaspillage d\u2019\u00e9nergie dans les \u00a0services, les b\u00e2timents \u00a0et le secteur tertiaire par an est de 813.691 Mwh \u00a0(2.324.831 Mwh \u00d70,35). L\u2019\u00e9tude ressort en outre que le total du gaspillage dans les commerces-services et les m\u00e9nages est de 1.529.450 Mwh\/an.<\/p>\n<p>Pour M. Y\u00e9o, \u00ab\u00a0s\u2019il y a beaucoup de gaspillages d\u2019\u00e9nergie \u00e9lectrique, la demande augmente anormalement et il y a un d\u00e9ficit qui contraint \u00e0 un effacement (coupure) d\u2019une partie de la demande pour \u00e9quilibrer la demande et la production\u00a0\u00bb.<\/p>\n<p>Face \u00e0 cette situation, cette structure a d\u00e9velopp\u00e9 des technologies innovantes pour les b\u00e2timents administratifs, les entreprises, les sites industriels et r\u00e9sidentiels. Et ce, pour permettre une \u00e9conomie d\u2019\u00e9nergie.<\/p>\n<p>Pr\u00e8s de 75% des pays sur le continent souffre de probl\u00e8mes \u00e9nerg\u00e9tiques. \u00ab Pour s\u2019industrialiser, il faut \u00eatre champion dans la gestion intelligente des mouvements d\u2019\u00e9nergie. Si on le fait, on pourra s\u2019industrialiser \u00e0 moindre co\u00fbt \u00bb, a expliqu\u00e9 le patron de Lynays.<\/p>\n<p>3Chacun de nous doit faire un effort pour r\u00e9duire sa consommation \u00bb, a-t-il plaid\u00e9, soulignant que le programme de 60 000 logements en C\u00f4te d\u2019Ivoire, n\u00e9cessitera une capacit\u00e9 de 120 \u00e0 130 Mgw.\u00a0<\/p>\n<p>Avec son coffret \u00e9lectrique intelligent, une solution sp\u00e9ciale pour les b\u00e2timents, les personnes morales et physiques peuvent r\u00e9duire leur consommation d\u2019\u00e9lectricit\u00e9 de 15 \u00e0 45% ainsi que leur facture d\u2019\u00e9lectricit\u00e9 de 10 \u00e0 50%.<\/p>\n<p>Outre l\u2019hydro\u00e9lectricit\u00e9 et thermique utilis\u00e9es principalement en C\u00f4te d\u2019Ivoire, Emmanuel Y\u00e9o exhorte au d\u00e9veloppement de l\u2019\u00e9nergie solaire, de la biomasse, de l\u2019\u00e9nergie \u00e9olienne et la g\u00e9othermie pour combler efficacement le gap \u00e9nerg\u00e9tique que traverse la C\u00f4te d\u2019Ivoire.<\/p>\n<p>Sa structure recommande ailleurs le coffret hydro intelligent, une autre solution pour l\u2019\u00e9conomie d\u2019eau potable. Un \u00e9quipement qui permet de r\u00e9duire sa consommation d\u2019eau de 15 \u00e0 45% et ses factures de 10 \u00e0 50%.<\/p>\n<p>La C\u00f4te d\u2019Ivoire traverse actuellement une crise \u00e9nerg\u00e9tique due \u00e0 des incidents au niveau de la production \u00e9lectrique et \u00e0 un ass\u00e8chement des barrages hydro\u00e9lectriques d\u00fb aux changements climatiques. Le pays conna\u00eet aujourd\u2019hui un rationnement \u00e9lectrique.<\/p>\n<\/div>\n<p>Auteur: APA News<br \/>\n<a href=\"https:\/\/www.journalducameroun.com\/cote-divoire-112-milliards-fcfa-denergie-gaspillee-dans-les-menages-et-services-par-an\/\">Cliquez ici pour lire l&rsquo;article depuis sa source.<\/a><\/p>\n","protected":false},"excerpt":{"rendered":"<p>Publi\u00e9 le 21.05.2021 \u00e0 19h18 par APA News Le gaspillage de l\u2019\u00e9nergie dans les m\u00e9nages et les services en C\u00f4te d\u2019Ivoire est estim\u00e9 \u00e0 environ 112 milliards Fcfa, selon des \u00e9tudes de Lynays, une structure sp\u00e9cialis\u00e9e dans la gestion intelligente des mouvements d\u2019\u00e9nergie. Selon Emmanuel Y\u00e9o, le pr\u00e9sident directeur g\u00e9n\u00e9ral de cette entreprise qui s\u2019exprimait, [&hellip;]<\/p>\n","protected":false},"author":1965,"featured_media":0,"comment_status":"closed","ping_status":"closed","sticky":false,"template":"","format":"standard","meta":{"fifu_image_url":"","fifu_image_alt":"","footnotes":""},"categories":[73,82],"tags":[],"class_list":["post-117180","post","type-post","status-publish","format-standard","hentry","category-actualite","category-cameroun"],"_links":{"self":[{"href":"https:\/\/linitiative.ca\/International\/wp-json\/wp\/v2\/posts\/117180","targetHints":{"allow":["GET"]}}],"collection":[{"href":"https:\/\/linitiative.ca\/International\/wp-json\/wp\/v2\/posts"}],"about":[{"href":"https:\/\/linitiative.ca\/International\/wp-json\/wp\/v2\/types\/post"}],"author":[{"embeddable":true,"href":"https:\/\/linitiative.ca\/International\/wp-json\/wp\/v2\/users\/1965"}],"replies":[{"embeddable":true,"href":"https:\/\/linitiative.ca\/International\/wp-json\/wp\/v2\/comments?post=117180"}],"version-history":[{"count":0,"href":"https:\/\/linitiative.ca\/International\/wp-json\/wp\/v2\/posts\/117180\/revisions"}],"wp:attachment":[{"href":"https:\/\/linitiative.ca\/International\/wp-json\/wp\/v2\/media?parent=117180"}],"wp:term":[{"taxonomy":"category","embeddable":true,"href":"https:\/\/linitiative.ca\/International\/wp-json\/wp\/v2\/categories?post=117180"},{"taxonomy":"post_tag","embeddable":true,"href":"https:\/\/linitiative.ca\/International\/wp-json\/wp\/v2\/tags?post=117180"}],"curies":[{"name":"wp","href":"https:\/\/api.w.org\/{rel}","templated":true}]}}