{"id":117181,"date":"2021-05-21T14:53:01","date_gmt":"2021-05-21T18:53:01","guid":{"rendered":"https:\/\/linitiative.ca\/International\/cameroun-sortie-de-piste-dun-avion-camair-co-a-laeroport-de-nsimalen\/"},"modified":"2021-05-21T14:53:01","modified_gmt":"2021-05-21T18:53:01","slug":"cameroun-sortie-de-piste-dun-avion-camair-co-a-laeroport-de-nsimalen","status":"publish","type":"post","link":"https:\/\/linitiative.ca\/International\/cameroun-sortie-de-piste-dun-avion-camair-co-a-laeroport-de-nsimalen\/","title":{"rendered":"Cameroun : sortie de piste d\u2019un avion Camair-co \u00e0 l\u2019a\u00e9roport de Nsimalen"},"content":{"rendered":"<div readability=\"32\">\n<p>Publi\u00e9 le 21.05.2021 \u00e0 19h53 par Christian Djimadeu<\/p>\n<\/div>\n<div readability=\"51\">\n<h5 class=\"c9\">Un Embraer 135 lou\u00e9 par Camair-co \u00e0 la compagnie \u00e9quato-guineenne Cronos Airlines vient manquer son atterrissage.<\/h5>\n<p class=\"c10\">Camair-Co passe \u00e0 c\u00f4t\u00e9 d\u2019un crash ce 21 mai 2021.\u00a0Un Embraer 135 lou\u00e9\u00a0 \u00e0 la compagnie \u00e9quato-guineenne Cronos Airlines a effectu\u00e9 une sortie de piste ce soir, sous le ciel pluvieux de la capitale.<\/p>\n<p class=\"c10\">Au moment de mettre l\u2019article en ligne, notre source au sein de l\u2019aa\u00e9ronef indiquait qu\u2019aucun bless\u00e9 n\u2019a \u00e9t\u00e9\u00a0 enregistr\u00e9. Les 31 passagers \u00e0 bord s\u2019en sont tir\u00e9s sans la moindre \u00e9gratinure.\u00a0 Le personnel de piste tente de faire d\u00e9clencher les toboggans pour \u00e9vacuer les passagers.<\/p>\n<p class=\"c10\">Apr\u00e8s l\u2019incident, les pompiers se sont mu\u00e9s autour de l\u2019avion pour parer \u00e0 toute \u00e9ventualit\u00e9.<\/p>\n<p class=\"c10\">A noter que l\u2019avion \u00e9tait en provenance de la capitale \u00e9conomique Douala.<\/p>\n<p class=\"c10\">Votre site d\u2019information Journal du Cameroun.com, vous livrera la suite des informations dans les prochaines heures.<\/p>\n<\/div>\n<p>Auteur: Christian DJIMADEU<br \/>\n<a href=\"https:\/\/www.journalducameroun.com\/cameroun-sortie-de-piste-dun-avion-camair-co-a-laeroport-de-nsimalen-cameroun\/\">Cliquez ici pour lire l&rsquo;article depuis sa source.<\/a><\/p>\n","protected":false},"excerpt":{"rendered":"<p>Publi\u00e9 le 21.05.2021 \u00e0 19h53 par Christian Djimadeu Un Embraer 135 lou\u00e9 par Camair-co \u00e0 la compagnie \u00e9quato-guineenne Cronos Airlines vient manquer son atterrissage. Camair-Co passe \u00e0 c\u00f4t\u00e9 d\u2019un crash ce 21 mai 2021.\u00a0Un Embraer 135 lou\u00e9\u00a0 \u00e0 la compagnie \u00e9quato-guineenne Cronos Airlines a effectu\u00e9 une sortie de piste ce soir, sous le ciel pluvieux [&hellip;]<\/p>\n","protected":false},"author":1965,"featured_media":0,"comment_status":"closed","ping_status":"closed","sticky":false,"template":"","format":"standard","meta":{"fifu_image_url":"","fifu_image_alt":"","footnotes":""},"categories":[73,82],"tags":[],"class_list":["post-117181","post","type-post","status-publish","format-standard","hentry","category-actualite","category-cameroun"],"_links":{"self":[{"href":"https:\/\/linitiative.ca\/International\/wp-json\/wp\/v2\/posts\/117181","targetHints":{"allow":["GET"]}}],"collection":[{"href":"https:\/\/linitiative.ca\/International\/wp-json\/wp\/v2\/posts"}],"about":[{"href":"https:\/\/linitiative.ca\/International\/wp-json\/wp\/v2\/types\/post"}],"author":[{"embeddable":true,"href":"https:\/\/linitiative.ca\/International\/wp-json\/wp\/v2\/users\/1965"}],"replies":[{"embeddable":true,"href":"https:\/\/linitiative.ca\/International\/wp-json\/wp\/v2\/comments?post=117181"}],"version-history":[{"count":0,"href":"https:\/\/linitiative.ca\/International\/wp-json\/wp\/v2\/posts\/117181\/revisions"}],"wp:attachment":[{"href":"https:\/\/linitiative.ca\/International\/wp-json\/wp\/v2\/media?parent=117181"}],"wp:term":[{"taxonomy":"category","embeddable":true,"href":"https:\/\/linitiative.ca\/International\/wp-json\/wp\/v2\/categories?post=117181"},{"taxonomy":"post_tag","embeddable":true,"href":"https:\/\/linitiative.ca\/International\/wp-json\/wp\/v2\/tags?post=117181"}],"curies":[{"name":"wp","href":"https:\/\/api.w.org\/{rel}","templated":true}]}}