{"id":117182,"date":"2021-05-21T15:18:01","date_gmt":"2021-05-21T19:18:01","guid":{"rendered":"https:\/\/linitiative.ca\/International\/foot-un-mondial-tous-les-deux-ans-a-letude\/"},"modified":"2021-05-21T15:18:01","modified_gmt":"2021-05-21T19:18:01","slug":"foot-un-mondial-tous-les-deux-ans-a-letude","status":"publish","type":"post","link":"https:\/\/linitiative.ca\/International\/foot-un-mondial-tous-les-deux-ans-a-letude\/","title":{"rendered":"Foot : un Mondial tous les deux ans \u00e0 l\u2019\u00e9tude"},"content":{"rendered":"<div readability=\"32\">\n<p>Publi\u00e9 le 21.05.2021 \u00e0 20h18 par APA News<\/p>\n<\/div>\n<div readability=\"77\">\n<p>La F\u00e9d\u00e9ration internationale de football association (Fifa) a donn\u00e9 son accord, ce vendredi 21 mai, pour la r\u00e9alisation d\u2019une \u00e9tude de faisabilit\u00e9 portant sur l\u2019organisation biennale de la Coupe du monde.Cette question, inscrite \u00e0 l\u2019ordre du jour du 71e Congr\u00e8s de l\u2019instance fa\u00eeti\u00e8re du football plan\u00e9taire, a rel\u00e9gu\u00e9 toutes les autres au second plan. En visioconf\u00e9rence, la Fifa a approuv\u00e9, par 166 voix sur 188 votes valid\u00e9s, la requ\u00eate de l\u2019une de ses associations membres.<\/p>\n<p>En effet, elle a pr\u00e9cis\u00e9 sur son site que la demande d\u2019\u00ab une \u00e9tude de faisabilit\u00e9 sur les cons\u00e9quences de l\u2019organisation de la Coupe du monde (masculine et f\u00e9minine) tous les deux ans \u00bb \u00e9mane de la F\u00e9d\u00e9ration saoudienne.<\/p>\n<p>Gianni Infantino, le pr\u00e9sident de la puissante organisation dont le si\u00e8ge se trouve \u00e0 Zurich (Suisse), s\u2019est prononc\u00e9 sur le sujet : \u00ab Ars\u00e8ne Wenger (ancien coach d\u2019Arsenal) a lanc\u00e9 l\u2019id\u00e9e il y a quelques mois. C\u2019est une discussion int\u00e9ressante. On doit tout analyser. De toute fa\u00e7on, nos d\u00e9cisions seront prises avec l\u2019\u00e9l\u00e9ment sportif, et non commercial, comme priorit\u00e9. La consid\u00e9ration sportive avant tout \u00bb. Dans le cadre de ces discussions, le successeur de Sepp Blatter a assur\u00e9 que \u00ab toutes les critiques seront int\u00e9gr\u00e9es \u00bb.<\/p>\n<p>La Fifa, que d\u2019aucuns accusent d\u2019\u0153uvrer pour le foot business, a d\u00e9j\u00e0 adopt\u00e9 une nouvelle formule pour la Coupe du monde des clubs. A partir de l\u2019\u00e9dition de cette ann\u00e9e, pr\u00e9vue en Chine, vingt-quatre formations seront en lice. L\u2019ancienne version de cette comp\u00e9tition intercontinentale opposait sept clubs dont le vainqueur de la Ligue africaine des champions.<\/p>\n<p>Sous la houlette d\u2019Infantino, la Coupe du monde passera, d\u00e8s 2026, de 32 \u00e0 48 \u00e9quipes. L\u2019organisation de ce Mondial a \u00e9t\u00e9 confi\u00e9e au trio Etats-Unis, Canada et Mexique. L\u2019Afrique devrait y doubler le nombre de ses repr\u00e9sentants. En attendant, elle comptera cinq s\u00e9lections \u00e0 la prochaine grand-messe du foot mondial. Ce sera au Qatar du 21 novembre au 18 d\u00e9cembre 2022.<\/p>\n<\/div>\n<p>Auteur: APA News<br \/>\n<a href=\"https:\/\/www.journalducameroun.com\/foot-un-mondial-tous-les-deux-ans-a-letude\/\">Cliquez ici pour lire l&rsquo;article depuis sa source.<\/a><\/p>\n","protected":false},"excerpt":{"rendered":"<p>Publi\u00e9 le 21.05.2021 \u00e0 20h18 par APA News La F\u00e9d\u00e9ration internationale de football association (Fifa) a donn\u00e9 son accord, ce vendredi 21 mai, pour la r\u00e9alisation d\u2019une \u00e9tude de faisabilit\u00e9 portant sur l\u2019organisation biennale de la Coupe du monde.Cette question, inscrite \u00e0 l\u2019ordre du jour du 71e Congr\u00e8s de l\u2019instance fa\u00eeti\u00e8re du football plan\u00e9taire, a [&hellip;]<\/p>\n","protected":false},"author":1965,"featured_media":0,"comment_status":"closed","ping_status":"closed","sticky":false,"template":"","format":"standard","meta":{"fifu_image_url":"","fifu_image_alt":"","footnotes":""},"categories":[73,82],"tags":[],"class_list":["post-117182","post","type-post","status-publish","format-standard","hentry","category-actualite","category-cameroun"],"_links":{"self":[{"href":"https:\/\/linitiative.ca\/International\/wp-json\/wp\/v2\/posts\/117182","targetHints":{"allow":["GET"]}}],"collection":[{"href":"https:\/\/linitiative.ca\/International\/wp-json\/wp\/v2\/posts"}],"about":[{"href":"https:\/\/linitiative.ca\/International\/wp-json\/wp\/v2\/types\/post"}],"author":[{"embeddable":true,"href":"https:\/\/linitiative.ca\/International\/wp-json\/wp\/v2\/users\/1965"}],"replies":[{"embeddable":true,"href":"https:\/\/linitiative.ca\/International\/wp-json\/wp\/v2\/comments?post=117182"}],"version-history":[{"count":0,"href":"https:\/\/linitiative.ca\/International\/wp-json\/wp\/v2\/posts\/117182\/revisions"}],"wp:attachment":[{"href":"https:\/\/linitiative.ca\/International\/wp-json\/wp\/v2\/media?parent=117182"}],"wp:term":[{"taxonomy":"category","embeddable":true,"href":"https:\/\/linitiative.ca\/International\/wp-json\/wp\/v2\/categories?post=117182"},{"taxonomy":"post_tag","embeddable":true,"href":"https:\/\/linitiative.ca\/International\/wp-json\/wp\/v2\/tags?post=117182"}],"curies":[{"name":"wp","href":"https:\/\/api.w.org\/{rel}","templated":true}]}}