{"id":117184,"date":"2021-05-21T17:18:02","date_gmt":"2021-05-21T21:18:02","guid":{"rendered":"https:\/\/linitiative.ca\/International\/le-maroc-met-en-garde-lespagne-contre-lexfiltration-du-chef-du-polisario\/"},"modified":"2021-05-21T17:18:02","modified_gmt":"2021-05-21T21:18:02","slug":"le-maroc-met-en-garde-lespagne-contre-lexfiltration-du-chef-du-polisario","status":"publish","type":"post","link":"https:\/\/linitiative.ca\/International\/le-maroc-met-en-garde-lespagne-contre-lexfiltration-du-chef-du-polisario\/","title":{"rendered":"Le Maroc met en garde l\u2019Espagne contre l\u2019exfiltration du chef du polisario"},"content":{"rendered":"<div readability=\"32\">\n<p>Publi\u00e9 le 21.05.2021 \u00e0 22h18 par APA News<\/p>\n<\/div>\n<div readability=\"83\">\n<p>Le Maroc, par la voix de son ambassadeure en Espagne, Mme Karima Benyaich, a mis en garde l\u2019Espagne contre une exfiltration du chef de polisario, Brahim Ghali, admis en catimini dans un h\u00f4pital \u00e0 Saragosse, pour se soigner d\u2019une infection li\u00e9e \u00e0 la Covid-19.Dans des d\u00e9claration vendredi aux m\u00e9dias espagnols, la diplomate marocaine a affirm\u00e9 que le recours au m\u00eame proc\u00e9d\u00e9 pour l\u2019exfiltration du d\u00e9nomm\u00e9 Brahim Ghali de la m\u00eame mani\u00e8re avec laquelle il est entr\u00e9 en Espagne est \u00ab un choix pour le statu quo et l\u2019aggravation de la crise \u00bb.<\/p>\n<p>Selon elle, la grave crise actuelle entre Madrid et Rabat suite \u00e0 l\u2019accueil en catimini sur le sol espagnol du chef des s\u00e9paratistes du polisario sous une fausse identit\u00e9 constitue un test de la fiabilit\u00e9 et de la sinc\u00e9rit\u00e9 du discours, v\u00e9hicul\u00e9 depuis des ann\u00e9es, en faveur du bon voisinage et du partenariat strat\u00e9gique qui ont toujours pr\u00e9valu entre les deux pays.<\/p>\n<p>\u00a0Cette crise repr\u00e9sente \u00e9galement un test pour l\u2019ind\u00e9pendance de la justice espagnole, \u00ab en laquelle nous avons confiance \u00bb, ainsi que pour l\u2019\u00e9tat d\u2019esprit des autorit\u00e9s espagnoles quant \u00e0 leur volont\u00e9 d\u2019opter pour le renforcement des relations avec le Maroc ou de coop\u00e9rer avec ses ennemis, a soulign\u00e9 l\u2019ambassadeure marocaine.<\/p>\n<p>Et d\u2019ajouter que l\u2019Espagne a disgracieusement opt\u00e9 pour l\u2019opacit\u00e9, en manoeuvrant derri\u00e8re le dos du Maroc, et ce en accueillant et en prot\u00e9geant ce criminel et bourreau, en invoquant des consid\u00e9rations humanitaires, ce qui constitue une offense \u00e0 la dignit\u00e9 du peuple marocain.<\/p>\n<p>Face \u00e0 la grave crise actuelle avec l\u2019Espagne, le Maroc ne cherche aucune faveur ou complaisance, a-t-elle soutenu, faisant savoir que le Royaume demande seulement le respect de l\u2019esprit du partenariat strat\u00e9gique le liant \u00e0 l\u2019Espagne et l\u2019application du droit espagnol.<\/p>\n<p>En effet, la personne \u00e0 qui l\u2019Espagne a permis l\u2019entr\u00e9e sur son territoire avec un faux passeport et sous une identit\u00e9 usurp\u00e9e, est poursuivie par la justice espagnole pour crimes contre l\u2019humanit\u00e9, graves violations des droits de l\u2019Homme et viol, a-t-elle rappel\u00e9, notant que ses victimes sont de nationalit\u00e9 espagnole et que certains des actes qui lui sont reproch\u00e9s ont \u00e9t\u00e9 commis sur le sol espagnol.<\/p>\n<\/div>\n<p>Auteur: APA News<br \/>\n<a href=\"https:\/\/www.journalducameroun.com\/le-maroc-met-en-garde-lespagne-contre-lexfiltration-du-chef-du-polisario\/\">Cliquez ici pour lire l&rsquo;article depuis sa source.<\/a><\/p>\n","protected":false},"excerpt":{"rendered":"<p>Publi\u00e9 le 21.05.2021 \u00e0 22h18 par APA News Le Maroc, par la voix de son ambassadeure en Espagne, Mme Karima Benyaich, a mis en garde l\u2019Espagne contre une exfiltration du chef de polisario, Brahim Ghali, admis en catimini dans un h\u00f4pital \u00e0 Saragosse, pour se soigner d\u2019une infection li\u00e9e \u00e0 la Covid-19.Dans des d\u00e9claration vendredi [&hellip;]<\/p>\n","protected":false},"author":1965,"featured_media":0,"comment_status":"closed","ping_status":"closed","sticky":false,"template":"","format":"standard","meta":{"fifu_image_url":"","fifu_image_alt":"","footnotes":""},"categories":[73,82],"tags":[],"class_list":["post-117184","post","type-post","status-publish","format-standard","hentry","category-actualite","category-cameroun"],"_links":{"self":[{"href":"https:\/\/linitiative.ca\/International\/wp-json\/wp\/v2\/posts\/117184","targetHints":{"allow":["GET"]}}],"collection":[{"href":"https:\/\/linitiative.ca\/International\/wp-json\/wp\/v2\/posts"}],"about":[{"href":"https:\/\/linitiative.ca\/International\/wp-json\/wp\/v2\/types\/post"}],"author":[{"embeddable":true,"href":"https:\/\/linitiative.ca\/International\/wp-json\/wp\/v2\/users\/1965"}],"replies":[{"embeddable":true,"href":"https:\/\/linitiative.ca\/International\/wp-json\/wp\/v2\/comments?post=117184"}],"version-history":[{"count":0,"href":"https:\/\/linitiative.ca\/International\/wp-json\/wp\/v2\/posts\/117184\/revisions"}],"wp:attachment":[{"href":"https:\/\/linitiative.ca\/International\/wp-json\/wp\/v2\/media?parent=117184"}],"wp:term":[{"taxonomy":"category","embeddable":true,"href":"https:\/\/linitiative.ca\/International\/wp-json\/wp\/v2\/categories?post=117184"},{"taxonomy":"post_tag","embeddable":true,"href":"https:\/\/linitiative.ca\/International\/wp-json\/wp\/v2\/tags?post=117184"}],"curies":[{"name":"wp","href":"https:\/\/api.w.org\/{rel}","templated":true}]}}