{"id":117186,"date":"2021-05-21T14:37:29","date_gmt":"2021-05-21T18:37:29","guid":{"rendered":"https:\/\/linitiative.ca\/International\/les-aeroports-du-cameroun-ont-un-nouvel-executif\/"},"modified":"2021-05-21T14:37:29","modified_gmt":"2021-05-21T18:37:29","slug":"les-aeroports-du-cameroun-ont-un-nouvel-executif","status":"publish","type":"post","link":"https:\/\/linitiative.ca\/International\/les-aeroports-du-cameroun-ont-un-nouvel-executif\/","title":{"rendered":"Les A\u00e9roports du Cameroun ont un nouvel \u00e9x\u00e9cutif"},"content":{"rendered":"<div class=\"featured-area featured-area-inner\">\n<figure class=\"single-featured-image\">\n<p><img loading=\"lazy\" decoding=\"async\" width=\"780\" height=\"470\" src=\"https:\/\/ecomatin.net\/wp-content\/uploads\/2021\/05\/executif-780x470.png\" class=\"attachment-jannah-image-post size-jannah-image-post wp-post-image\" alt=\"\" is_main_img=\"1\"\/><\/p>\n<\/figure>\n<\/div>\n<div class=\"entry-content entry clearfix\" readability=\"46\">\n<p>C\u2019est une autre entreprise publique qui vient d\u2019\u00eatre doter d\u2019un nouveau top management. Apr\u00e8s l\u2019Autorit\u00e9 Portuaire Nationale, c\u2019est au tour des A\u00e9roports du Cameroun. Ce 21 mai 2021, le ministre des Transports Jean Ernest Ngall\u00e9 Bib\u00e9h\u00e8, a pr\u00e9sid\u00e9 le conseil d\u2019administration extraordinaire de l\u2019entreprise, \u00e0 l\u2019issue\u00a0 duquel un nouveau Pr\u00e9sident du Conseil d\u2019administration et un nouveau Directeur g\u00e9n\u00e9ral adjoint ont \u00e9t\u00e9 nomm\u00e9.<\/p>\n<p>Il s\u2019agit alors du Dr Fritz Ntone Ntone, ancien d\u00e9l\u00e9gu\u00e9 du Gouvernement qui occupera d\u00e9sormais le fauteuil de Pr\u00e9sident du conseil d\u2019administration de la soci\u00e9t\u00e9 des A\u00e9roports du Cameroun, en remplacement de Joseph Dipita Pokossy d\u00e9c\u00e9d\u00e9 le 28 avril dernier des suites de maladies. Le poste de Directeur g\u00e9n\u00e9ral adjoint lui revient \u00e0 Gaspard Brice Melingui Koah.<\/p>\n<\/div>\n<div class=\"toggle-post-content clearfix\"><a id=\"toggle-post-button\" class=\"button\" href=\"#\">Afficher plus <\/a><\/div>\n<p>Auteur: EcoMatin<br \/>\n<a href=\"https:\/\/ecomatin.net\/les-aeroports-du-cameroun-ont-un-nouvell-executif\/\">Cliquez ici pour lire l&rsquo;article depuis sa source.<\/a><\/p>\n","protected":false},"excerpt":{"rendered":"<p>C\u2019est une autre entreprise publique qui vient d\u2019\u00eatre doter d\u2019un nouveau top management. Apr\u00e8s l\u2019Autorit\u00e9 Portuaire Nationale, c\u2019est au tour des A\u00e9roports du Cameroun. Ce 21 mai 2021, le ministre des Transports Jean Ernest Ngall\u00e9 Bib\u00e9h\u00e8, a pr\u00e9sid\u00e9 le conseil d\u2019administration extraordinaire de l\u2019entreprise, \u00e0 l\u2019issue\u00a0 duquel un nouveau Pr\u00e9sident du Conseil d\u2019administration et un [&hellip;]<\/p>\n","protected":false},"author":1969,"featured_media":0,"comment_status":"closed","ping_status":"closed","sticky":false,"template":"","format":"standard","meta":{"fifu_image_url":"https:\/\/ecomatin.net\/wp-content\/uploads\/2021\/05\/executif-780x470.png","fifu_image_alt":"Les A\u00e9roports du Cameroun ont un nouvel \u00e9x\u00e9cutif","footnotes":""},"categories":[82,78],"tags":[],"class_list":["post-117186","post","type-post","status-publish","format-standard","hentry","category-cameroun","category-economie"],"_links":{"self":[{"href":"https:\/\/linitiative.ca\/International\/wp-json\/wp\/v2\/posts\/117186","targetHints":{"allow":["GET"]}}],"collection":[{"href":"https:\/\/linitiative.ca\/International\/wp-json\/wp\/v2\/posts"}],"about":[{"href":"https:\/\/linitiative.ca\/International\/wp-json\/wp\/v2\/types\/post"}],"author":[{"embeddable":true,"href":"https:\/\/linitiative.ca\/International\/wp-json\/wp\/v2\/users\/1969"}],"replies":[{"embeddable":true,"href":"https:\/\/linitiative.ca\/International\/wp-json\/wp\/v2\/comments?post=117186"}],"version-history":[{"count":0,"href":"https:\/\/linitiative.ca\/International\/wp-json\/wp\/v2\/posts\/117186\/revisions"}],"wp:attachment":[{"href":"https:\/\/linitiative.ca\/International\/wp-json\/wp\/v2\/media?parent=117186"}],"wp:term":[{"taxonomy":"category","embeddable":true,"href":"https:\/\/linitiative.ca\/International\/wp-json\/wp\/v2\/categories?post=117186"},{"taxonomy":"post_tag","embeddable":true,"href":"https:\/\/linitiative.ca\/International\/wp-json\/wp\/v2\/tags?post=117186"}],"curies":[{"name":"wp","href":"https:\/\/api.w.org\/{rel}","templated":true}]}}