{"id":117188,"date":"2021-05-22T08:03:52","date_gmt":"2021-05-22T12:03:52","guid":{"rendered":"https:\/\/linitiative.ca\/International\/chambre-des-representants-le-projet-de-loi-sur-lusage-licite-du-cannabis-adopte-en-commission-de-linterieur\/"},"modified":"2021-05-22T08:03:52","modified_gmt":"2021-05-22T12:03:52","slug":"chambre-des-representants-le-projet-de-loi-sur-lusage-licite-du-cannabis-adopte-en-commission-de-linterieur","status":"publish","type":"post","link":"https:\/\/linitiative.ca\/International\/chambre-des-representants-le-projet-de-loi-sur-lusage-licite-du-cannabis-adopte-en-commission-de-linterieur\/","title":{"rendered":"Chambre des repr\u00e9sentants : Le projet de loi sur l\u2019usage licite du cannabis adopt\u00e9 en Commission de l\u2019Int\u00e9rieur"},"content":{"rendered":"<figure class=\"post-thumbnail\" itemprop=\"associatedMedia\" itemscope=\"itemscope\" itemtype=\"http:\/\/schema.org\/ImageObject\"><img decoding=\"async\" class=\"post_layout_5_img\" src=\"http:\/\/aujourdhui.ma\/wp-content\/uploads\/2020\/08\/Laftit-Chambre-des-repr\u00e9sentants-Etat-d\u2019urgence-Projet-de-Loi.jpg\" alt=\"Chambre des repr\u00e9sentants : Le projet de loi sur l\u2019usage licite du cannabis adopt\u00e9 en Commission de l\u2019Int\u00e9rieur\"\/><\/figure>\n<p><span class=\"c7\"><strong>Le projet de loi N\u00b013.21 relatif \u00e0 l\u2019usage licite du cannabis a \u00e9t\u00e9 adopt\u00e9 \u00e0 la majorit\u00e9, vendredi, par la Commission de l\u2019Int\u00e9rieur, des collectivit\u00e9s territoriales, de l\u2019habitat et de la politique de la ville \u00e0 la Chambre des repr\u00e9sentants, en pr\u00e9sence du ministre de l\u2019Int\u00e9rieur, Abdelouafi Laftit.<\/strong><\/span><span id=\"more-377035\"\/><\/p>\n<p>Ce projet de loi, qui vise \u00e0 am\u00e9liorer la situation socio-\u00e9conomique de la population de la r\u00e9gion, a \u00e9t\u00e9 adopt\u00e9 par 20 voix contre 3.<\/p>\n<p>S\u2019exprimant \u00e0 cette occasion, le pr\u00e9sident de la Commission, Hicham El Mhajri, a indiqu\u00e9 qu\u2019au bout de sept heures de d\u00e9bat acharn\u00e9 autour de ce projet de loi, le gouvernement a pris en consid\u00e9ration certains amendements qui sont \u00e0 m\u00eame d\u2019apporter une plus-value et d\u2019avoir un impact positif sur la population de la r\u00e9gion.<\/p>\n<p>Ceci, a-t-il expliqu\u00e9 dans une d\u00e9claration \u00e0 la MAP, permettra surtout aux jeunes de la r\u00e9gion de d\u00e9velopper leurs comp\u00e9tences et, au m\u00eame titre que les grandes soci\u00e9t\u00e9s, de trouver des partenaires pour valoriser leur production, \u00e0 condition que les activit\u00e9s li\u00e9es \u00e0 cette production (culture, collecte, industrialisation, commercialisation\u2026) ne soient pas domin\u00e9es par une seule entit\u00e9 afin d\u2019en garantir la tra\u00e7abilit\u00e9.<\/p>\n<p>Ce projet de loi, \u00e9labor\u00e9 en harmonie avec les engagements internationaux du Royaume, avait \u00e9t\u00e9 adopt\u00e9 par le Conseil de gouvernement en mars dernier. Il vise \u00e0 soumettre toutes les activit\u00e9s li\u00e9es \u00e0 la culture, \u00e0 la production, \u00e0 la transformation, au transport, \u00e0 la commercialisation, \u00e0 l\u2019exportation et \u00e0 l\u2019importation du cannabis et de ses produits \u00e0 un syst\u00e8me de licence.<\/p>\n<p>Dans le m\u00eame sillage, le minist\u00e8re de l\u2019Int\u00e9rieur avait \u00e9labor\u00e9 des \u00e9tudes scientifiques exhaustives portant essentiellement sur la faisabilit\u00e9 du projet, son potentiel socio-\u00e9conomique et environnemental, ainsi que sur les atouts et les d\u00e9fis que le Maroc se doit de relever pour r\u00e9ussir ce chantier de grande envergure.<\/p>\n<p>Auteur: ALM<br \/>\n<a href=\"https:\/\/aujourdhui.ma\/politique\/chambre-des-representants-le-projet-de-loi-sur-lusage-licite-du-cannabis-adopte-en-commission-de-linterieur\">Cliquez ici pour lire l&rsquo;article depuis sa source.<\/a><\/p>\n","protected":false},"excerpt":{"rendered":"<p>Le projet de loi N\u00b013.21 relatif \u00e0 l\u2019usage licite du cannabis a \u00e9t\u00e9 adopt\u00e9 \u00e0 la majorit\u00e9, vendredi, par la Commission de l\u2019Int\u00e9rieur, des collectivit\u00e9s territoriales, de l\u2019habitat et de la politique de la ville \u00e0 la Chambre des repr\u00e9sentants, en pr\u00e9sence du ministre de l\u2019Int\u00e9rieur, Abdelouafi Laftit. Ce projet de loi, qui vise \u00e0 [&hellip;]<\/p>\n","protected":false},"author":1759,"featured_media":0,"comment_status":"closed","ping_status":"closed","sticky":false,"template":"","format":"standard","meta":{"fifu_image_url":"http:\/\/aujourdhui.ma\/wp-content\/uploads\/2020\/08\/Laftit-Chambre-des-repr\u00e9sentants-Etat-d\u2019urgence-Projet-de-Loi.jpg","fifu_image_alt":"Chambre des repr\u00e9sentants : Le projet de loi sur l\u2019usage licite du cannabis adopt\u00e9 en Commission de l\u2019Int\u00e9rieur","footnotes":""},"categories":[73,54],"tags":[],"class_list":["post-117188","post","type-post","status-publish","format-standard","hentry","category-actualite","category-maroc"],"_links":{"self":[{"href":"https:\/\/linitiative.ca\/International\/wp-json\/wp\/v2\/posts\/117188","targetHints":{"allow":["GET"]}}],"collection":[{"href":"https:\/\/linitiative.ca\/International\/wp-json\/wp\/v2\/posts"}],"about":[{"href":"https:\/\/linitiative.ca\/International\/wp-json\/wp\/v2\/types\/post"}],"author":[{"embeddable":true,"href":"https:\/\/linitiative.ca\/International\/wp-json\/wp\/v2\/users\/1759"}],"replies":[{"embeddable":true,"href":"https:\/\/linitiative.ca\/International\/wp-json\/wp\/v2\/comments?post=117188"}],"version-history":[{"count":0,"href":"https:\/\/linitiative.ca\/International\/wp-json\/wp\/v2\/posts\/117188\/revisions"}],"wp:attachment":[{"href":"https:\/\/linitiative.ca\/International\/wp-json\/wp\/v2\/media?parent=117188"}],"wp:term":[{"taxonomy":"category","embeddable":true,"href":"https:\/\/linitiative.ca\/International\/wp-json\/wp\/v2\/categories?post=117188"},{"taxonomy":"post_tag","embeddable":true,"href":"https:\/\/linitiative.ca\/International\/wp-json\/wp\/v2\/tags?post=117188"}],"curies":[{"name":"wp","href":"https:\/\/api.w.org\/{rel}","templated":true}]}}