{"id":117189,"date":"2021-05-22T09:24:36","date_gmt":"2021-05-22T13:24:36","guid":{"rendered":"https:\/\/linitiative.ca\/International\/variants-preoccupants-le-maroc-renforce-son-niveau-de-vigilance\/"},"modified":"2021-05-22T09:24:36","modified_gmt":"2021-05-22T13:24:36","slug":"variants-preoccupants-le-maroc-renforce-son-niveau-de-vigilance","status":"publish","type":"post","link":"https:\/\/linitiative.ca\/International\/variants-preoccupants-le-maroc-renforce-son-niveau-de-vigilance\/","title":{"rendered":"Variants pr\u00e9occupants: Le Maroc renforce son niveau de vigilance"},"content":{"rendered":"<header>\n<\/header>\n<div class=\"entry-content clearfix\" readability=\"68\">\n<figure class=\"post-thumbnail\" itemprop=\"associatedMedia\" itemscope=\"itemscope\" itemtype=\"http:\/\/schema.org\/ImageObject\"><img decoding=\"async\" class=\"post_layout_5_img\" src=\"http:\/\/aujourdhui.ma\/wp-content\/uploads\/2021\/05\/SARS-CoV-2.jpg\" alt=\"Variants pr\u00e9occupants: Le Maroc renforce son niveau de vigilance\"\/><\/figure>\n<p><span class=\"c7\"><strong>Le Maroc renforce son niveau de vigilance pour riposter aux variants pr\u00e9occupants non encore en circulation au Maroc, conform\u00e9ment au Plan national de veille contre l\u2019infection par le Coronavirus.<\/strong><\/span><span id=\"more-377037\"\/><\/p>\n<p>Pour ce faire, le minist\u00e8re de la Sant\u00e9 a mis en place une proc\u00e9dure sp\u00e9ciale intitul\u00e9e \u00ab\u00a0l\u2019investigation d\u2019un cluster li\u00e9 \u00e0 un nouveau variant du SARS-CoV-2 non encore en circulation au Maroc\u00a0\u00bb.<\/p>\n<p>\u00c9labor\u00e9e pour cadrer l\u2019investigation autour d\u2019\u00e9ventuels cas de maladie dus \u00e0 un variant ne circulant pas encore au Maroc, cette proc\u00e9dure vise \u00e0 identifier le plus rapidement possible tous les contacts et \u00e0 assurer la prise en charge ad\u00e9quate des cas et des contacts, indique-t-on aupr\u00e8s de ce d\u00e9partement.<\/p>\n<p>La proc\u00e9dure d\u00e9finit 3 niveaux de cas: suspect, probable et confirm\u00e9 de nouveau variant; ce dernier est toute personne chez qui une infection au SARS-CoV-2 a \u00e9t\u00e9 confirm\u00e9e par examen mol\u00e9culaire (RT-PCR) et chez qui le s\u00e9quen\u00e7age a r\u00e9v\u00e9l\u00e9 le nouveau variant\u00a0\u00bb, ajoute la m\u00eame source.<\/p>\n<p>Cette proc\u00e9dure sp\u00e9ciale pr\u00e9sente, en outre, un logigramme d\u2019investigation des cas, des modalit\u00e9s de prise en charge, aussi bien des cas et de leurs contacts, ainsi que le circuit des pr\u00e9l\u00e8vements et les supports d\u2019information.<\/p>\n<p>En ce qui concerne le mode de prise, la proc\u00e9dure pr\u00e9voit l\u2019isolement \u00e0 l\u2019h\u00f4pital des cas confirm\u00e9s d\u2019infection par un variant ne circulant pas au Maroc, pendant 14 jours \u00e0 partir de la date du d\u00e9but des sympt\u00f4mes ou de la confirmation par PCR pour les cas asymptomatiques.<\/p>\n<\/div>\n<p>Auteur: ALM<br \/>\n<a href=\"https:\/\/aujourdhui.ma\/societe\/variants-preoccupants-le-maroc-renforce-son-niveau-de-vigilance\">Cliquez ici pour lire l&rsquo;article depuis sa source.<\/a><\/p>\n","protected":false},"excerpt":{"rendered":"<p>Le Maroc renforce son niveau de vigilance pour riposter aux variants pr\u00e9occupants non encore en circulation au Maroc, conform\u00e9ment au Plan national de veille contre l\u2019infection par le Coronavirus. Pour ce faire, le minist\u00e8re de la Sant\u00e9 a mis en place une proc\u00e9dure sp\u00e9ciale intitul\u00e9e \u00ab\u00a0l\u2019investigation d\u2019un cluster li\u00e9 \u00e0 un nouveau variant du SARS-CoV-2 [&hellip;]<\/p>\n","protected":false},"author":1759,"featured_media":0,"comment_status":"closed","ping_status":"closed","sticky":false,"template":"","format":"standard","meta":{"fifu_image_url":"http:\/\/aujourdhui.ma\/wp-content\/uploads\/2021\/05\/SARS-CoV-2.jpg","fifu_image_alt":"Variants pr\u00e9occupants: Le Maroc renforce son niveau de vigilance","footnotes":""},"categories":[73,54],"tags":[],"class_list":["post-117189","post","type-post","status-publish","format-standard","hentry","category-actualite","category-maroc"],"_links":{"self":[{"href":"https:\/\/linitiative.ca\/International\/wp-json\/wp\/v2\/posts\/117189","targetHints":{"allow":["GET"]}}],"collection":[{"href":"https:\/\/linitiative.ca\/International\/wp-json\/wp\/v2\/posts"}],"about":[{"href":"https:\/\/linitiative.ca\/International\/wp-json\/wp\/v2\/types\/post"}],"author":[{"embeddable":true,"href":"https:\/\/linitiative.ca\/International\/wp-json\/wp\/v2\/users\/1759"}],"replies":[{"embeddable":true,"href":"https:\/\/linitiative.ca\/International\/wp-json\/wp\/v2\/comments?post=117189"}],"version-history":[{"count":0,"href":"https:\/\/linitiative.ca\/International\/wp-json\/wp\/v2\/posts\/117189\/revisions"}],"wp:attachment":[{"href":"https:\/\/linitiative.ca\/International\/wp-json\/wp\/v2\/media?parent=117189"}],"wp:term":[{"taxonomy":"category","embeddable":true,"href":"https:\/\/linitiative.ca\/International\/wp-json\/wp\/v2\/categories?post=117189"},{"taxonomy":"post_tag","embeddable":true,"href":"https:\/\/linitiative.ca\/International\/wp-json\/wp\/v2\/tags?post=117189"}],"curies":[{"name":"wp","href":"https:\/\/api.w.org\/{rel}","templated":true}]}}