{"id":117190,"date":"2021-05-22T10:29:47","date_gmt":"2021-05-22T14:29:47","guid":{"rendered":"https:\/\/linitiative.ca\/International\/electricite-la-production-tiree-vers-le-haut-par-le-secteur-prive\/"},"modified":"2021-05-22T10:29:47","modified_gmt":"2021-05-22T14:29:47","slug":"electricite-la-production-tiree-vers-le-haut-par-le-secteur-prive","status":"publish","type":"post","link":"https:\/\/linitiative.ca\/International\/electricite-la-production-tiree-vers-le-haut-par-le-secteur-prive\/","title":{"rendered":"\u00c9lectricit\u00e9 : la production tir\u00e9e vers le haut par le secteur priv\u00e9"},"content":{"rendered":"<header>\n<\/header>\n<div class=\"entry-content clearfix\" readability=\"57\">\n<figure class=\"post-thumbnail\" itemprop=\"associatedMedia\" itemscope=\"itemscope\" itemtype=\"http:\/\/schema.org\/ImageObject\"><img decoding=\"async\" class=\"post_layout_5_img\" src=\"http:\/\/aujourdhui.ma\/wp-content\/uploads\/2021\/02\/Electricite.jpg\" alt=\"\u00c9lectricit\u00e9 : la production tir\u00e9e vers le haut par le secteur priv\u00e9\"\/><\/figure>\n<p><span class=\"c7\"><strong>La production de l\u2019\u00e9lectricit\u00e9 performe.<\/strong><\/span><span id=\"more-377040\"\/><\/p>\n<p>C\u2019est ce qui ressort des derni\u00e8res statistiques de la Direction des \u00e9tudes financi\u00e8res et des pr\u00e9visions au minist\u00e8re de l\u2019\u00c9conomie, des Finances et de la R\u00e9forme de l\u2019Administration. Dans sa derni\u00e8re note de conjoncture relative au mois de mai, la direction a indiqu\u00e9 que la production d\u2019\u00e9lectricit\u00e9 a enregistr\u00e9 une augmentation de 0,7% \u00e0 la fin du premier trimestre 2021, apr\u00e8s une baisse de 2,2% \u00e0 la fin de f\u00e9vrier 2021 et 3,1% fin mars 2020.<\/p>\n<p>Dans le m\u00eame document, la Direction a attribu\u00e9 cette \u00e9volution \u00e0 une augmentation de la production priv\u00e9e de 3% et de la contribution des partenaires nationaux de 13,2%, avec une diminution de la production de l\u2019Office national de l\u2019\u00e9lectricit\u00e9 et de l\u2019eau potable de 6 pour cent et la production d\u2019\u00e9nergies renouvelables li\u00e9es \u00e0 la loi 13-09, de 4 pour cent.<\/p>\n<p>La m\u00eame source a indiqu\u00e9 qu\u2019en mars 2021, la production d\u2019\u00e9nergie \u00e9lectrique s\u2019est am\u00e9lior\u00e9e de 6,7% par rapport \u00e0 mars 2020.<\/p>\n<\/div>\n<p>Auteur: ALM<br \/>\n<a href=\"https:\/\/aujourdhui.ma\/economie\/electricite-la-production-tiree-vers-le-haut-par-le-secteur-prive\">Cliquez ici pour lire l&rsquo;article depuis sa source.<\/a><\/p>\n","protected":false},"excerpt":{"rendered":"<p>La production de l\u2019\u00e9lectricit\u00e9 performe. C\u2019est ce qui ressort des derni\u00e8res statistiques de la Direction des \u00e9tudes financi\u00e8res et des pr\u00e9visions au minist\u00e8re de l\u2019\u00c9conomie, des Finances et de la R\u00e9forme de l\u2019Administration. Dans sa derni\u00e8re note de conjoncture relative au mois de mai, la direction a indiqu\u00e9 que la production d\u2019\u00e9lectricit\u00e9 a enregistr\u00e9 une [&hellip;]<\/p>\n","protected":false},"author":1759,"featured_media":0,"comment_status":"closed","ping_status":"closed","sticky":false,"template":"","format":"standard","meta":{"fifu_image_url":"http:\/\/aujourdhui.ma\/wp-content\/uploads\/2021\/02\/Electricite.jpg","fifu_image_alt":"\u00c9lectricit\u00e9 : la production tir\u00e9e vers le haut par le secteur priv\u00e9","footnotes":""},"categories":[73,54],"tags":[],"class_list":["post-117190","post","type-post","status-publish","format-standard","hentry","category-actualite","category-maroc"],"_links":{"self":[{"href":"https:\/\/linitiative.ca\/International\/wp-json\/wp\/v2\/posts\/117190","targetHints":{"allow":["GET"]}}],"collection":[{"href":"https:\/\/linitiative.ca\/International\/wp-json\/wp\/v2\/posts"}],"about":[{"href":"https:\/\/linitiative.ca\/International\/wp-json\/wp\/v2\/types\/post"}],"author":[{"embeddable":true,"href":"https:\/\/linitiative.ca\/International\/wp-json\/wp\/v2\/users\/1759"}],"replies":[{"embeddable":true,"href":"https:\/\/linitiative.ca\/International\/wp-json\/wp\/v2\/comments?post=117190"}],"version-history":[{"count":0,"href":"https:\/\/linitiative.ca\/International\/wp-json\/wp\/v2\/posts\/117190\/revisions"}],"wp:attachment":[{"href":"https:\/\/linitiative.ca\/International\/wp-json\/wp\/v2\/media?parent=117190"}],"wp:term":[{"taxonomy":"category","embeddable":true,"href":"https:\/\/linitiative.ca\/International\/wp-json\/wp\/v2\/categories?post=117190"},{"taxonomy":"post_tag","embeddable":true,"href":"https:\/\/linitiative.ca\/International\/wp-json\/wp\/v2\/tags?post=117190"}],"curies":[{"name":"wp","href":"https:\/\/api.w.org\/{rel}","templated":true}]}}