{"id":117193,"date":"2021-05-22T07:40:16","date_gmt":"2021-05-22T11:40:16","guid":{"rendered":"https:\/\/linitiative.ca\/International\/celebration-a-safi-du-16e-anniversaire-du-lancement-de-lindh\/"},"modified":"2021-05-22T07:40:16","modified_gmt":"2021-05-22T11:40:16","slug":"celebration-a-safi-du-16e-anniversaire-du-lancement-de-lindh","status":"publish","type":"post","link":"https:\/\/linitiative.ca\/International\/celebration-a-safi-du-16e-anniversaire-du-lancement-de-lindh\/","title":{"rendered":"C\u00e9l\u00e9bration \u00e0 Safi du 16\u00e8 anniversaire du lancement de l\u2019INDH"},"content":{"rendered":"<div readability=\"37\">\n<p>Safi \u2013 La pr\u00e9fecture de la province de Safi a, l\u2019instar d\u2019autres provinces et pr\u00e9fectures du Royaume, a c\u00e9l\u00e9br\u00e9 le 16\u00e8 anniversaire du lancement de l\u2019Initiative Nationale pour le D\u00e9veloppement Humain (INDH) sous le signe : \u00ab\u00a0Covid-19 et \u00e9ducation : Bilan et perspectives pour pr\u00e9server les acquis\u00a0\u00bb.<\/p>\n<\/div>\n<div readability=\"119\">\n<p>Ainsi, le Comit\u00e9 Provincial de D\u00e9veloppement Humain (CPDH) de la province de Safi a consacr\u00e9 ce rendez-vous annuel pour l\u2019organisation d\u2019une r\u00e9union autour de l\u2019impact de la crise pand\u00e9mique du nouveau coronavirus sur l\u2019enseignement, ainsi que des mesures susceptibles d\u2019\u00eatre prises dans le cadre des programmes de l\u2019Initiative, indique vendredi un communiqu\u00e9 de la Division de l\u2019Action Sociale (DAS) relevant de ladite province.<\/p>\n<p>Cette rencontre se fixait pour objectif de mobiliser les efforts des membres du CPDH, des pr\u00e9sidents des comit\u00e9s locaux de d\u00e9veloppement humain, et des services ext\u00e9rieurs, entre autres, la direction provinciale de l\u2019Education Nationale, pour l\u2019\u00e9mission d\u2019une batterie de recommandations.<\/p>\n<p>Il s\u2019agit essentiellement de la distribution de tablettes \u00e9lectroniques au profit des \u00e9l\u00e8ves en milieu rural pour appuyer l\u2019enseignement \u00e0 distance, la d\u00e9sinfection des \u00e9tablissements scolaires, et la contribution \u00e0 la g\u00e9n\u00e9ralisation du raccordement des \u00e9tablissements scolaires au r\u00e9seau \u00e9lectrique en milieu rural.<\/p>\n<p>Cette r\u00e9union de travail a \u00e9t\u00e9 l\u2019occasion de pr\u00e9senter le bilan de l\u2019INDH au titre des ann\u00e9es 2019 et 2020 sachant que la province de Safi a b\u00e9n\u00e9fici\u00e9 de la programmation et la r\u00e9alisation de 161 projets, d\u2019un montant total estim\u00e9 \u00e0 80,82 millions de DH, r\u00e9partis sur les 4 programmes dans le cadre de la Phase III de l\u2019Initiative.<\/p>\n<p>Dans une allocution de circonstance, le gouverneur de la province de Safi, M. Lahoucine Chaynane, a mis en relief le parcours du chantier de l\u2019INDH, outre une s\u00e9rie de r\u00e9alisations et de projets qui ont vu le jour au niveau de la province de Safi.<\/p>\n<p>Dans la m\u00eame lign\u00e9e, le gouverneur, chiffres \u00e0 l\u2019appui, a qualifi\u00e9 de \u00ab\u00a0tr\u00e8s positif\u00a0\u00bb le bilan des r\u00e9alisations accomplies lors des deux pr\u00e9c\u00e9dentes phases de l\u2019INDH \u00e0 l\u2019\u00e9chelon provincial.<\/p>\n<p>Lors de la premi\u00e8re phase de l\u2019INDH (2005-2011), la province avait b\u00e9n\u00e9fici\u00e9 de la programmation et la r\u00e9alisation de 488 projets et activit\u00e9s, d\u2019une enveloppe budg\u00e9taire de l\u2019ordre de 267,24 millions de DH, alors que lors de la seconde phase (2012-2018), il a \u00e9t\u00e9 proc\u00e9d\u00e9 \u00e0 la programmation et la r\u00e9alisation de 984 projets et activit\u00e9s, d\u2019un montant global de 638,88 millions de DH.<\/p>\n<p>Et de poursuivre que le nombre total des projets programm\u00e9s et r\u00e9alis\u00e9s lors des deux premi\u00e8res phases de l\u2019INDH s\u2019\u00e9l\u00e8ve \u00e0 1472 projets et activit\u00e9s, d\u2019un co\u00fbt total de l\u2019ordre de 905,92 millions de DH.<\/p>\n<p>M. Chaynane a, de m\u00eame, appel\u00e9 les diff\u00e9rents partenaires, \u00e9lus, op\u00e9rateurs \u00e9conomiques, les acteurs de la soci\u00e9t\u00e9 civile, les services ext\u00e9rieurs concern\u00e9s ainsi que les autorit\u00e9s publiques, \u00e0 s\u2019inscrire positivement dans ce grand chantier Royal et \u00e0 oeuvrer, la main dans la main, afin d\u2019\u00eatre \u00e0 la hauteur des attentes et aspirations.<\/p>\n<p>Par la suite, M. Chaynane et la d\u00e9l\u00e9gation l\u2019accompagnant ont proc\u00e9d\u00e9, au port de Safi, \u00e0 la remise aux p\u00eacheurs b\u00e9n\u00e9ficiaires de 20 moteurs destin\u00e9s \u00e0 l\u2019\u00e9quipement des barques de la p\u00eache artisanale, avant d\u2019effectuer une visite de terrain dans le cadre du suivi de l\u2019ex\u00e9cution de nombre de projets pr\u00e9vus dans le cadre de la phase III de l\u2019INDH, au profit des jeunes porteurs de projets inscrits dans le cadre du programme d\u2019am\u00e9lioration du revenu de l\u2019insertion \u00e9conomique des jeunes.<\/p>\n<\/div>\n<p>Auteur: Meriem IGASS<br \/>\n<a href=\"http:\/\/www.mapmarrakech.ma\/fr\/celebration-a-safi-du-16e-anniversaire-du-lancement-de-lindh\/\">Cliquez ici pour lire l&rsquo;article depuis sa source.<\/a><\/p>\n","protected":false},"excerpt":{"rendered":"<p>Safi \u2013 La pr\u00e9fecture de la province de Safi a, l\u2019instar d\u2019autres provinces et pr\u00e9fectures du Royaume, a c\u00e9l\u00e9br\u00e9 le 16\u00e8 anniversaire du lancement de l\u2019Initiative Nationale pour le D\u00e9veloppement Humain (INDH) sous le signe : \u00ab\u00a0Covid-19 et \u00e9ducation : Bilan et perspectives pour pr\u00e9server les acquis\u00a0\u00bb. Ainsi, le Comit\u00e9 Provincial de D\u00e9veloppement Humain (CPDH) [&hellip;]<\/p>\n","protected":false},"author":1788,"featured_media":0,"comment_status":"closed","ping_status":"closed","sticky":false,"template":"","format":"standard","meta":{"fifu_image_url":"","fifu_image_alt":"","footnotes":""},"categories":[54,76],"tags":[],"class_list":["post-117193","post","type-post","status-publish","format-standard","hentry","category-maroc","category-regions"],"_links":{"self":[{"href":"https:\/\/linitiative.ca\/International\/wp-json\/wp\/v2\/posts\/117193","targetHints":{"allow":["GET"]}}],"collection":[{"href":"https:\/\/linitiative.ca\/International\/wp-json\/wp\/v2\/posts"}],"about":[{"href":"https:\/\/linitiative.ca\/International\/wp-json\/wp\/v2\/types\/post"}],"author":[{"embeddable":true,"href":"https:\/\/linitiative.ca\/International\/wp-json\/wp\/v2\/users\/1788"}],"replies":[{"embeddable":true,"href":"https:\/\/linitiative.ca\/International\/wp-json\/wp\/v2\/comments?post=117193"}],"version-history":[{"count":0,"href":"https:\/\/linitiative.ca\/International\/wp-json\/wp\/v2\/posts\/117193\/revisions"}],"wp:attachment":[{"href":"https:\/\/linitiative.ca\/International\/wp-json\/wp\/v2\/media?parent=117193"}],"wp:term":[{"taxonomy":"category","embeddable":true,"href":"https:\/\/linitiative.ca\/International\/wp-json\/wp\/v2\/categories?post=117193"},{"taxonomy":"post_tag","embeddable":true,"href":"https:\/\/linitiative.ca\/International\/wp-json\/wp\/v2\/tags?post=117193"}],"curies":[{"name":"wp","href":"https:\/\/api.w.org\/{rel}","templated":true}]}}