{"id":117194,"date":"2021-05-22T08:00:52","date_gmt":"2021-05-22T12:00:52","guid":{"rendered":"https:\/\/linitiative.ca\/International\/50e-anniversaire-de-lexpedition-scientifique-de-thor-heyerdahl\/"},"modified":"2021-05-22T08:00:52","modified_gmt":"2021-05-22T12:00:52","slug":"50e-anniversaire-de-lexpedition-scientifique-de-thor-heyerdahl","status":"publish","type":"post","link":"https:\/\/linitiative.ca\/International\/50e-anniversaire-de-lexpedition-scientifique-de-thor-heyerdahl\/","title":{"rendered":"50\u00e8 anniversaire de l\u2019exp\u00e9dition scientifique de Thor Heyerdahl"},"content":{"rendered":"<p>Rehauss\u00e9e par la pr\u00e9sence notamment, de l\u2019ambassadrice de la Norv\u00e8ge au Maroc, Mme Merethe Nergaard ainsi que de Haj Madani Ait Ouhanni, le dernier encore en vie parmi les huit hommes de diff\u00e9rentes nationalit\u00e9s ayant pris part \u00e0 cette odyss\u00e9e, cette c\u00e9r\u00e9monie a \u00e9t\u00e9 l\u2019occasion pour les habitants de Safi de r\u00e9it\u00e9rer leur fiert\u00e9 de voir leur ville choisie par l\u2019explorateur norv\u00e9gien comme point de d\u00e9part pour cette odyss\u00e9e des temps modernes.<\/p>\n<p>Initi\u00e9e par l\u2019ambassade de la Norv\u00e8ge, les associations M\u00e9moire de Safi et la Fondation de Safi, le Groupe OCP et le Groupe Barid-Al Maghrib, ce rendez-vous singulier visait, de m\u00eame, \u00e0 mettre en exergue cette exp\u00e9dition scientifique et \u00e0 la faire connaitre davantage aupr\u00e8s des g\u00e9n\u00e9rations montantes.<\/p>\n<p>\u00ab\u00a0Le 17 mai 1970, la date de l\u2019embarquement de Thor Heyerdahl et de ses compagnons, dans le port de Safi, pour cette exp\u00e9dition m\u00e9morable, est un jour important pour Safi et pour le Maroc, mais aussi pour la Norv\u00e8ge, car c\u2019est le jour de notre f\u00eate nationale\u00a0\u00bb, a affirm\u00e9 \u00e0 cette occasion, Mme Merethe Nergaard, soulignant que cette exp\u00e9dition est aussi une belle illustration des liens forts qui existent depuis longtemps entre le Maroc et la Norv\u00e8ge, pays riverains de l\u2019Atlantique.<\/p>\n<p>Et la diplomate de poursuivre que cette exp\u00e9dition avait un objectif scientifique \u00e0 savoir : d\u00e9montrer la possibilit\u00e9 que les peuples des deux cot\u00e9s de l\u2019Atlantique aient eu des contacts maritimes, 1000 ans avant la travers\u00e9e de Christophe Colomb, avec les soci\u00e9t\u00e9s am\u00e9rindiennes, auxquelles ils auraient transmis leurs techniques.<\/p>\n<p>Thor Heyerdahl, un pr\u00e9curseur en 1970, voulait aussi, en proc\u00e9dant aux premiers pr\u00e9l\u00e8vements d\u2019eau de mer, montrer les dangers de la pollution des oc\u00e9ans et la n\u00e9cessit\u00e9 de pr\u00e9server leur propret\u00e9 et leur int\u00e9grit\u00e9, a-t-elle insist\u00e9.<\/p>\n<p>Dans ce cadre, la diplomate norv\u00e9gienne, a indiqu\u00e9 que la pr\u00e9servation de l\u2019environnement et des oc\u00e9ans est une pr\u00e9occupation partag\u00e9e par le Maroc et la Norv\u00e8ge, qui ont mis en place depuis plusieurs ann\u00e9es des r\u00e9alisations communes, notamment dans la recherche oc\u00e9anique.<\/p>\n<p>Cette exp\u00e9dition avait un autre objectif, tout aussi important : montrer \u201cqu\u2019un \u00e9quipage compos\u00e9 de huit hommes issus de huit pays diff\u00e9rents, de toutes croyances, pouvaient mener un tel projet dans la fraternit\u00e9, et le partage des risques et des labeurs\u00a0\u00bb, a-t-elle ajout\u00e9.<\/p>\n<p>En ces jours de pand\u00e9mie, un tel message est non seulement d\u2019une port\u00e9e nationale pour le Maroc et la Norv\u00e8ge, mais aussi universelle, et r\u00e9sonne, dans l\u2019\u00e9preuve que nous traversons tous, comme un appel \u00e0 la coop\u00e9ration internationale pour le bien et la sant\u00e9 de tous, a-t-elle dit.<\/p>\n<p>Dans un message lu par Mme Nergaard, Thor Heyerdahl, a soulign\u00e9 que \u00ab\u00a0l\u2019\u00e9quipage \u00e9tait compos\u00e9 de huit nationalit\u00e9s diff\u00e9rentes, dont un Marocain. Tous ont fait preuve d\u2019un esprit d\u2019\u00e9quipe et sont devenus des amis\u00a0\u00bb.<\/p>\n<p>Et de poursuivre qu\u2019ils ont d\u00e9montr\u00e9 qu\u2019il est possible de traverser un oc\u00e9an, sur des grandes distances, avec des embarcations primitives, et qu\u2019un \u00e9quipage d\u2019origines diff\u00e9rentes et sans langue commune peut collaborer pour atteindre un objectif commun.<\/p>\n<p>Pou sa part, le Directeur du Mus\u00e9e Kon-Tiki, Martin Biehl, a tenu \u00e0 rappeler que \u00ab\u00a0Le choix port\u00e9 par Thor Heyerdahl sur Safi comme point de d\u00e9part de son p\u00e9riple s\u2019est av\u00e9r\u00e9 judicieux. Il souhaitait d\u00e9montrer qu\u2019il avait \u00e9t\u00e9 possible que les civilisations qui occupaient les deux rives de l\u2019Oc\u00e9an Atlantique, aient eu des \u00e9changes bien avant la travers\u00e9e de Christophe Colombe en 1492, et que les cultures et ces civilisations ne s\u2019\u00e9taient pas d\u00e9velopp\u00e9es ind\u00e9pendamment\u00a0\u00bb.<\/p>\n<p>\u00ab\u00a0Une autre le\u00e7on \u00e0 retenir de ce p\u00e9riple sont les apports r\u00e9ciproques, d\u00e8s les temps anciens des civilisations, et dans un monde moderne, chaque jour plus interd\u00e9pendant, l\u2019importance de rechercher les solutions communes \u00e0 des probl\u00e8mes communs\u00a0\u00bb, a ajout\u00e9 Biehl dans son message lu \u00e9galement par Mme Merethe Nergraad.<\/p>\n<p>Le moment phare de cette c\u00e9r\u00e9monie reste le d\u00e9voilement du timbre postal \u00e9mis par Barid Al-Maghrib en comm\u00e9moration de cette exp\u00e9dition scientifique.<\/p>\n<p>A travers l\u2019\u00e9mission de ce timbre postal, le groupe Barid Al-Maghrib a voulu m\u00e9moriser cet \u00e9v\u00e9nement historique et le faire connaitre aux g\u00e9n\u00e9rations montantes.<\/p>\n<p>A noter qu\u2019un exemplaire de ce timbre-poste sera remis au Mus\u00e9e Kon-Tiki (Norv\u00e8ge) o\u00f9 sont conserv\u00e9es les embarcations des exp\u00e9ditions de Thor Heyerdahl.<\/p>\n<p>Le c\u00e9l\u00e8bre potier \u00e0 Safi, Ahmed Serghini a voulu aussi exprim\u00e9 sa fiert\u00e9 et celle de tous les habitants de Safi pour le choix de leur ville comme point de d\u00e9part de cette exp\u00e9dition, en d\u00e9voilant \u00e0 cette occasion, une\u00a0fresque en c\u00e9ramique qu\u2019il a fabriqu\u00e9e en comm\u00e9moration de cette exp\u00e9dition.<\/p>\n<p>Cette c\u00e9r\u00e9monie a \u00e9t\u00e9 aussi ponctu\u00e9e d\u2019un vibrant hommage rendu \u00e0 Haj Madani Ait Ouhanni, qui a pris part \u00e0 l\u2019exp\u00e9dition scientifique de Thor Heyerdahl, partie depuis Safi, le 17 mai 1970, dans le but de d\u00e9montrer que des civilisations anciennes des deux c\u00f4t\u00e9s de l\u2019Atlantique aient pu avoir contact \u00e0 l\u2019aide de bateaux en papyrus, avant que Christophe Colomb ne d\u00e9couvre le Continent am\u00e9ricain.<\/p>\n<p>Aujourd\u2019hui \u00e0 81 ans, Haj Madani Ait Ouhanni se sent heureux et chanceux d\u2019\u00eatre le dernier encore en vie parmi les huit hommes ayant pris part \u00e0 cette odyss\u00e9e scientifique.<\/p>\n<p>Avec tant de patriotisme et de fiert\u00e9, cet ancien directeur de plusieurs \u00e9tablissements touristiques au Maroc, dont celui o\u00f9 \u00e9taient h\u00e9berg\u00e9s les membres de l\u2019\u00e9quipage de l\u2019exp\u00e9dition, se rappelle que tout a commenc\u00e9 lorsqu\u2019un des membres de cette exp\u00e9dition maritime et scientifique a d\u00e9sist\u00e9 pour des raisons personnelles.<\/p>\n<p>\u00ab\u00a0Je me souviens que cette d\u00e9fection me donna l\u2019occasion pour convaincre Thor Heyerdahl, avec qui je me suis li\u00e9 d\u2019une profonde amiti\u00e9, de choisir un Marocain pour faire partie de l\u2019aventure\u00a0\u00bb, se souvient-il, relevant que cette aventure repr\u00e9sente une occasion unique d\u2019inscrire le nom du Maroc dans les annales de l\u2019histoire.<\/p>\n<p>Haj Madani, qui \u00e9tait \u00e2g\u00e9 alors de 30 ans, se souvient des moindres d\u00e9tails de ce p\u00e9riple qu\u2019il a v\u00e9cu, et dont les p\u00e9rip\u00e9ties resteront grav\u00e9es dans sa m\u00e9moire toute sa vie. \u00ab\u00a0Le p\u00e9riple avait atteint ses objectifs et nous sommes parvenus aux Iles Barbade (Cara\u00efbes) le 12 juillet, soit apr\u00e8s 57 jours de navigation maritime, et 6.400 km parcourus\u00a0\u00bb, a-t-il conclu.<\/p>\n<p>Auteur: Meriem IGASS<br \/>\n<a href=\"http:\/\/www.mapmarrakech.ma\/fr\/50e-anniversaire-de-lexpedition-scientifique-de-thor-heyerdahl\/\">Cliquez ici pour lire l&rsquo;article depuis sa source.<\/a><\/p>\n","protected":false},"excerpt":{"rendered":"<p>Rehauss\u00e9e par la pr\u00e9sence notamment, de l\u2019ambassadrice de la Norv\u00e8ge au Maroc, Mme Merethe Nergaard ainsi que de Haj Madani Ait Ouhanni, le dernier encore en vie parmi les huit hommes de diff\u00e9rentes nationalit\u00e9s ayant pris part \u00e0 cette odyss\u00e9e, cette c\u00e9r\u00e9monie a \u00e9t\u00e9 l\u2019occasion pour les habitants de Safi de r\u00e9it\u00e9rer leur fiert\u00e9 de [&hellip;]<\/p>\n","protected":false},"author":1788,"featured_media":0,"comment_status":"closed","ping_status":"closed","sticky":false,"template":"","format":"standard","meta":{"fifu_image_url":"","fifu_image_alt":"","footnotes":""},"categories":[54,76],"tags":[],"class_list":["post-117194","post","type-post","status-publish","format-standard","hentry","category-maroc","category-regions"],"_links":{"self":[{"href":"https:\/\/linitiative.ca\/International\/wp-json\/wp\/v2\/posts\/117194","targetHints":{"allow":["GET"]}}],"collection":[{"href":"https:\/\/linitiative.ca\/International\/wp-json\/wp\/v2\/posts"}],"about":[{"href":"https:\/\/linitiative.ca\/International\/wp-json\/wp\/v2\/types\/post"}],"author":[{"embeddable":true,"href":"https:\/\/linitiative.ca\/International\/wp-json\/wp\/v2\/users\/1788"}],"replies":[{"embeddable":true,"href":"https:\/\/linitiative.ca\/International\/wp-json\/wp\/v2\/comments?post=117194"}],"version-history":[{"count":0,"href":"https:\/\/linitiative.ca\/International\/wp-json\/wp\/v2\/posts\/117194\/revisions"}],"wp:attachment":[{"href":"https:\/\/linitiative.ca\/International\/wp-json\/wp\/v2\/media?parent=117194"}],"wp:term":[{"taxonomy":"category","embeddable":true,"href":"https:\/\/linitiative.ca\/International\/wp-json\/wp\/v2\/categories?post=117194"},{"taxonomy":"post_tag","embeddable":true,"href":"https:\/\/linitiative.ca\/International\/wp-json\/wp\/v2\/tags?post=117194"}],"curies":[{"name":"wp","href":"https:\/\/api.w.org\/{rel}","templated":true}]}}