{"id":117195,"date":"2021-05-22T08:07:30","date_gmt":"2021-05-22T12:07:30","guid":{"rendered":"https:\/\/linitiative.ca\/International\/debat-sur-les-crises-transfrontalieres-dans-la-region-maghrebine\/"},"modified":"2021-05-22T08:07:30","modified_gmt":"2021-05-22T12:07:30","slug":"debat-sur-les-crises-transfrontalieres-dans-la-region-maghrebine","status":"publish","type":"post","link":"https:\/\/linitiative.ca\/International\/debat-sur-les-crises-transfrontalieres-dans-la-region-maghrebine\/","title":{"rendered":"D\u00e9bat sur les crises transfrontali\u00e8res dans la r\u00e9gion maghr\u00e9bine"},"content":{"rendered":"<div readability=\"39\">\n<p>Safi \u2013 Un colloque maghr\u00e9bin sur le th\u00e8me \u00ab\u00a0Les crises transfrontali\u00e8res dans la r\u00e9gion maghr\u00e9bine\u2026 Quels r\u00f4les des acteurs acad\u00e9miques, politiques, s\u00e9curitaires et \u00e9conomiques ?\u00a0\u00bb a \u00e9t\u00e9 organis\u00e9, vendredi \u00e0 Safi, \u00e0 l\u2019initiative du d\u00e9partement des Etudes Juridiques \u00e0 la Facult\u00e9 polydisciplinaire de Safi.<\/p>\n<\/div>\n<div readability=\"163\">\n<p>Initi\u00e9e en collaboration avec le Laboratoire des Etudes Constitutionnelles et d\u2019Analyse des Crises et des Politiques relevant de la facult\u00e9 de Droit de Marrakech, cette rencontre, de deux jours, a pour objectif d\u2019engager et enrichir le d\u00e9bat acad\u00e9mique maghr\u00e9bin autour des enjeux, des probl\u00e9matiques et des crises qui planent sur la r\u00e9gion maghr\u00e9bine sur les plans politique, \u00e9conomique, social, strat\u00e9gique et s\u00e9curitaire.<\/p>\n<p>Cette rencontre vise \u00e9galement \u00e0 \u00e9tablir un diagnostic de la situation actuelle, \u00e0 examiner les moyens \u00e0 m\u00eame de r\u00e9soudre les crises entre les pays maghr\u00e9bins, et \u00e0 encourager des initiatives visant \u00e0 renforcer la coh\u00e9sion et promouvoir la coop\u00e9ration entre les pays de la r\u00e9gion.<\/p>\n<p>\u00ab\u00a0A cause de sa position strat\u00e9gique importante, la r\u00e9gion maghr\u00e9bine est en interaction constante avec les variables r\u00e9gionales et internationales\u00a0\u00bb, a soulign\u00e9 \u00e0 cette occasion, le directeur du Laboratoire des Etudes Constitutionnelles et d\u2019Analyse des Crises et des Politiques, Dr. Driss Lagrini, ajoutant que les pays de la rive sud de la M\u00e9diterran\u00e9e sont ainsi directement concern\u00e9s par les r\u00e9percussions de la migration sous toutes ses formes.<\/p>\n<p>\u00ab\u00a0Du fait de son positionnement g\u00e9ographique jouxtant la zone sah\u00e9lo-saharienne, la r\u00e9gion maghr\u00e9bine se trouve proche d\u2019une zone aux multiples risques, alors qu\u2019elle est constamment affect\u00e9e par les probl\u00e9matiques et difficult\u00e9s auxquelles fait face le monde arabe\u00a0\u00bb, a ajout\u00e9 l\u2019universitaire.<\/p>\n<p>\u00c0 cet \u00e9gard, il a relev\u00e9 que gr\u00e2ce \u00e0 son positionnement strat\u00e9gique en tant que \u00ab\u00a0pont\u00a0\u00bb et \u00ab\u00a0trait d\u2019union\u00a0\u00bb entre l\u2019Afrique et l\u2019Europe, la r\u00e9gion maghr\u00e9bine se veut un carrefour commercial et \u00e9conomique de port\u00e9e internationale, et une voie privil\u00e9gi\u00e9e pour les mouvements migratoires.<\/p>\n<p>L\u2019expert a, de m\u00eame, expliqu\u00e9 que la pand\u00e9mie du nouveau coronavirus (Covid-19) a d\u00e9montr\u00e9 qu\u2019aucun pays pris individuellement, et quelle que soit la force de ses moyens et de ses capacit\u00e9s ne peut faire, \u00e0 lui seul, aux risques et menaces transfrontali\u00e8res, ce qui requiert une certaine coordination et coop\u00e9ration tant sur les plans r\u00e9gional qu\u2019international.<\/p>\n<p>De son c\u00f4t\u00e9, le directeur du d\u00e9partement des Etudes Juridiques \u00e0 la Facult\u00e9 polydisciplinaire de Safi, M. Mostapha Soufi, a affirm\u00e9 qu\u2019\u00e0 la lumi\u00e8re des changements survenus \u00e0 l\u2019\u00e9chelle plan\u00e9taire, et des crises et risques imminents, les pays maghr\u00e9bins sont, d\u00e9sormais, oblig\u00e9s \u00e0 rechercher conjointement les moyens efficients \u00e0 m\u00eame de g\u00e9rer ces crises et risques.<\/p>\n<p>M. Soufi a ajout\u00e9 que les r\u00e9percussions n\u00e9gatives sur l\u2019ensemble de la r\u00e9gion laissent constater l\u2019urgence pour les pays maghr\u00e9bins de f\u00e9d\u00e9rer tous leurs efforts en vue de faire face aux crises, ce qui n\u00e9cessite la formulation et la mise en place de nouveaux paradigmes de gestion des crises dans cette partie du Globe.<\/p>\n<p>Les th\u00e8mes contenus dans le programme de ce colloque d\u00e9montrent, si besoin est, l\u2019ouverture de la Facult\u00e9 sur les questions de nature strat\u00e9gique qui concernent l\u2019\u00c9tat et la soci\u00e9t\u00e9 dans la r\u00e9gion maghr\u00e9bine, notamment celles d\u2019ordre s\u00e9curitaire ainsi que les crises dans leurs dimensions globales, a-t-il not\u00e9.<\/p>\n<p>Et de conclure que gr\u00e2ce \u00e0 cette rencontre, la Facult\u00e9 se met \u00e0 l\u2019avant-garde des efforts visant \u00e0 mettre \u00e0 disposition des politiciens et des d\u00e9cideurs, des id\u00e9es et des paradigmes prospectifs qui pourraient contribuer \u00e0 la gestion des crises susceptibles de mettre en p\u00e9ril et remettre en cause la s\u00e9curit\u00e9 maghr\u00e9bine et donc, de constituer \u00ab\u00a0une bou\u00e9e de sauvetage\u00a0\u00bb pour faire face aux crises ou menaces s\u00e9curitaires.<\/p>\n<p>Pour sa part, la Doyenne de la Facult\u00e9 polydisciplinaire de Safi, Mme Zahra Rami, a \u00e9mis le v\u0153u de faire de ce colloque un rendez-vous pour les juristes, universitaires et acteurs politiques et \u00e9conomiques pour assurer un d\u00e9veloppement durable fond\u00e9 sur la n\u00e9cessit\u00e9 pour l\u2019universit\u00e9 de s\u2019ouvrir sur son environnement, en tant que \u00ab\u00a0fabrique\u00a0\u00bb de comp\u00e9tences et un gage de d\u00e9veloppement scientifique, intellectuel, \u00e9conomique et politique.<\/p>\n<p>Au programme de cette rencontre, figure deux sessions scientifiques autour de plusieurs th\u00e8mes \u00e0 savoir : \u00ab\u00a0Le Maghreb et les d\u00e9fis de l\u2019int\u00e9gration et de la coop\u00e9ration post-Covid-19\u00a0\u00bb, \u00ab\u00a0le Maghreb et la crise libyenne\u00a0\u00bb, \u00ab\u00a0le Maghreb et les fl\u00e9aux du terrorisme, du trafic de drogue et de l\u2019immigration clandestine\u00a0\u00bb, \u00ab\u00a0le Maghreb et les blocs r\u00e9gionaux internationaux\u00a0\u00bb, \u00ab\u00a0le Maghreb et les opportunit\u00e9s de d\u00e9veloppement\u00a0\u00bb \u2026<\/p>\n<p>Ce conclave offre aussi l\u2019opportunit\u00e9 de se pencher sur les rapports des Think tanks maghr\u00e9bins et marocains portant sur les questions de la s\u00e9curit\u00e9, la gestion des crises, les menaces transfrontali\u00e8res, telles que la migration ill\u00e9gale, le terrorisme, le changement climatique, la d\u00e9sertification et les droits des minorit\u00e9s.<\/p>\n<p>Le colloque sera couronn\u00e9 par la formulation de paradigmes et de solutions tourn\u00e9es vers l\u2019avenir pour r\u00e9duire et pr\u00e9venir les menaces s\u00e9curitaires dans la r\u00e9gion maghr\u00e9bine, et concevoir des perceptions prospectives de la s\u00e9curit\u00e9 \u00e9conomique du Maghreb, l\u2019Initiative la Ceinture et la Route (route de la soie chinoise), la transition \u00e9nerg\u00e9tique, le capital immat\u00e9riel et la comp\u00e9titivit\u00e9 globale.<\/p>\n<\/div>\n<p>Auteur: Meriem IGASS<br \/>\n<a href=\"http:\/\/www.mapmarrakech.ma\/fr\/debat-sur-les-crises-transfrontalieres-dans-la-region-maghrebine\/\">Cliquez ici pour lire l&rsquo;article depuis sa source.<\/a><\/p>\n","protected":false},"excerpt":{"rendered":"<p>Safi \u2013 Un colloque maghr\u00e9bin sur le th\u00e8me \u00ab\u00a0Les crises transfrontali\u00e8res dans la r\u00e9gion maghr\u00e9bine\u2026 Quels r\u00f4les des acteurs acad\u00e9miques, politiques, s\u00e9curitaires et \u00e9conomiques ?\u00a0\u00bb a \u00e9t\u00e9 organis\u00e9, vendredi \u00e0 Safi, \u00e0 l\u2019initiative du d\u00e9partement des Etudes Juridiques \u00e0 la Facult\u00e9 polydisciplinaire de Safi. Initi\u00e9e en collaboration avec le Laboratoire des Etudes Constitutionnelles et d\u2019Analyse [&hellip;]<\/p>\n","protected":false},"author":1788,"featured_media":0,"comment_status":"closed","ping_status":"closed","sticky":false,"template":"","format":"standard","meta":{"fifu_image_url":"","fifu_image_alt":"","footnotes":""},"categories":[54,76],"tags":[],"class_list":["post-117195","post","type-post","status-publish","format-standard","hentry","category-maroc","category-regions"],"_links":{"self":[{"href":"https:\/\/linitiative.ca\/International\/wp-json\/wp\/v2\/posts\/117195","targetHints":{"allow":["GET"]}}],"collection":[{"href":"https:\/\/linitiative.ca\/International\/wp-json\/wp\/v2\/posts"}],"about":[{"href":"https:\/\/linitiative.ca\/International\/wp-json\/wp\/v2\/types\/post"}],"author":[{"embeddable":true,"href":"https:\/\/linitiative.ca\/International\/wp-json\/wp\/v2\/users\/1788"}],"replies":[{"embeddable":true,"href":"https:\/\/linitiative.ca\/International\/wp-json\/wp\/v2\/comments?post=117195"}],"version-history":[{"count":0,"href":"https:\/\/linitiative.ca\/International\/wp-json\/wp\/v2\/posts\/117195\/revisions"}],"wp:attachment":[{"href":"https:\/\/linitiative.ca\/International\/wp-json\/wp\/v2\/media?parent=117195"}],"wp:term":[{"taxonomy":"category","embeddable":true,"href":"https:\/\/linitiative.ca\/International\/wp-json\/wp\/v2\/categories?post=117195"},{"taxonomy":"post_tag","embeddable":true,"href":"https:\/\/linitiative.ca\/International\/wp-json\/wp\/v2\/tags?post=117195"}],"curies":[{"name":"wp","href":"https:\/\/api.w.org\/{rel}","templated":true}]}}