{"id":117196,"date":"2021-05-22T13:57:34","date_gmt":"2021-05-22T17:57:34","guid":{"rendered":"https:\/\/linitiative.ca\/International\/la-crdh-de-marrakech-safi-tient-sa-deuxieme-session-ordinaire\/"},"modified":"2021-05-22T13:57:34","modified_gmt":"2021-05-22T17:57:34","slug":"la-crdh-de-marrakech-safi-tient-sa-deuxieme-session-ordinaire","status":"publish","type":"post","link":"https:\/\/linitiative.ca\/International\/la-crdh-de-marrakech-safi-tient-sa-deuxieme-session-ordinaire\/","title":{"rendered":"La CRDH de Marrakech-Safi tient sa deuxi\u00e8me session ordinaire"},"content":{"rendered":"<div readability=\"36\">\n<p>Marrakech \u2013 La Commission R\u00e9gionale des Droits de l\u2019Homme (CRDH) de Marrakech-Safi a tenu, samedi \u00e0 Marrakech, sa deuxi\u00e8me session ordinaire consacr\u00e9e notamment \u00e0 l\u2019approbation du plan d\u2019action annuel au titre de l\u2019ann\u00e9e 2021.<\/p>\n<\/div>\n<div readability=\"83\">\n<p>Les principaux axes relevant du plan d\u2019action 2021 prendront en compte les priorit\u00e9s en mati\u00e8re de promotion des droits de l\u2019Homme, a soulign\u00e9 le Pr\u00e9sident de la CRDH Marrakech-Safi, M. Mustapha La\u00e2rissa, \u00e0 l\u2019ouverture des travaux de cette r\u00e9union, ajoutant que cette s\u00e9ance de travail, \u00e0 l\u2019instar des pr\u00e9c\u00e9dentes, se tient dans le contexte de la pand\u00e9mie du nouveau coronavirus (Covid-19) qui a chang\u00e9 la donne et servi d\u2019exercice suppl\u00e9mentaire concernant l\u2019action dans le domaine des droits humains.<\/p>\n<p>Et de poursuivre que face \u00e0 cette conjoncture exceptionnelle, la garantie des droits de l\u2019Homme se trouve plus que jamais importante et les r\u00e9ponses \u00e0 apporter \u00e0 cette crise doivent \u00eatre bas\u00e9es sur la protection de ces droits.<\/p>\n<p>Dans ce sens, il a relev\u00e9 que cette pand\u00e9mie a engendr\u00e9 une crise \u00e9conomique et sociale, ainsi qu\u2019une crise des droits de l\u2019Homme, notamment en ce qui concerne la qu\u00eate d\u2019un \u00e9quilibre n\u00e9cessaire et raisonnable entre la pr\u00e9servation de l\u2019ordre public et la protection des droits individuels et collectifs, faisant savoir que cette pand\u00e9mie a d\u00e9montr\u00e9 la profondeur des probl\u00e8mes li\u00e9es aux droits \u00e9conomiques et sociaux et par l\u00e0, la priorit\u00e9 de certains axes, notamment la sant\u00e9, l\u2019emploi et l\u2019\u00e9ducation, ce qui soumet la Commission \u00e0 une obligation de reconsid\u00e9rer et revoir ses priorit\u00e9s.<\/p>\n<p>Notant que la CRDH devrait sceller, dans le mois prochain, des accords avec plusieurs \u00e9tablissements universitaires, organes judiciaires et groupements entrepreneuriaux, M. Laarissa a soulign\u00e9 l\u2019importance d\u2019organiser des s\u00e9minaires, des r\u00e9unions et des tables rondes afin d\u2019enrichir le d\u00e9bat sur les droits de l\u2019Homme, en particulier parmi les parties prenantes dans l\u2019application de la loi et la gestion de la chose publique.<\/p>\n<p>Cette rencontre a \u00e9t\u00e9 marqu\u00e9e par la pr\u00e9sentation d\u2019un expos\u00e9 d\u00e9taill\u00e9 sur l\u2019institution du M\u00e9diateur, ses m\u00e9canismes d\u2019intervention, sa structure d\u2019accueil et la proc\u00e9dure d\u2019\u00e9valuation des dol\u00e9ances.<\/p>\n<p>Il a \u00e9t\u00e9 \u00e9galement proc\u00e9d\u00e9 \u00e0 la pr\u00e9sentation du plan d\u2019action des commissions permanentes en charge de l\u2019identification des violations des droits de l\u2019Homme et la protection de ces droits, de la promotion de la culture des droits de l\u2019Homme et de la consolidation de l\u2019\u00e9difice d\u00e9mocratique, et de l\u2019\u00e9valuation et du suivi de l\u2019effectivit\u00e9 des droits humains dans les politiques et programmes r\u00e9gionaux.<\/p>\n<\/div>\n<p>Auteur: Meriem IGASS<br \/>\n<a href=\"http:\/\/www.mapmarrakech.ma\/fr\/la-crdh-de-marrakech-safi-tient-sa-deuxieme-session-ordinaire\/\">Cliquez ici pour lire l&rsquo;article depuis sa source.<\/a><\/p>\n","protected":false},"excerpt":{"rendered":"<p>Marrakech \u2013 La Commission R\u00e9gionale des Droits de l\u2019Homme (CRDH) de Marrakech-Safi a tenu, samedi \u00e0 Marrakech, sa deuxi\u00e8me session ordinaire consacr\u00e9e notamment \u00e0 l\u2019approbation du plan d\u2019action annuel au titre de l\u2019ann\u00e9e 2021. Les principaux axes relevant du plan d\u2019action 2021 prendront en compte les priorit\u00e9s en mati\u00e8re de promotion des droits de l\u2019Homme, [&hellip;]<\/p>\n","protected":false},"author":1788,"featured_media":0,"comment_status":"closed","ping_status":"closed","sticky":false,"template":"","format":"standard","meta":{"fifu_image_url":"","fifu_image_alt":"","footnotes":""},"categories":[54,76],"tags":[],"class_list":["post-117196","post","type-post","status-publish","format-standard","hentry","category-maroc","category-regions"],"_links":{"self":[{"href":"https:\/\/linitiative.ca\/International\/wp-json\/wp\/v2\/posts\/117196","targetHints":{"allow":["GET"]}}],"collection":[{"href":"https:\/\/linitiative.ca\/International\/wp-json\/wp\/v2\/posts"}],"about":[{"href":"https:\/\/linitiative.ca\/International\/wp-json\/wp\/v2\/types\/post"}],"author":[{"embeddable":true,"href":"https:\/\/linitiative.ca\/International\/wp-json\/wp\/v2\/users\/1788"}],"replies":[{"embeddable":true,"href":"https:\/\/linitiative.ca\/International\/wp-json\/wp\/v2\/comments?post=117196"}],"version-history":[{"count":0,"href":"https:\/\/linitiative.ca\/International\/wp-json\/wp\/v2\/posts\/117196\/revisions"}],"wp:attachment":[{"href":"https:\/\/linitiative.ca\/International\/wp-json\/wp\/v2\/media?parent=117196"}],"wp:term":[{"taxonomy":"category","embeddable":true,"href":"https:\/\/linitiative.ca\/International\/wp-json\/wp\/v2\/categories?post=117196"},{"taxonomy":"post_tag","embeddable":true,"href":"https:\/\/linitiative.ca\/International\/wp-json\/wp\/v2\/tags?post=117196"}],"curies":[{"name":"wp","href":"https:\/\/api.w.org\/{rel}","templated":true}]}}