{"id":117198,"date":"2021-05-22T08:20:33","date_gmt":"2021-05-22T12:20:33","guid":{"rendered":"https:\/\/linitiative.ca\/International\/rencontre-a-guercif-sur-la-simplification-des-procedures-administratives\/"},"modified":"2021-05-22T08:20:33","modified_gmt":"2021-05-22T12:20:33","slug":"rencontre-a-guercif-sur-la-simplification-des-procedures-administratives","status":"publish","type":"post","link":"https:\/\/linitiative.ca\/International\/rencontre-a-guercif-sur-la-simplification-des-procedures-administratives\/","title":{"rendered":"Rencontre \u00e0 Guercif sur la simplification des proc\u00e9dures administratives"},"content":{"rendered":"<p class=\"c4\">La pr\u00e9fecture de la province de Guercif a organis\u00e9, jeudi, une rencontre de communication ax\u00e9e sur la mise en application des dispositions de la loi 55-19 relative \u00e0 la simplification des proc\u00e9dures et formalit\u00e9s administratives.<\/p>\n<p class=\"c4\">Cette rencontre, pr\u00e9sid\u00e9e par le secr\u00e9taire g\u00e9n\u00e9ral de la province, Hassan Nahir, en pr\u00e9sence notamment de responsables de services ext\u00e9rieurs, d\u2019acteurs associatifs, d\u2019investisseurs et d\u2019entrepreneurs, s\u2019inscrit dans la continuit\u00e9 des efforts d\u2019explication et de mise en \u0153uvre des disposition de la loi 55-19, et de pr\u00e9sentation du Portail national des proc\u00e9dures et des formalit\u00e9s administratives \u00abIdarati\u00bb.<\/p>\n<p class=\"c4\">Dans son intervention, M. Nahir a mis l\u2019accent sur les efforts d\u00e9ploy\u00e9s par le Royaume du Maroc pour simplifier les proc\u00e9dures et les formalit\u00e9s administratives, dont le chantier a \u00e9t\u00e9 lanc\u00e9 conform\u00e9ment aux Hautes instructions de SM le Roi Mohammed VI, et en application du programme gouvernemental dans le domaine de la r\u00e9forme de l\u2019administration et la cons\u00e9cration de la bonne gouvernance.<\/p>\n<p class=\"c4\">Et de souligner que cette loi est une r\u00e9volution dans la simplification et la digitalisation de l\u2019administration marocaine et une \u00e9tape avanc\u00e9e dans la consolidation de la bonne gouvernance et la consolidation de la confiance entre les usagers et l\u2019administration publique, et ce \u00e0 travers l\u2019encadrement du fonctionnement des services publics selon des r\u00e8gles pr\u00e9cises et transparentes qui garantissent les droits du citoyen et r\u00e9pondent \u00e0 ses attentes.<\/p>\n<p class=\"c4\">Il a not\u00e9 dans ces sens que l\u2019objectif d\u2019am\u00e9lioration et de consolidation de la relation entre le citoyen et l\u2019administration publique est devenu une priorit\u00e9 absolue des efforts croissants d\u00e9ploy\u00e9s par le Royaume dans le chantier de r\u00e9forme de l\u2019administration marocaine, en simplifiant l\u2019acc\u00e8s aux services administratifs publics et en am\u00e9liorant le climat des affaires.<\/p>\n<p class=\"c4\">Ce chantier s\u2019inscrit dans le cadre d\u2019une vision globale pour rapprocher l\u2019administration du citoyen et promouvoir la bonne gouvernance, notamment dans le contexte de la r\u00e9gionalisation avanc\u00e9e, a encore ajout\u00e9 M. Nahir.<\/p>\n<p class=\"c4\">De son c\u00f4t\u00e9, Imad Al Warath, chef du service des collectivit\u00e9s territoriales, s\u2019est arr\u00eat\u00e9 dans son expos\u00e9 sur les dispositions et le champ d\u2019application de la loi 55.19 relative \u00e0 la simplification des proc\u00e9dures et formalit\u00e9s, mettant l\u2019accent sur les principes g\u00e9n\u00e9raux fondamentaux de cette loi, en particulier les principes de la confiance entre l\u2019usager et l\u2019administration, la transparence des proc\u00e9dures et formalit\u00e9s, leur simplification et l\u2019interpr\u00e9tation du silence de l\u2019administration, apr\u00e8s l\u2019expiration des d\u00e9lais impartis, comme une acceptation de la demande selon les conditions pr\u00e9vues par la loi.<\/p>\n<p class=\"c4\">Il a relev\u00e9 que ce texte de loi comporte un ensemble de r\u00e8gles organisant les proc\u00e9dures et formalit\u00e9s li\u00e9es aux d\u00e9cisions administratives, dans le sens d\u2019un all\u00e9gement des proc\u00e9dures au b\u00e9n\u00e9fice du citoyen, des entreprises et de l\u2019ensemble des composantes de la soci\u00e9t\u00e9.<\/p>\n<p class=\"c4\">Cette rencontre rentre dans le sillage d\u2019une s\u00e9rie de rencontres de sensibilisation et de formation organis\u00e9es, dans le cadre de la mise en application des dispositions de cette loi et la sensibilisation quant \u00e0 leur importance, au profit des cadres et fonctionnaires des administrations publiques et des collectivit\u00e9s territoriales, ainsi que des professionnels et des acteurs de la soci\u00e9t\u00e9 civile.<\/p>\n<p>Auteur: Soufiane ELAHMAR<br \/>\n<a href=\"http:\/\/www.mapoujda.ma\/fr\/rencontre-a-guercif-sur-la-simplification-des-procedures-administratives\/\">Cliquez ici pour lire l&rsquo;article depuis sa source.<\/a><\/p>\n","protected":false},"excerpt":{"rendered":"<p>La pr\u00e9fecture de la province de Guercif a organis\u00e9, jeudi, une rencontre de communication ax\u00e9e sur la mise en application des dispositions de la loi 55-19 relative \u00e0 la simplification des proc\u00e9dures et formalit\u00e9s administratives. Cette rencontre, pr\u00e9sid\u00e9e par le secr\u00e9taire g\u00e9n\u00e9ral de la province, Hassan Nahir, en pr\u00e9sence notamment de responsables de services ext\u00e9rieurs, [&hellip;]<\/p>\n","protected":false},"author":1788,"featured_media":0,"comment_status":"closed","ping_status":"closed","sticky":false,"template":"","format":"standard","meta":{"fifu_image_url":"","fifu_image_alt":"","footnotes":""},"categories":[54,76],"tags":[],"class_list":["post-117198","post","type-post","status-publish","format-standard","hentry","category-maroc","category-regions"],"_links":{"self":[{"href":"https:\/\/linitiative.ca\/International\/wp-json\/wp\/v2\/posts\/117198","targetHints":{"allow":["GET"]}}],"collection":[{"href":"https:\/\/linitiative.ca\/International\/wp-json\/wp\/v2\/posts"}],"about":[{"href":"https:\/\/linitiative.ca\/International\/wp-json\/wp\/v2\/types\/post"}],"author":[{"embeddable":true,"href":"https:\/\/linitiative.ca\/International\/wp-json\/wp\/v2\/users\/1788"}],"replies":[{"embeddable":true,"href":"https:\/\/linitiative.ca\/International\/wp-json\/wp\/v2\/comments?post=117198"}],"version-history":[{"count":0,"href":"https:\/\/linitiative.ca\/International\/wp-json\/wp\/v2\/posts\/117198\/revisions"}],"wp:attachment":[{"href":"https:\/\/linitiative.ca\/International\/wp-json\/wp\/v2\/media?parent=117198"}],"wp:term":[{"taxonomy":"category","embeddable":true,"href":"https:\/\/linitiative.ca\/International\/wp-json\/wp\/v2\/categories?post=117198"},{"taxonomy":"post_tag","embeddable":true,"href":"https:\/\/linitiative.ca\/International\/wp-json\/wp\/v2\/tags?post=117198"}],"curies":[{"name":"wp","href":"https:\/\/api.w.org\/{rel}","templated":true}]}}