{"id":117200,"date":"2021-05-22T07:43:30","date_gmt":"2021-05-22T11:43:30","guid":{"rendered":"https:\/\/linitiative.ca\/International\/fes-uemf-franc-succes-de-la-semaine-de-lafrique\/"},"modified":"2021-05-22T07:43:30","modified_gmt":"2021-05-22T11:43:30","slug":"fes-uemf-franc-succes-de-la-semaine-de-lafrique","status":"publish","type":"post","link":"https:\/\/linitiative.ca\/International\/fes-uemf-franc-succes-de-la-semaine-de-lafrique\/","title":{"rendered":"F\u00e8s-UEMF: Franc succ\u00e8s de la semaine de l&rsquo;Afrique"},"content":{"rendered":"<p class=\"rtejustify\"><em>CP: Y.S.A.<\/em><\/p>\n<p class=\"rtejustify\">La diplomatie par la culture et l&rsquo;enseignement. C&rsquo;est le cr\u00e9do de l&rsquo;Universit\u00e9 Euromed de F\u00e8s qui a accueilli, hier, des ambassadeurs et repr\u00e9sentants d\u2019ambassades de pays d\u2019Afrique, \u00e0 l&rsquo;occasion de l\u2019ouverture de la semaine africaine.<\/p>\n<p class=\"rtejustify\">Initi\u00e9 du 19 au 26 mai, au sein de son \u00e9co- Campus, l\u2019\u00e9v\u00e9nement se tient sous le th\u00e8me \u00ab l\u2019Afrique, continent de l\u2019avenir \u00bb en collaboration avec son partenaire et sponsor officiel de l\u2019\u00e9v\u00e8nement Bank of Africa. Premi\u00e8re \u00e9dition d\u2019une s\u00e9rie annuelle d\u2019\u00e9v\u00e8nements, La Semaine Africaine de l\u2019UEMF repr\u00e9sente un rendez-vous, mais aussi, une occasion de se retrouver, de communiquer et de r\u00e9fl\u00e9chir ensemble sur les enjeux et les opportunit\u00e9s li\u00e9s \u00e0 l\u2019Afrique. Cette manifestation s\u2019inscrit dans le m\u00eame contexte que la journ\u00e9e mondiale de la diversit\u00e9 culturelle ainsi que la journ\u00e9e mondiale de l\u2019Afrique, respectivement pr\u00e9vues les 21 et 25 mai 2021.<\/p>\n<p class=\"rtejustify\">Au vu de sa port\u00e9e internationale, plusieurs personnalit\u00e9s \u00e9minentes du monde diplomatique, en particulier plusieurs ambassadeurs des pays fr\u00e8res et amis d&rsquo;Afrique, mais aussi du monde acad\u00e9mique et culturel, du secteur \u00e9conomique et social et de la Soci\u00e9t\u00e9 Civile, prennent part \u00e0 cette semaine d\u00e9di\u00e9e au continent Africain. Pour ses initiateurs, cet \u00e9v\u00e8nement sera principalement marqu\u00e9 par trois activit\u00e9s majeures quotidiennes. \u00ab La c\u00e9r\u00e9monie de La Semaine Africaine de l\u2019UEMF a connu diverses activit\u00e9s dont des conf\u00e9rences et des tables rondes, des activit\u00e9s culturelles et r\u00e9cr\u00e9atives et un moment fort pour de fructueux \u00e9changes avec les entreprises et les organismes nationaux et internationaux convi\u00e9s \u00bb, ajoutent-ils. \u00abIl faut avoir confiance en soi, pers\u00e9v\u00e9rer, et d\u00e9velopper le capital humain qui est la grande et plus importante ressource de notre continent\u00bb, appelle Pr Mostapha Bousmina, pr\u00e9sident de l\u2019UEMF.<\/p>\n<p class=\"rtejustify\">S\u2019exprimant devant diplomates, universitaires et \u00e9tudiants, ce dernier a soulign\u00e9 que \u00abla semaine africaine de l\u2019UEMF vise \u00e0 promouvoir une meilleure compr\u00e9hension de notre continent, et cr\u00e9er un espace de rencontre regroupant des diplomates, des chefs d\u2019entreprises, des chercheurs, des journalistes etc\u00bb. Et ce, pour interpr\u00e9ter les dynamiques internes et externes qui animent le continent, proposer des grilles de lecture des r\u00e9alit\u00e9s africaines dans leur diversit\u00e9 et leur. Compl\u00e9mentarit\u00e9s, r\u00e9fl\u00e9chir et d\u00e9battre sur des th\u00e9matiques d&rsquo;int\u00e9r\u00eat commun pour l\u2019Afrique, les perspectives et les mod\u00e8les de d\u00e9veloppement, repenser ensemble les nouvelles orientations strat\u00e9giques que l\u2019Afrique en g\u00e9n\u00e9ral et le Maroc en particulier \u00e0 mettre en \u0153uvre au regard de ce que repr\u00e9sente l&rsquo;axe \u00ab\u00a0Europe M\u00e9diterran\u00e9e Afrique\u00a0\u00bb en termes d&rsquo;opportunit\u00e9s et de potentialit\u00e9s de d\u00e9veloppement \u00bb En outre, la semaine africaine de l\u2019UEMF permettra aux participants de mieux conna\u00eetre l\u2019Afrique, de favoriser les \u00e9changes et faciliter les rencontres avec des recruteurs et des d\u00e9cideurs actifs sur le continent, et enfin, de prendre conscience du potentiel de l\u2019Afrique en termes de ressources humaines. Par le biais de cet \u00e9v\u00e9nement, l\u2019UEMF et Bank of Africa souhaitent susciter des initiatives et actions concr\u00e8tes pour le d\u00e9veloppement du continent.<\/p>\n<p class=\"rtejustify\">A ce titre, l\u2019universit\u00e9 pr\u00e9voit d\u2019organiser tr\u00e8s prochainement un \u00e9v\u00e8nement similaire dans trois capitales de l\u2019Afrique subsaharienne notamment \u00e0 Dakar (S\u00e9n\u00e9gal), \u00e0 Abidjan (C\u00f4te d\u2019Ivoire) et \u00e0 Libreville (Gabon). En attendant, la semaine africaine conna\u00eet un franc succ\u00e8s tant au niveau de la qualit\u00e9 des participants, mais aussi la richesse des activit\u00e9s culturelles, d\u00e9bats et r\u00e9flexions, sans oublier l\u2019exposition de produits d\u2019artisanat.<\/p>\n<p class=\"rtejustify\"><em>Y.S.A<\/em><\/p>\n<p class=\"rtejustify\">\u00a0<\/p>\n<p>Auteur: mbasraoui<br \/>\n<a href=\"https:\/\/www.leconomiste.com\/flash-infos\/fes-uemf-franc-succes-de-la-semaine-de-l-afrique\">Cliquez ici pour lire l&rsquo;article depuis sa source.<\/a><\/p>\n","protected":false},"excerpt":{"rendered":"<p>CP: Y.S.A. La diplomatie par la culture et l&rsquo;enseignement. C&rsquo;est le cr\u00e9do de l&rsquo;Universit\u00e9 Euromed de F\u00e8s qui a accueilli, hier, des ambassadeurs et repr\u00e9sentants d\u2019ambassades de pays d\u2019Afrique, \u00e0 l&rsquo;occasion de l\u2019ouverture de la semaine africaine. Initi\u00e9 du 19 au 26 mai, au sein de son \u00e9co- Campus, l\u2019\u00e9v\u00e9nement se tient sous le th\u00e8me [&hellip;]<\/p>\n","protected":false},"author":1763,"featured_media":0,"comment_status":"closed","ping_status":"closed","sticky":false,"template":"","format":"standard","meta":{"fifu_image_url":"","fifu_image_alt":"","footnotes":""},"categories":[78,54],"tags":[],"class_list":["post-117200","post","type-post","status-publish","format-standard","hentry","category-economie","category-maroc"],"_links":{"self":[{"href":"https:\/\/linitiative.ca\/International\/wp-json\/wp\/v2\/posts\/117200","targetHints":{"allow":["GET"]}}],"collection":[{"href":"https:\/\/linitiative.ca\/International\/wp-json\/wp\/v2\/posts"}],"about":[{"href":"https:\/\/linitiative.ca\/International\/wp-json\/wp\/v2\/types\/post"}],"author":[{"embeddable":true,"href":"https:\/\/linitiative.ca\/International\/wp-json\/wp\/v2\/users\/1763"}],"replies":[{"embeddable":true,"href":"https:\/\/linitiative.ca\/International\/wp-json\/wp\/v2\/comments?post=117200"}],"version-history":[{"count":0,"href":"https:\/\/linitiative.ca\/International\/wp-json\/wp\/v2\/posts\/117200\/revisions"}],"wp:attachment":[{"href":"https:\/\/linitiative.ca\/International\/wp-json\/wp\/v2\/media?parent=117200"}],"wp:term":[{"taxonomy":"category","embeddable":true,"href":"https:\/\/linitiative.ca\/International\/wp-json\/wp\/v2\/categories?post=117200"},{"taxonomy":"post_tag","embeddable":true,"href":"https:\/\/linitiative.ca\/International\/wp-json\/wp\/v2\/tags?post=117200"}],"curies":[{"name":"wp","href":"https:\/\/api.w.org\/{rel}","templated":true}]}}