{"id":117201,"date":"2021-05-22T09:13:22","date_gmt":"2021-05-22T13:13:22","guid":{"rendered":"https:\/\/linitiative.ca\/International\/video-crise-maroc-espagne-le-ton-se-durcit\/"},"modified":"2021-05-22T09:13:22","modified_gmt":"2021-05-22T13:13:22","slug":"video-crise-maroc-espagne-le-ton-se-durcit","status":"publish","type":"post","link":"https:\/\/linitiative.ca\/International\/video-crise-maroc-espagne-le-ton-se-durcit\/","title":{"rendered":"VIDEO-Crise Maroc-Espagne : le ton se durcit"},"content":{"rendered":"<p class=\"rtejustify\"><em>CP: MAP<\/em><\/p>\n<p class=\"rtejustify\">Le recours au m\u00eame proc\u00e9d\u00e9 pour l&rsquo;exfiltration du d\u00e9nomm\u00e9 Brahim Ghali de la m\u00eame mani\u00e8re avec laquelle il est entr\u00e9 en Espagne est un choix pour le statu quo et l&rsquo;aggravation de la crise, a affirm\u00e9 vendredi l\u2019ambassadeure du Royaume \u00e0 Madrid, Karima Benyaich.<\/p>\n<p class=\"rtejustify\">La grave crise actuelle entre Madrid et Rabat suite \u00e0 l\u2019accueil en catimini sur le sol espagnol du chef des s\u00e9paratistes du polisario sous une fausse identit\u00e9 constitue un test de la fiabilit\u00e9 et de la sinc\u00e9rit\u00e9 du discours, v\u00e9hicul\u00e9 depuis des ann\u00e9es, en faveur du bon voisinage et du partenariat strat\u00e9gique qui ont toujours pr\u00e9valu entre les deux pays, a relev\u00e9 la diplomate dans une d\u00e9claration \u00e0 des m\u00e9dias espagnols. Cette crise repr\u00e9sente \u00e9galement un test pour l&rsquo;ind\u00e9pendance de la justice espagnole, \u00ab\u00a0en laquelle nous avons confiance\u00a0\u00bb, ainsi que pour l&rsquo;\u00e9tat d&rsquo;esprit des autorit\u00e9s espagnoles quant \u00e0 leur volont\u00e9 d&rsquo;opter pour le renforcement des relations avec le Maroc ou de coop\u00e9rer avec ses ennemis, a soulign\u00e9 Mme Benyaich.<\/p>\n<p class=\"rtejustify\"><iframe loading=\"lazy\" frameborder=\"0\" height=\"400\" scrolling=\"no\" src=\"https:\/\/www.youtube.com\/embed\/bFcv_SUPlUU\" width=\"100%\">[embedded content]<\/iframe><\/p>\n<p class=\"rtejustify\">Source VIDEO:\u00a0RTVE Noticias<\/p>\n<p class=\"rtejustify\">L&rsquo;Espagne a disgracieusement opt\u00e9 pour l&rsquo;opacit\u00e9, en manoeuvrant derri\u00e8re le dos du Maroc, et ce en accueillant et en prot\u00e9geant ce criminel et bourreau, en invoquant des consid\u00e9rations humanitaires, ce qui constitue une offense \u00e0 la dignit\u00e9 du peuple marocain, a-t-elle dit. Face \u00e0 la grave crise actuelle avec l&rsquo;Espagne, le Maroc ne cherche aucune faveur ou complaisance, a-t-elle soutenu, faisant savoir que le Royaume demande seulement le respect de l&rsquo;esprit du partenariat strat\u00e9gique le liant \u00e0 l&rsquo;Espagne et l\u2019application du droit espagnol.<\/p>\n<p class=\"rtejustify\">En effet, la personne \u00e0 qui l&rsquo;Espagne a permis l\u2019entr\u00e9e sur son territoire avec un faux passeport et sous une identit\u00e9 usurp\u00e9e, est poursuivie par la justice espagnole pour crimes contre l&rsquo;humanit\u00e9, graves violations des droits de l&rsquo;Homme et viol, a-t-elle rappel\u00e9, notant que ses victimes sont de nationalit\u00e9 espagnole et que certains des actes qui lui sont reproch\u00e9s ont \u00e9t\u00e9 commis sur le sol espagnol.<\/p>\n<p class=\"rtejustify\">\u00a0<\/p>\n<p>Auteur: mbasraoui<br \/>\n<a href=\"https:\/\/www.leconomiste.com\/flash-infos\/video-crise-maroc-espagne-le-ton-se-durcit\">Cliquez ici pour lire l&rsquo;article depuis sa source.<\/a><\/p>\n","protected":false},"excerpt":{"rendered":"<p>CP: MAP Le recours au m\u00eame proc\u00e9d\u00e9 pour l&rsquo;exfiltration du d\u00e9nomm\u00e9 Brahim Ghali de la m\u00eame mani\u00e8re avec laquelle il est entr\u00e9 en Espagne est un choix pour le statu quo et l&rsquo;aggravation de la crise, a affirm\u00e9 vendredi l\u2019ambassadeure du Royaume \u00e0 Madrid, Karima Benyaich. La grave crise actuelle entre Madrid et Rabat suite [&hellip;]<\/p>\n","protected":false},"author":1763,"featured_media":0,"comment_status":"closed","ping_status":"closed","sticky":false,"template":"","format":"standard","meta":{"fifu_image_url":"","fifu_image_alt":"","footnotes":""},"categories":[78,54],"tags":[],"class_list":["post-117201","post","type-post","status-publish","format-standard","hentry","category-economie","category-maroc"],"_links":{"self":[{"href":"https:\/\/linitiative.ca\/International\/wp-json\/wp\/v2\/posts\/117201","targetHints":{"allow":["GET"]}}],"collection":[{"href":"https:\/\/linitiative.ca\/International\/wp-json\/wp\/v2\/posts"}],"about":[{"href":"https:\/\/linitiative.ca\/International\/wp-json\/wp\/v2\/types\/post"}],"author":[{"embeddable":true,"href":"https:\/\/linitiative.ca\/International\/wp-json\/wp\/v2\/users\/1763"}],"replies":[{"embeddable":true,"href":"https:\/\/linitiative.ca\/International\/wp-json\/wp\/v2\/comments?post=117201"}],"version-history":[{"count":0,"href":"https:\/\/linitiative.ca\/International\/wp-json\/wp\/v2\/posts\/117201\/revisions"}],"wp:attachment":[{"href":"https:\/\/linitiative.ca\/International\/wp-json\/wp\/v2\/media?parent=117201"}],"wp:term":[{"taxonomy":"category","embeddable":true,"href":"https:\/\/linitiative.ca\/International\/wp-json\/wp\/v2\/categories?post=117201"},{"taxonomy":"post_tag","embeddable":true,"href":"https:\/\/linitiative.ca\/International\/wp-json\/wp\/v2\/tags?post=117201"}],"curies":[{"name":"wp","href":"https:\/\/api.w.org\/{rel}","templated":true}]}}