{"id":117203,"date":"2021-05-22T14:44:50","date_gmt":"2021-05-22T18:44:50","guid":{"rendered":"https:\/\/linitiative.ca\/International\/homicide-a-safi-3-personnes-en-detention\/"},"modified":"2021-05-22T14:44:50","modified_gmt":"2021-05-22T18:44:50","slug":"homicide-a-safi-3-personnes-en-detention","status":"publish","type":"post","link":"https:\/\/linitiative.ca\/International\/homicide-a-safi-3-personnes-en-detention\/","title":{"rendered":"Homicide \u00e0 Safi : 3 personnes en d\u00e9tention"},"content":{"rendered":"<p class=\"rtejustify\"><em>CP: L&rsquo;Economiste<\/em><\/p>\n<p class=\"rtejustify\">Trois personnes ont \u00e9t\u00e9 mises en d\u00e9tention \u00e0 la prison locale de Safi aux fins d&rsquo;enqu\u00eate, sur fond d&rsquo;un homicide relay\u00e9 sur les r\u00e9seaux sociaux, a annonc\u00e9, samedi, le Procureur g\u00e9n\u00e9ral du Roi pr\u00e8s la Cour d&rsquo;appel \u00e0 cette ville.<\/p>\n<p class=\"rtejustify\">L&rsquo;enqu\u00eate judiciaire diligent\u00e9e sous la supervision du parquet a conduit \u00e0 l&rsquo;arrestation de trois personnes, affirme un le\u00a0Procureur g\u00e9n\u00e9ral du Roi. Comparant devant le parquet pour homicide volontaire et tentative d&rsquo;homicide volontaire, les trois personnes ont \u00e9t\u00e9 d\u00e9f\u00e9r\u00e9es devant le juge d&rsquo;instruction en vertu d&rsquo;une requ\u00eate d&rsquo;instruction et ont \u00e9t\u00e9 mises en d\u00e9tention \u00e0 la prison locale de Safi aux fins d&rsquo;enqu\u00eate, pr\u00e9cise le <span class=\"c4\">Procureur\u00a0<\/span>.<\/p>\n<p class=\"rtejustify\">\u00a0<\/p>\n<p>Auteur: mbasraoui<br \/>\n<a href=\"https:\/\/www.leconomiste.com\/flash-infos\/homicide-safi-3-personnes-en-detention\">Cliquez ici pour lire l&rsquo;article depuis sa source.<\/a><\/p>\n","protected":false},"excerpt":{"rendered":"<p>CP: L&rsquo;Economiste Trois personnes ont \u00e9t\u00e9 mises en d\u00e9tention \u00e0 la prison locale de Safi aux fins d&rsquo;enqu\u00eate, sur fond d&rsquo;un homicide relay\u00e9 sur les r\u00e9seaux sociaux, a annonc\u00e9, samedi, le Procureur g\u00e9n\u00e9ral du Roi pr\u00e8s la Cour d&rsquo;appel \u00e0 cette ville. L&rsquo;enqu\u00eate judiciaire diligent\u00e9e sous la supervision du parquet a conduit \u00e0 l&rsquo;arrestation de [&hellip;]<\/p>\n","protected":false},"author":1763,"featured_media":0,"comment_status":"closed","ping_status":"closed","sticky":false,"template":"","format":"standard","meta":{"fifu_image_url":"","fifu_image_alt":"","footnotes":""},"categories":[78,54],"tags":[],"class_list":["post-117203","post","type-post","status-publish","format-standard","hentry","category-economie","category-maroc"],"_links":{"self":[{"href":"https:\/\/linitiative.ca\/International\/wp-json\/wp\/v2\/posts\/117203","targetHints":{"allow":["GET"]}}],"collection":[{"href":"https:\/\/linitiative.ca\/International\/wp-json\/wp\/v2\/posts"}],"about":[{"href":"https:\/\/linitiative.ca\/International\/wp-json\/wp\/v2\/types\/post"}],"author":[{"embeddable":true,"href":"https:\/\/linitiative.ca\/International\/wp-json\/wp\/v2\/users\/1763"}],"replies":[{"embeddable":true,"href":"https:\/\/linitiative.ca\/International\/wp-json\/wp\/v2\/comments?post=117203"}],"version-history":[{"count":0,"href":"https:\/\/linitiative.ca\/International\/wp-json\/wp\/v2\/posts\/117203\/revisions"}],"wp:attachment":[{"href":"https:\/\/linitiative.ca\/International\/wp-json\/wp\/v2\/media?parent=117203"}],"wp:term":[{"taxonomy":"category","embeddable":true,"href":"https:\/\/linitiative.ca\/International\/wp-json\/wp\/v2\/categories?post=117203"},{"taxonomy":"post_tag","embeddable":true,"href":"https:\/\/linitiative.ca\/International\/wp-json\/wp\/v2\/tags?post=117203"}],"curies":[{"name":"wp","href":"https:\/\/api.w.org\/{rel}","templated":true}]}}