{"id":117208,"date":"2021-05-22T15:14:16","date_gmt":"2021-05-22T19:14:16","guid":{"rendered":"https:\/\/linitiative.ca\/International\/international-atletico-apres-le-sacre-suarez-pas-tendre-avec-le-barca-ils-mont-meprise\/"},"modified":"2021-05-22T15:14:16","modified_gmt":"2021-05-22T19:14:16","slug":"international-atletico-apres-le-sacre-suarez-pas-tendre-avec-le-barca-ils-mont-meprise","status":"publish","type":"post","link":"https:\/\/linitiative.ca\/International\/international-atletico-apres-le-sacre-suarez-pas-tendre-avec-le-barca-ils-mont-meprise\/","title":{"rendered":"International : Atl\u00e9tico : Apr\u00e8s le sacre, Suarez pas tendre avec le Bar\u00e7a : \u00ab\u00a0Ils m&rsquo;ont m\u00e9pris\u00e9\u00a0\u00bb"},"content":{"rendered":"<div readability=\"32\">\n<p>Auteur : <span class=\"time\">samedi 22 mai 2021 19:51<\/span><\/p>\n<\/div>\n<div id=\"post_core\" readability=\"44\">\n<p>Luis Suarez (attaquant de l&rsquo;Atl\u00e9tico Madrid, sacr\u00e9 champion d\u2019Espagne ce samedi) : \u00ab\u00a0Il y a des situations qui ne sont pas faciles \u00e0 vivre, c&rsquo;\u00e9tait dur l&rsquo;\u00e9t\u00e9 dernier. La mani\u00e8re dont ils (le Bar\u00e7a, ndlr) m&rsquo;ont m\u00e9pris\u00e9, sous-estim\u00e9&#8230; Mais je serai toujours reconnaissant \u00e0 l&rsquo;Atl\u00e9tico, qui m&rsquo;a ouvert ses portes pour que je continue \u00e0 prouver que je suis bon. Beaucoup de gens ont souffert avec moi. Ma femme, mes enfants, au quotidien&#8230; Cela fait beaucoup d&rsquo;ann\u00e9es que je suis dans le monde du football, et c&rsquo;est l&rsquo;ann\u00e9e o\u00f9 ils ont le plus souffert. L&rsquo;Atl\u00e9tico a fait une ann\u00e9e fabuleuse, malgr\u00e9 les difficult\u00e9s que l&rsquo;on a eues par moments en Liga. On a \u00e9t\u00e9 les plus r\u00e9guliers et on termine champions.\u00a0\u00bb Des propos relay\u00e9s par Sport24.<\/p>\n<p><strong>Publi\u00e9 dans :<\/strong> <span>suarez<\/span><\/p>\n<\/div>\n<p>Auteur:<br \/>\n<a href=\"http:\/\/www.lebuteur.com\/article\/detail?titre=atletico-apres-le-sacre-suarez-pas-tendre-avec-le-barca-ils-mont-meprise&#038;id=100143&#038;utm_source=feedburner&#038;utm_medium=feed&#038;utm_campaign=Feed%3A+GalerieFArtciles+%28Les+derniers+articles++-+lebuteur.com%29\">Cliquez ici pour lire l&rsquo;article depuis sa source.<\/a><\/p>\n","protected":false},"excerpt":{"rendered":"<p>Auteur : samedi 22 mai 2021 19:51 Luis Suarez (attaquant de l&rsquo;Atl\u00e9tico Madrid, sacr\u00e9 champion d\u2019Espagne ce samedi) : \u00ab\u00a0Il y a des situations qui ne sont pas faciles \u00e0 vivre, c&rsquo;\u00e9tait dur l&rsquo;\u00e9t\u00e9 dernier. La mani\u00e8re dont ils (le Bar\u00e7a, ndlr) m&rsquo;ont m\u00e9pris\u00e9, sous-estim\u00e9&#8230; Mais je serai toujours reconnaissant \u00e0 l&rsquo;Atl\u00e9tico, qui m&rsquo;a ouvert [&hellip;]<\/p>\n","protected":false},"author":1738,"featured_media":0,"comment_status":"closed","ping_status":"closed","sticky":false,"template":"","format":"standard","meta":{"fifu_image_url":"\/\/cdn.lebuteur.com\/data\/images\/article\/thumbs\/large-atletico-apres-le-sacre-suarez-pas-tendre-avec-le-barca-ils-mont-meprise-a0090.jpg","fifu_image_alt":"International : Atl\u00e9tico : Apr\u00e8s le sacre, Suarez pas tendre avec le Bar\u00e7a : \"Ils m'ont m\u00e9pris\u00e9\"","footnotes":""},"categories":[53,75],"tags":[],"class_list":["post-117208","post","type-post","status-publish","format-standard","hentry","category-algerie","category-sport"],"_links":{"self":[{"href":"https:\/\/linitiative.ca\/International\/wp-json\/wp\/v2\/posts\/117208","targetHints":{"allow":["GET"]}}],"collection":[{"href":"https:\/\/linitiative.ca\/International\/wp-json\/wp\/v2\/posts"}],"about":[{"href":"https:\/\/linitiative.ca\/International\/wp-json\/wp\/v2\/types\/post"}],"author":[{"embeddable":true,"href":"https:\/\/linitiative.ca\/International\/wp-json\/wp\/v2\/users\/1738"}],"replies":[{"embeddable":true,"href":"https:\/\/linitiative.ca\/International\/wp-json\/wp\/v2\/comments?post=117208"}],"version-history":[{"count":0,"href":"https:\/\/linitiative.ca\/International\/wp-json\/wp\/v2\/posts\/117208\/revisions"}],"wp:attachment":[{"href":"https:\/\/linitiative.ca\/International\/wp-json\/wp\/v2\/media?parent=117208"}],"wp:term":[{"taxonomy":"category","embeddable":true,"href":"https:\/\/linitiative.ca\/International\/wp-json\/wp\/v2\/categories?post=117208"},{"taxonomy":"post_tag","embeddable":true,"href":"https:\/\/linitiative.ca\/International\/wp-json\/wp\/v2\/tags?post=117208"}],"curies":[{"name":"wp","href":"https:\/\/api.w.org\/{rel}","templated":true}]}}