{"id":117209,"date":"2021-05-22T13:58:00","date_gmt":"2021-05-22T17:58:00","guid":{"rendered":"https:\/\/linitiative.ca\/International\/immigration-clandestine-tentative-dejouee-a-el-tarf\/"},"modified":"2021-05-22T13:58:00","modified_gmt":"2021-05-22T17:58:00","slug":"immigration-clandestine-tentative-dejouee-a-el-tarf","status":"publish","type":"post","link":"https:\/\/linitiative.ca\/International\/immigration-clandestine-tentative-dejouee-a-el-tarf\/","title":{"rendered":"Immigration clandestine : Tentative d\u00e9jou\u00e9e \u00e0 El Tarf"},"content":{"rendered":"<h4 class=\"title-14\"\/>\n<div class=\"featured_image\"><img loading=\"lazy\" decoding=\"async\" width=\"800\" height=\"477\" src=\"https:\/\/www.elwatan.com\/wp-content\/uploads\/2018\/11\/harraga.jpg\" class=\"attachment-post-thumbnail size-post-thumbnail wp-post-image\" alt=\"\" srcset=\"https:\/\/www.elwatan.com\/wp-content\/uploads\/2018\/11\/harraga.jpg 800w, https:\/\/www.elwatan.com\/wp-content\/uploads\/2018\/11\/harraga-300x179.jpg 300w, https:\/\/www.elwatan.com\/wp-content\/uploads\/2018\/11\/harraga-768x458.jpg 768w\" sizes=\"auto, (max-width: 800px) 100vw, 800px\"\/> <span class=\"featured-image-caption\">Photo : D. R.<\/span><\/div>\n<p><strong><em>Un communiqu\u00e9 de la S\u00fbret\u00e9 de wilaya d\u2019El Tarf nous apprend que des enqu\u00eateurs de la s\u00fbret\u00e9 de da\u00efra d\u2019El Kala ont pu d\u00e9jouer \u00e0 temps une tentative d\u2019immigration clandestine.<\/em><\/strong><\/p>\n<p>Les policiers agissant sur informations ont arr\u00eat\u00e9 ainsi 4 individus \u00e2g\u00e9s entre 20 et 30 originaires de la wilaya d\u2019El Tarf et de celle d\u2019Annaba.<\/p>\n<p>Ils avaient d\u00e9j\u00e0 pris contact avec des candidats \u00e0 l\u2019immigration clandestine venant de toutes les wilayas de l\u2019est du pays.<\/p>\n<p>Les aveux des passeurs et la fouille \u00e0 leurs domiciles ont permis de mettre la main sur une embarcation d\u2019\u00e0 peine 4 m\u00e8tres, un moteur hors-bord, des gilets de sauvetage, deux r\u00e9servoirs pleins et des bidons contenant 100 l d\u2019essence.<\/p>\n<p>Les 4 acolytes ont \u00e9cop\u00e9 chacun de un an de prison ferme.<\/p>\n<p>A notre connaissance, c\u2019est le cinqui\u00e8me r\u00e9seau de passeurs d\u00e9mantel\u00e9 \u00e0 El Kala depuis octobre dernier.<\/p>\n<p>Ces arrestations et emprisonnements ne semblent pas d\u00e9courager ces marchands de la mort.<\/p>\n<p><span class=\"post-views-label\">Post Views:<\/span> <span class=\"post-views-count\">0<\/span><\/p>\n<p><br class=\"c2\"\/><\/p>\n<div class=\"ichhar-moneytagnative c4\" id=\"ichhar-2146985100\">\n<p>Advertisements<\/p>\n<\/div>\n<p><br class=\"c2\"\/><br \/>\n<br class=\"c5\"\/><\/p>\n<p>Auteur: Mohand Yahiaoui<br \/>\n<a href=\"https:\/\/www.elwatan.com\/regions\/est\/actu-est\/immigration-clandestine-tentative-d-dejouee-22-05-2021\">Cliquez ici pour lire l&rsquo;article depuis sa source.<\/a><\/p>\n","protected":false},"excerpt":{"rendered":"<p>Photo : D. R. Un communiqu\u00e9 de la S\u00fbret\u00e9 de wilaya d\u2019El Tarf nous apprend que des enqu\u00eateurs de la s\u00fbret\u00e9 de da\u00efra d\u2019El Kala ont pu d\u00e9jouer \u00e0 temps une tentative d\u2019immigration clandestine. Les policiers agissant sur informations ont arr\u00eat\u00e9 ainsi 4 individus \u00e2g\u00e9s entre 20 et 30 originaires de la wilaya d\u2019El Tarf [&hellip;]<\/p>\n","protected":false},"author":1743,"featured_media":0,"comment_status":"closed","ping_status":"closed","sticky":false,"template":"","format":"standard","meta":{"fifu_image_url":"https:\/\/www.elwatan.com\/wp-content\/uploads\/2018\/11\/harraga.jpg","fifu_image_alt":"Immigration clandestine : Tentative d\u00e9jou\u00e9e \u00e0 El Tarf","footnotes":""},"categories":[73,53],"tags":[],"class_list":["post-117209","post","type-post","status-publish","format-standard","hentry","category-actualite","category-algerie"],"_links":{"self":[{"href":"https:\/\/linitiative.ca\/International\/wp-json\/wp\/v2\/posts\/117209","targetHints":{"allow":["GET"]}}],"collection":[{"href":"https:\/\/linitiative.ca\/International\/wp-json\/wp\/v2\/posts"}],"about":[{"href":"https:\/\/linitiative.ca\/International\/wp-json\/wp\/v2\/types\/post"}],"author":[{"embeddable":true,"href":"https:\/\/linitiative.ca\/International\/wp-json\/wp\/v2\/users\/1743"}],"replies":[{"embeddable":true,"href":"https:\/\/linitiative.ca\/International\/wp-json\/wp\/v2\/comments?post=117209"}],"version-history":[{"count":0,"href":"https:\/\/linitiative.ca\/International\/wp-json\/wp\/v2\/posts\/117209\/revisions"}],"wp:attachment":[{"href":"https:\/\/linitiative.ca\/International\/wp-json\/wp\/v2\/media?parent=117209"}],"wp:term":[{"taxonomy":"category","embeddable":true,"href":"https:\/\/linitiative.ca\/International\/wp-json\/wp\/v2\/categories?post=117209"},{"taxonomy":"post_tag","embeddable":true,"href":"https:\/\/linitiative.ca\/International\/wp-json\/wp\/v2\/tags?post=117209"}],"curies":[{"name":"wp","href":"https:\/\/api.w.org\/{rel}","templated":true}]}}