{"id":117210,"date":"2021-05-22T13:53:00","date_gmt":"2021-05-22T17:53:00","guid":{"rendered":"https:\/\/linitiative.ca\/International\/les-libyens-seront-ils-bientote-autorises-a-acquerir-des-locaux-commerciaux-en-tunisie-album-photos\/"},"modified":"2021-05-22T13:53:00","modified_gmt":"2021-05-22T17:53:00","slug":"les-libyens-seront-ils-bientote-autorises-a-acquerir-des-locaux-commerciaux-en-tunisie-album-photos","status":"publish","type":"post","link":"https:\/\/linitiative.ca\/International\/les-libyens-seront-ils-bientote-autorises-a-acquerir-des-locaux-commerciaux-en-tunisie-album-photos\/","title":{"rendered":"Les Libyens seront-ils bient\u00f4te autoris\u00e9s \u00e0 acqu\u00e9rir des locaux commerciaux en Tunisie? (Album photos)"},"content":{"rendered":"<p><span class=\"c2\"><strong><em>De l&rsquo;envoy\u00e9 sp\u00e9cial de Leaders \u00e0 Tripoli &#8211;<\/em><\/strong><\/span> Si l\u2019immobilier r\u00e9sidentiel n\u2019est plus soumis \u00e0 autorisation pour les ressortissants \u00e9trangers, notamment les Libyens, les locaux commerciaux demeurent encore assujettis \u00e0 cette interdiction. La question a \u00e9t\u00e9 soulev\u00e9e par le chef du gouvernement libyen, Abdelhamid Dbaibah, recevant samedi \u00e0 Tripoli, son homologue Hichem Mechichi. \u00ab\u00a0Levons cet obstacle dans les deux pays et laissons notre peuple investir o\u00f9 il veut\u00a0\u00bb, a-t-il ponctu\u00e9 ses propos.<\/p>\n<p><strong>Lire aussi<\/strong><\/p>\n<p><a href=\"https:\/\/www.leaders.com.tn\/article\/31914-la-libye-ne-laissera-pas-la-tunisie-seule-face-au-covid-et-ses-suites-affirme-dbaibah-a-mechichi-les-nouvelles-decisions\" target=\"_blank\" rel=\"noopener\">\u2018\u2019La Libye ne laissera pas la Tunisie seule face au Covid et ses suites\u2019\u2019, affirme Dbaibah \u00e0 Mechichi : les nouvelles d\u00e9cisions (Album photos)<\/a><\/p>\n<p><a href=\"https:\/\/www.leaders.com.tn\/article\/31913-la-libye-disposee-a-partager-avec-la-tunisie-une-partie-de-ses-doses-de-vaccins-anti-covid\" target=\"_blank\" rel=\"noopener\">La Libye, dispos\u00e9e \u00e0 partager avec la Tunisie une partie de ses doses de vaccins anti-covid (Album photos)<\/a><\/p>\n<p><a href=\"https:\/\/www.leaders.com.tn\/article\/31909-tunis-et-tripoli-entendent-faciliter-le-passage-des-frontieres-pour-les-personnes-et-marchandises-entre-les-deux-pays\" target=\"_blank\" rel=\"noopener\">Tunis et Tripoli entendent faciliter le passage des fronti\u00e8res pour les personnes et marchandises, entre les deux pays (Album Photos)<\/a><\/p>\n<p><a href=\"https:\/\/www.leaders.com.tn\/article\/31906-qui-accompagne-mechichi-a-tripoli\" target=\"_blank\" rel=\"noopener\">Qui accompagne Mechichi \u00e0 Tripoli<\/a><\/p>\n<p><a href=\"https:\/\/www.leaders.com.tn\/article\/31911-la-libye-demande-une-amnistie-des-changes-en-faveur-de-ressortissants-libyens-en-infraction-en-tunisie-et-la-restitution-des-montants-confisques\" target=\"_blank\" rel=\"noopener\">La Libye demande une amnistie des changes en faveur de ressortissants libyens en infraction en Tunisie et la restitution des montants confisqu\u00e9s (Album photos)<\/a><\/p>\n<p><a href=\"https:\/\/www.leaders.com.tn\/article\/31912-la-situation-des-travailleurs-tunisiens-en-libye-sera-regularisee-affirme-le-chef-du-gouvernement-dbaibah\" target=\"_blank\" rel=\"noopener\">La situation des travailleurs tunisiens en Libye sera r\u00e9gularis\u00e9e affirme le chef du gouvernement Dbaibah (Album photos)<\/a><\/p>\n<p>Auteur:<br \/>\n<a href=\"https:\/\/www.leaders.com.tn\/article\/31910-les-libyens-seront-ils-bientote-autorises-a-acquerir-des-locaux-commerciaux-en-tunisie\">Cliquez ici pour lire l&rsquo;article depuis sa source.<\/a><\/p>\n","protected":false},"excerpt":{"rendered":"<p>De l&rsquo;envoy\u00e9 sp\u00e9cial de Leaders \u00e0 Tripoli &#8211; Si l\u2019immobilier r\u00e9sidentiel n\u2019est plus soumis \u00e0 autorisation pour les ressortissants \u00e9trangers, notamment les Libyens, les locaux commerciaux demeurent encore assujettis \u00e0 cette interdiction. La question a \u00e9t\u00e9 soulev\u00e9e par le chef du gouvernement libyen, Abdelhamid Dbaibah, recevant samedi \u00e0 Tripoli, son homologue Hichem Mechichi. \u00ab\u00a0Levons cet [&hellip;]<\/p>\n","protected":false},"author":1772,"featured_media":0,"comment_status":"closed","ping_status":"closed","sticky":false,"template":"","format":"standard","meta":{"fifu_image_url":"","fifu_image_alt":"","footnotes":""},"categories":[73,55],"tags":[],"class_list":["post-117210","post","type-post","status-publish","format-standard","hentry","category-actualite","category-tunisie"],"_links":{"self":[{"href":"https:\/\/linitiative.ca\/International\/wp-json\/wp\/v2\/posts\/117210","targetHints":{"allow":["GET"]}}],"collection":[{"href":"https:\/\/linitiative.ca\/International\/wp-json\/wp\/v2\/posts"}],"about":[{"href":"https:\/\/linitiative.ca\/International\/wp-json\/wp\/v2\/types\/post"}],"author":[{"embeddable":true,"href":"https:\/\/linitiative.ca\/International\/wp-json\/wp\/v2\/users\/1772"}],"replies":[{"embeddable":true,"href":"https:\/\/linitiative.ca\/International\/wp-json\/wp\/v2\/comments?post=117210"}],"version-history":[{"count":0,"href":"https:\/\/linitiative.ca\/International\/wp-json\/wp\/v2\/posts\/117210\/revisions"}],"wp:attachment":[{"href":"https:\/\/linitiative.ca\/International\/wp-json\/wp\/v2\/media?parent=117210"}],"wp:term":[{"taxonomy":"category","embeddable":true,"href":"https:\/\/linitiative.ca\/International\/wp-json\/wp\/v2\/categories?post=117210"},{"taxonomy":"post_tag","embeddable":true,"href":"https:\/\/linitiative.ca\/International\/wp-json\/wp\/v2\/tags?post=117210"}],"curies":[{"name":"wp","href":"https:\/\/api.w.org\/{rel}","templated":true}]}}