{"id":117211,"date":"2021-05-22T13:54:00","date_gmt":"2021-05-22T17:54:00","guid":{"rendered":"https:\/\/linitiative.ca\/International\/la-libye-demande-une-amnistie-des-changes-en-faveur-de-ressortissants-libyens-en-infraction-en-tunisie-et-la-restitution-des-montants-confisques-album-photos\/"},"modified":"2021-05-22T13:54:00","modified_gmt":"2021-05-22T17:54:00","slug":"la-libye-demande-une-amnistie-des-changes-en-faveur-de-ressortissants-libyens-en-infraction-en-tunisie-et-la-restitution-des-montants-confisques-album-photos","status":"publish","type":"post","link":"https:\/\/linitiative.ca\/International\/la-libye-demande-une-amnistie-des-changes-en-faveur-de-ressortissants-libyens-en-infraction-en-tunisie-et-la-restitution-des-montants-confisques-album-photos\/","title":{"rendered":"La Libye demande une amnistie des changes en faveur de ressortissants libyens en infraction en Tunisie et la restitution des montants confisqu\u00e9s (Album photos)"},"content":{"rendered":"<p><span class=\"c2\"><strong><em>De l\u2019envoy\u00e9 sp\u00e9cial de Leaders \u00e0 Tripoli &#8211;<\/em><\/strong><\/span> \u00ab\u00a0Nous ne faisons qu\u2019exprimer une forte demande de nombreux citoyens libyens, commencera par dire le chef du gouvernement, Abdelhamid Dbaibah. Au cours des derni\u00e8res ann\u00e9es, des circonstances particuli\u00e8res, et des conditions p\u00e9nibles avaient contraint certains de nos compatriotes \u00e0 s\u2019impliquer dans des affaires d\u2019introductions non-d\u00e9clar\u00e9es de sommes d\u2019argent en Tunisie, souvent pour faire face \u00e0 des soins m\u00e9dicaux urgents et autres obligations. Pris en flagrant d\u00e9lit, ces sommes leur ont \u00e9t\u00e9 confisqu\u00e9es et des poursuites ont \u00e9t\u00e9 engag\u00e9es contre eux. Dans un grand geste de magnanimit\u00e9 entre fr\u00e8res, la Libye souhaite les faire b\u00e9n\u00e9ficier d\u2019une amnistie et de leur restituer les sommes confisqu\u00e9es.\u00a0\u00bb<\/p>\n<p>S\u2019il n\u2019a pas donn\u00e9 de r\u00e9ponse \u00e0 cette requ\u00eate, Hichem Mechichi a pr\u00eat\u00e9 une oreille attentive \u00e0 son homologue libyen.<\/p>\n<p><strong>Lire aussi<\/strong><\/p>\n<p><a href=\"https:\/\/www.leaders.com.tn\/article\/31914-la-libye-ne-laissera-pas-la-tunisie-seule-face-au-covid-et-ses-suites-affirme-dbaibah-a-mechichi-les-nouvelles-decisions\" target=\"_blank\" rel=\"noopener\">\u2018\u2019La Libye ne laissera pas la Tunisie seule face au Covid et ses suites\u2019\u2019, affirme Dbaibah \u00e0 Mechichi : les nouvelles d\u00e9cisions (Album photos)<\/a><\/p>\n<p><a href=\"https:\/\/www.leaders.com.tn\/article\/31913-la-libye-disposee-a-partager-avec-la-tunisie-une-partie-de-ses-doses-de-vaccins-anti-covid\" target=\"_blank\" rel=\"noopener\">La Libye, dispos\u00e9e \u00e0 partager avec la Tunisie une partie de ses doses de vaccins anti-covid (Album photos)<\/a><\/p>\n<p><a href=\"https:\/\/www.leaders.com.tn\/article\/31910-les-libyens-seront-ils-bientote-autorises-a-acquerir-des-locaux-commerciaux-en-tunisie\" target=\"_blank\" rel=\"noopener\">Les Libyens seront-ils bient\u00f4te autoris\u00e9s \u00e0 acqu\u00e9rir des locaux commerciaux en Tunisie? (Album photos)<\/a><\/p>\n<p><a href=\"https:\/\/www.leaders.com.tn\/article\/31909-tunis-et-tripoli-entendent-faciliter-le-passage-des-frontieres-pour-les-personnes-et-marchandises-entre-les-deux-pays\" target=\"_blank\" rel=\"noopener\">Tunis et Tripoli entendent faciliter le passage des fronti\u00e8res pour les personnes et marchandises, entre les deux pays (Album Photos)<\/a><\/p>\n<p><a href=\"https:\/\/www.leaders.com.tn\/article\/31906-qui-accompagne-mechichi-a-tripoli\" target=\"_blank\" rel=\"noopener\">Qui accompagne Mechichi \u00e0 Tripoli<\/a><\/p>\n<p><a href=\"https:\/\/www.leaders.com.tn\/article\/31912-la-situation-des-travailleurs-tunisiens-en-libye-sera-regularisee-affirme-le-chef-du-gouvernement-dbaibah\" target=\"_blank\" rel=\"noopener\">La situation des travailleurs tunisiens en Libye sera r\u00e9gularis\u00e9e affirme le chef du gouvernement Dbaibah (Album photos)<\/a><\/p>\n<p>\u00a0<\/p>\n<p>Auteur:<br \/>\n<a href=\"https:\/\/www.leaders.com.tn\/article\/31911-la-libye-demande-une-amnistie-des-changes-en-faveur-de-ressortissants-libyens-en-infraction-en-tunisie-et-la-restitution-des-montants-confisques\">Cliquez ici pour lire l&rsquo;article depuis sa source.<\/a><\/p>\n","protected":false},"excerpt":{"rendered":"<p>De l\u2019envoy\u00e9 sp\u00e9cial de Leaders \u00e0 Tripoli &#8211; \u00ab\u00a0Nous ne faisons qu\u2019exprimer une forte demande de nombreux citoyens libyens, commencera par dire le chef du gouvernement, Abdelhamid Dbaibah. Au cours des derni\u00e8res ann\u00e9es, des circonstances particuli\u00e8res, et des conditions p\u00e9nibles avaient contraint certains de nos compatriotes \u00e0 s\u2019impliquer dans des affaires d\u2019introductions non-d\u00e9clar\u00e9es de sommes [&hellip;]<\/p>\n","protected":false},"author":1772,"featured_media":0,"comment_status":"closed","ping_status":"closed","sticky":false,"template":"","format":"standard","meta":{"fifu_image_url":"","fifu_image_alt":"","footnotes":""},"categories":[73,55],"tags":[],"class_list":["post-117211","post","type-post","status-publish","format-standard","hentry","category-actualite","category-tunisie"],"_links":{"self":[{"href":"https:\/\/linitiative.ca\/International\/wp-json\/wp\/v2\/posts\/117211","targetHints":{"allow":["GET"]}}],"collection":[{"href":"https:\/\/linitiative.ca\/International\/wp-json\/wp\/v2\/posts"}],"about":[{"href":"https:\/\/linitiative.ca\/International\/wp-json\/wp\/v2\/types\/post"}],"author":[{"embeddable":true,"href":"https:\/\/linitiative.ca\/International\/wp-json\/wp\/v2\/users\/1772"}],"replies":[{"embeddable":true,"href":"https:\/\/linitiative.ca\/International\/wp-json\/wp\/v2\/comments?post=117211"}],"version-history":[{"count":0,"href":"https:\/\/linitiative.ca\/International\/wp-json\/wp\/v2\/posts\/117211\/revisions"}],"wp:attachment":[{"href":"https:\/\/linitiative.ca\/International\/wp-json\/wp\/v2\/media?parent=117211"}],"wp:term":[{"taxonomy":"category","embeddable":true,"href":"https:\/\/linitiative.ca\/International\/wp-json\/wp\/v2\/categories?post=117211"},{"taxonomy":"post_tag","embeddable":true,"href":"https:\/\/linitiative.ca\/International\/wp-json\/wp\/v2\/tags?post=117211"}],"curies":[{"name":"wp","href":"https:\/\/api.w.org\/{rel}","templated":true}]}}