{"id":117214,"date":"2021-05-22T14:30:00","date_gmt":"2021-05-22T18:30:00","guid":{"rendered":"https:\/\/linitiative.ca\/International\/la-libye-ne-laissera-pas-la-tunisie-seule-face-au-covid-et-ses-suites-affirme-dbaibah-a-mechichi-les-nouvelles-decisions-album-photos\/"},"modified":"2021-05-22T14:30:00","modified_gmt":"2021-05-22T18:30:00","slug":"la-libye-ne-laissera-pas-la-tunisie-seule-face-au-covid-et-ses-suites-affirme-dbaibah-a-mechichi-les-nouvelles-decisions-album-photos","status":"publish","type":"post","link":"https:\/\/linitiative.ca\/International\/la-libye-ne-laissera-pas-la-tunisie-seule-face-au-covid-et-ses-suites-affirme-dbaibah-a-mechichi-les-nouvelles-decisions-album-photos\/","title":{"rendered":"\u2018\u2019La Libye ne laissera pas la Tunisie seule face au Covid et ses suites\u2019\u2019, affirme Dbaibah \u00e0 Mechichi : les nouvelles d\u00e9cisions (Album photos)"},"content":{"rendered":"<p><span class=\"c2\"><em><strong>Tripoli \u2013 De l\u2019envoy\u00e9 sp\u00e9cial de Leaders.<\/strong><\/em><\/span> \u00ab\u00a0Ce qui nous unit est tr\u00e8s fort et ancien, encore renforc\u00e9 ces derni\u00e8res ann\u00e9es. Nous ne laisserons pas la Tunisie faire face seule au Covid et \u00e0 ses suites. Nous ferons tout ce qui est en notre pouvoir pour t\u00e9moigner de notre solidarit\u00e9.\u00a0\u00bb Dans la salle de presse du si\u00e8ge de la pr\u00e9sidence du gouvernement libyen \u00e0 Tripoli, ces propos tenus par le chef du Gouvernement Abdelhamid Dbaibah, Hichem Mechichi ne pouvait mieux entendre, \u00e0 l\u2019occasion de sa visite officielle ce samedi.<\/p>\n<p>\u00ab\u00a0Dans ces moments si difficiles, a-t-il poursuit, o\u00f9 chacun a encore plus besoin de l\u2019autre, la Tunisie a \u00e9t\u00e9 un havre de paix pour les Libyens, pass\u00e9s par de rudes \u00e9preuves. Les Tunisiens leur ont ouvert leurs portes, les accueillant avec leur g\u00e9n\u00e9reuse hospitalit\u00e9 et leur pr\u00eatant main forte. Nous ne saurons \u00e9pargner, en retour, aucun effort pour exprimer au peuple tunisien notre gratitude.\u00a0\u00bb<\/p>\n<p>Dans une allusion \u00e0 peine voil\u00e9e quant \u00e0 un soutien financier sollicit\u00e9, alors que la Tunisie cherche \u00e0 mobiliser des financements ext\u00e9rieurs pour boucler son budget, l\u2019annonce libyenne, bien que non-d\u00e9taill\u00e9e, a produit son effet sur la d\u00e9l\u00e9gation tunisienne. D\u2019autres mesures prises par les nouvelles autorit\u00e9s libyennes sont annonc\u00e9es \u00e0 cette occasion\u00a0:<\/p>\n<p>La Libye <a href=\"https:\/\/www.leaders.com.tn\/article\/31913-la-libye-disposee-a-partager-avec-la-tunisie-une-partie-de-ses-doses-de-vaccins-anti-covid\">partagera avec la Tunisie une partie de ses nouvelles doses de vaccin<\/a> contre le Covid,<br \/>La <a href=\"https:\/\/www.leaders.com.tn\/article\/31912-la-situation-des-travailleurs-tunisiens-en-libye-sera-regularisee-affirme-le-chef-du-gouvernement-dbaibah\">situation des travailleurs tunisiens sans papiers en Libye sera r\u00e9gularis\u00e9e<\/a>. L\u2019octroi de carte de s\u00e9jour et de permis de travail pour de nouveaux contingents sera facilit\u00e9 et acc\u00e9l\u00e9r\u00e9,<\/p>\n<p>Le passage des personnes et des biens entre les fronti\u00e8res des deux pays sera plus largement ouvert et facilit\u00e9. Les lettres de cr\u00e9dit concernant de produits export\u00e9s par voie terrestre seront ouvertes.<\/p>\n<h2>Ce que la Libye demande<\/h2>\n<p>\u00c9videmment, les autorit\u00e9s libyennes n\u2019ont pas manqu\u00e9 d\u2019exprimer \u00e0 cette occasion trois grandes demandes, sans cesse pos\u00e9es en \u00e9cho aux dol\u00e9ances populaires. Il s\u2019agit\u00a0:<\/p>\n<p>Une <a href=\"https:\/\/www.leaders.com.tn\/article\/31911-la-libye-demande-une-amnistie-des-changes-en-faveur-de-ressortissants-libyens-en-infraction-en-tunisie-et-la-restitution-des-montants-confisques\">amnistie de change<\/a> pour les infractions d\u2019introduction non-d\u00e9clar\u00e9s en Tunisie de devises libyennes par des visiteurs de bonne foi et restitution des montants confisqu\u00e9s,<\/p>\n<p>Le toilettage des listes de ressortissants libyens interdits d\u2019acc\u00e8s en Tunisie, en v\u00e9rifiant surtout qu\u2019il ne s\u2019agit pas de confusion entre de m\u00eames noms et en s\u2019assurant qu\u2019ils ne sont gu\u00e8re sous poursuites ou impliqu\u00e9s dans questions s\u00e9curitaires,<\/p>\n<p>L\u2019autorisation d\u2019<a href=\"https:\/\/www.leaders.com.tn\/article\/31910-les-libyens-seront-ils-bientote-autorises-a-acquerir-des-locaux-commerciaux-en-tunisie\">acquisition par des Libyens de locaux commerciaux<\/a> en Tunisie.<\/p>\n<h2>L\u2019offre tunisienne<\/h2>\n<p>Si Hichem Mechichi n\u2019a pas donn\u00e9 sa r\u00e9ponse \u00e0 ces trois demandes, promettant sans doute un examen bienveillant, il a r\u00e9it\u00e9r\u00e9 \u00ab\u00a0la pleine disposition de la Tunisie \u00e0 accompagner utilement la Libye dans ces prochaines \u00e9tapes.\u00a0\u00bb \u00ab\u00a0Toutes les portes sont ouvertes et toute l\u2019expertise capitalis\u00e9e est mise en partage, dira-t-il. Faciliter l\u2019investissement, lib\u00e9rer les transferts financiers, intensifier les \u00e9changes de produits et de services et mobiliser nos entreprises au service du d\u00e9veloppement en Libye\u00a0: nous le ferons avec conviction et c\u00e9l\u00e9rit\u00e9.\u00a0\u00bb<\/p>\n<p>Contrat rempli pour Mechichi, en ces premi\u00e8res heures de sa visite en Libye? Attendons la suite et la concr\u00e9tisation. Alors que Tunisair inaugure sa nouvelle agence au centre commercial Borj Trables, et que les exposants mettent les derni\u00e8res retouches \u00e0 leurs stands de l\u2019Exposition tuniso-libyenne qui d\u00e9marrera ce dimanche, officiels et hommes d\u2019affaires sont d\u2019ores et d\u00e9j\u00e0 en s\u00e9ances de travail avec leurs homologues. Une nouvelle dynamique s\u2019emballe.<\/p>\n<p><strong>Lire aussi<\/strong><\/p>\n<p><a href=\"https:\/\/www.leaders.com.tn\/article\/31913-la-libye-disposee-a-partager-avec-la-tunisie-une-partie-de-ses-doses-de-vaccins-anti-covid\" target=\"_blank\" rel=\"noopener\">La Libye, dispos\u00e9e \u00e0 partager avec la Tunisie une partie de ses doses de vaccins anti-covid (Album photos)<\/a><\/p>\n<p><a href=\"https:\/\/www.leaders.com.tn\/article\/31910-les-libyens-seront-ils-bientote-autorises-a-acquerir-des-locaux-commerciaux-en-tunisie\" target=\"_blank\" rel=\"noopener\">Les Libyens seront-ils bient\u00f4te autoris\u00e9s \u00e0 acqu\u00e9rir des locaux commerciaux en Tunisie? (Album photos)<\/a><\/p>\n<p><a href=\"https:\/\/www.leaders.com.tn\/article\/31909-tunis-et-tripoli-entendent-faciliter-le-passage-des-frontieres-pour-les-personnes-et-marchandises-entre-les-deux-pays\" target=\"_blank\" rel=\"noopener\">Tunis et Tripoli entendent faciliter le passage des fronti\u00e8res pour les personnes et marchandises, entre les deux pays (Album Photos)<\/a><\/p>\n<p><a href=\"https:\/\/www.leaders.com.tn\/article\/31906-qui-accompagne-mechichi-a-tripoli\" target=\"_blank\" rel=\"noopener\">Qui accompagne Mechichi \u00e0 Tripoli<\/a><\/p>\n<p><a href=\"https:\/\/www.leaders.com.tn\/article\/31911-la-libye-demande-une-amnistie-des-changes-en-faveur-de-ressortissants-libyens-en-infraction-en-tunisie-et-la-restitution-des-montants-confisques\" target=\"_blank\" rel=\"noopener\">La Libye demande une amnistie des changes en faveur de ressortissants libyens en infraction en Tunisie et la restitution des montants confisqu\u00e9s (Album photos)<\/a><\/p>\n<p><a href=\"https:\/\/www.leaders.com.tn\/article\/31912-la-situation-des-travailleurs-tunisiens-en-libye-sera-regularisee-affirme-le-chef-du-gouvernement-dbaibah\" target=\"_blank\" rel=\"noopener\">La situation des travailleurs tunisiens en Libye sera r\u00e9gularis\u00e9e affirme le chef du gouvernement Dbaibah (Album photos)<\/a><\/p>\n<p>Auteur:<br \/>\n<a href=\"https:\/\/www.leaders.com.tn\/article\/31914-la-libye-ne-laissera-pas-la-tunisie-seule-face-au-covid-et-ses-suites-affirme-dbaibah-a-mechichi-les-nouvelles-decisions\">Cliquez ici pour lire l&rsquo;article depuis sa source.<\/a><\/p>\n","protected":false},"excerpt":{"rendered":"<p>Tripoli \u2013 De l\u2019envoy\u00e9 sp\u00e9cial de Leaders. \u00ab\u00a0Ce qui nous unit est tr\u00e8s fort et ancien, encore renforc\u00e9 ces derni\u00e8res ann\u00e9es. Nous ne laisserons pas la Tunisie faire face seule au Covid et \u00e0 ses suites. Nous ferons tout ce qui est en notre pouvoir pour t\u00e9moigner de notre solidarit\u00e9.\u00a0\u00bb Dans la salle de presse [&hellip;]<\/p>\n","protected":false},"author":1772,"featured_media":0,"comment_status":"closed","ping_status":"closed","sticky":false,"template":"","format":"standard","meta":{"fifu_image_url":"","fifu_image_alt":"","footnotes":""},"categories":[73,55],"tags":[],"class_list":["post-117214","post","type-post","status-publish","format-standard","hentry","category-actualite","category-tunisie"],"_links":{"self":[{"href":"https:\/\/linitiative.ca\/International\/wp-json\/wp\/v2\/posts\/117214","targetHints":{"allow":["GET"]}}],"collection":[{"href":"https:\/\/linitiative.ca\/International\/wp-json\/wp\/v2\/posts"}],"about":[{"href":"https:\/\/linitiative.ca\/International\/wp-json\/wp\/v2\/types\/post"}],"author":[{"embeddable":true,"href":"https:\/\/linitiative.ca\/International\/wp-json\/wp\/v2\/users\/1772"}],"replies":[{"embeddable":true,"href":"https:\/\/linitiative.ca\/International\/wp-json\/wp\/v2\/comments?post=117214"}],"version-history":[{"count":0,"href":"https:\/\/linitiative.ca\/International\/wp-json\/wp\/v2\/posts\/117214\/revisions"}],"wp:attachment":[{"href":"https:\/\/linitiative.ca\/International\/wp-json\/wp\/v2\/media?parent=117214"}],"wp:term":[{"taxonomy":"category","embeddable":true,"href":"https:\/\/linitiative.ca\/International\/wp-json\/wp\/v2\/categories?post=117214"},{"taxonomy":"post_tag","embeddable":true,"href":"https:\/\/linitiative.ca\/International\/wp-json\/wp\/v2\/tags?post=117214"}],"curies":[{"name":"wp","href":"https:\/\/api.w.org\/{rel}","templated":true}]}}