{"id":117215,"date":"2021-05-22T06:00:00","date_gmt":"2021-05-22T10:00:00","guid":{"rendered":"https:\/\/linitiative.ca\/International\/non-on-ne-vaccine-pas-par-piston\/"},"modified":"2021-05-22T06:00:00","modified_gmt":"2021-05-22T10:00:00","slug":"non-on-ne-vaccine-pas-par-piston","status":"publish","type":"post","link":"https:\/\/linitiative.ca\/International\/non-on-ne-vaccine-pas-par-piston\/","title":{"rendered":"Non ! On ne vaccine pas par piston"},"content":{"rendered":"<p class=\"c3\">Lorsque des personnes r\u00e9agissent imm\u00e9diatement \u00e0 une publication, elles ne le font pas toujours de ga\u00eet\u00e9 de c\u0153ur. Il arrive qu\u2019elles aient envie de partager avec vous une exp\u00e9rience similaire mais c\u2019est surtout parce qu\u2019elles en ont plein le dos d\u2019\u00eatre les victimes d\u2019annonces construites pour les faire douter. Pour d\u00e9cr\u00e9dibiliser toute affirmation pouvant se r\u00e9v\u00e9ler plus r\u00e9elle que ce qui leur est livr\u00e9 \u00e0 des fins peu innocentes. Cela veut dire, aussi, que les lectrices et lecteurs sont \u00e0 l\u2019aff\u00fbt de la moindre information susceptible de les aider \u00e0 aller mieux en orientant leur d\u00e9marche dans la bonne direction. Parmi les courriers qui m\u2019ont mis la t\u00eate \u00e0 l\u2019envers parce qu\u2019ils refl\u00e8tent parfaitement le stress que vivent certaines familles, je vais en partager deux. Ils disent l\u2019affolement qui s\u2019empare de vous quand vous ne savez pas \u00e0 qui vous adresser.<br \/>1) \u00abJe me suis inscrite avec mon mari pour nous faire vacciner, mon mari a 85 ans et moi 77, dans une\u00a0 polyclinique de notre secteur le14 f\u00e9vier dernier et nous avons attendu avec impatience d\u2019\u00eatre convoqu\u00e9s. Par pr\u00e9caution, nous nous sommes inscrits sur la plateforme num\u00e9rique. Dimanche dernier, nous y sommes all\u00e9s, en taxi, pour nous renseigner. On nous a dit qu&rsquo;ils n&rsquo;avaient plus de vaccin et qu&rsquo;ils avaient vaccin\u00e9 sans rendez-vous. Je trouve injuste que lorsque l&rsquo;on veut faire les choses normalement, cela ne marche pas. D&rsquo;autant plus que nous avons attendu avec beaucoup d&rsquo;anxi\u00e9t\u00e9. Voil\u00e0 pourquoi, je me permets de vous \u00e9crire.\u00bb\u00a0 \u00a0<br \/>2) \u00abVotre article sur la vaccination anti-Covid-19 m&rsquo;a interpell\u00e9e car mes parents, vieux malades, ont frapp\u00e9 \u00e0 toutes les portes pour se faire vacciner, sans r\u00e9sultat.\u00a0<br \/>Je vous sollicite car je me fais du mouron pour mon p\u00e8re atteint d\u2019Alzheimer et pour ma maman elle- m\u00eame \u00e2g\u00e9e et malade.\u00a0\u00a0<br \/>\u00c9tant loin et n&rsquo;ayant pas pu me d\u00e9placer depuis plus d&rsquo;une ann\u00e9e (je vais le faire maintenant que les autorit\u00e9s vont rouvrir les fronti\u00e8res), je souhaiterais avoir une piste pour pouvoir les inscrire ou les faire accompagner pour les faire vacciner.\u00a0<br \/>Je compte sur votre affect pour me renseigner sur la proc\u00e9dure \u00e0 suivre.\u00bb\u00a0\u00a0<br \/>All\u00f4 ! Quelqu\u2019un a-t-il entendu ces appels ?\u00a0<br \/><em><strong>M. B.<\/strong><\/em><\/p>\n<p>Auteur:<br \/>\n<a href=\"https:\/\/www.lesoirdalgerie.com\/soit-dit-en-passant\/non-on-ne-vaccine-pas-par-piston-61454\">Cliquez ici pour lire l&rsquo;article depuis sa source.<\/a><\/p>\n","protected":false},"excerpt":{"rendered":"<p>Lorsque des personnes r\u00e9agissent imm\u00e9diatement \u00e0 une publication, elles ne le font pas toujours de ga\u00eet\u00e9 de c\u0153ur. Il arrive qu\u2019elles aient envie de partager avec vous une exp\u00e9rience similaire mais c\u2019est surtout parce qu\u2019elles en ont plein le dos d\u2019\u00eatre les victimes d\u2019annonces construites pour les faire douter. Pour d\u00e9cr\u00e9dibiliser toute affirmation pouvant se [&hellip;]<\/p>\n","protected":false},"author":1741,"featured_media":0,"comment_status":"closed","ping_status":"closed","sticky":false,"template":"","format":"standard","meta":{"fifu_image_url":"","fifu_image_alt":"","footnotes":""},"categories":[73,53],"tags":[],"class_list":["post-117215","post","type-post","status-publish","format-standard","hentry","category-actualite","category-algerie"],"_links":{"self":[{"href":"https:\/\/linitiative.ca\/International\/wp-json\/wp\/v2\/posts\/117215","targetHints":{"allow":["GET"]}}],"collection":[{"href":"https:\/\/linitiative.ca\/International\/wp-json\/wp\/v2\/posts"}],"about":[{"href":"https:\/\/linitiative.ca\/International\/wp-json\/wp\/v2\/types\/post"}],"author":[{"embeddable":true,"href":"https:\/\/linitiative.ca\/International\/wp-json\/wp\/v2\/users\/1741"}],"replies":[{"embeddable":true,"href":"https:\/\/linitiative.ca\/International\/wp-json\/wp\/v2\/comments?post=117215"}],"version-history":[{"count":0,"href":"https:\/\/linitiative.ca\/International\/wp-json\/wp\/v2\/posts\/117215\/revisions"}],"wp:attachment":[{"href":"https:\/\/linitiative.ca\/International\/wp-json\/wp\/v2\/media?parent=117215"}],"wp:term":[{"taxonomy":"category","embeddable":true,"href":"https:\/\/linitiative.ca\/International\/wp-json\/wp\/v2\/categories?post=117215"},{"taxonomy":"post_tag","embeddable":true,"href":"https:\/\/linitiative.ca\/International\/wp-json\/wp\/v2\/tags?post=117215"}],"curies":[{"name":"wp","href":"https:\/\/api.w.org\/{rel}","templated":true}]}}