{"id":117216,"date":"2021-05-22T06:59:48","date_gmt":"2021-05-22T10:59:48","guid":{"rendered":"https:\/\/linitiative.ca\/International\/coronavirus-le-vaccin-reduit-de-87-le-risque-detre-hospitalise-chez-les-plus-de-75-ans\/"},"modified":"2021-05-22T06:59:48","modified_gmt":"2021-05-22T10:59:48","slug":"coronavirus-le-vaccin-reduit-de-87-le-risque-detre-hospitalise-chez-les-plus-de-75-ans","status":"publish","type":"post","link":"https:\/\/linitiative.ca\/International\/coronavirus-le-vaccin-reduit-de-87-le-risque-detre-hospitalise-chez-les-plus-de-75-ans\/","title":{"rendered":"Coronavirus : le vaccin r\u00e9duit de 87% le risque d\u2019\u00eatre hospitalis\u00e9 chez les plus de 75 ans"},"content":{"rendered":"<p><strong>La vaccination r\u00e9duit de 87% le risque de formes graves de Covid-19 chez les plus de 75 ans d\u00e8s sept jours apr\u00e8s l\u2019injection de la 2e dose, selon la premi\u00e8re \u00e9tude en vie r\u00e9elle en France, rendue publique vendredi.<\/strong><\/p>\n<div class=\"c10\">\n<\/div>\n<p>Cela signifie que \u00ab\u00a0les personnes vaccin\u00e9es de plus de 75 ans ont neuf fois moins de risque d\u2019\u00eatre hospitalis\u00e9es pour Covid que les personnes du m\u00eame \u00e2ge non vaccin\u00e9es\u00a0\u00bb, dit \u00e0 l\u2019AFP le professeur Mahmoud Zureik, directeur d\u2019Epi-Phare qui a r\u00e9alis\u00e9 l\u2019\u00e9tude.<\/p>\n<p>L\u2019\u00e9tude a port\u00e9 sur plus de quatre millions de Fran\u00e7ais \u00e2g\u00e9s de plus de 75 ans. Sur ces 4 millions, quelque 1,4 million ont \u00e9t\u00e9 vaccin\u00e9s (entre le 27 d\u00e9cembre 2020 et le 24 f\u00e9vrier 2021). Les deux populations ont \u00e9t\u00e9 suivies pendant une dur\u00e9e m\u00e9diane d\u2019une quarantaine de jours.<\/p>\n<p><strong>Lire aussi|<\/strong> <a href=\"https:\/\/www.challenge.ma\/variants-du-covid-19-le-maroc-renforce-son-niveau-de-vigilance-185384\/\"><strong>Variants du Covid-19 : le Maroc renforce son niveau de vigilance<\/strong><\/a><\/p>\n<p>Au moment de l\u2019\u00e9tude, les vaccinations dans ces cat\u00e9gories d\u2019\u00e2ge se faisaient avec des vaccins \u00e0 ARNm. Parmi les vaccin\u00e9s \u00e9tudi\u00e9s, 92% l\u2019ont \u00e9t\u00e9 avec le vaccin de Pfizer\/BioNTech, pr\u00e9cise l\u2019\u00e9tude. L\u2019efficacit\u00e9, c\u2019est-\u00e0-dire la r\u00e9duction du risque d\u2019\u00eatre hospitalis\u00e9 pour Covid, est meilleure chez les moins \u00e2g\u00e9s: elle est de 91% chez les 75-84 ans et de 81% chez les 85 ans et plus.<\/p>\n<p>D\u2019apr\u00e8s des \u00ab\u00a0r\u00e9sultats pr\u00e9liminaires\u00a0\u00bb, la r\u00e9duction du risque de d\u00e9c\u00e8s par Covid-19 chez les vaccin\u00e9s, sept jours apr\u00e8s la 2e dose, est de 91%, selon les auteurs de l\u2019\u00e9tude.<\/p>\n<p>D\u2019autres pays ont d\u00e9j\u00e0 conduit des \u00e9tudes sur l\u2019efficacit\u00e9 en vie r\u00e9elle des vaccins: la plus grande \u00e9manant d\u2019Isra\u00ebl, champion de la vaccination, avec le Pfizer\/BioNTech.<\/p>\n<p><strong>Lire aussi|\u00a0<a href=\"https:\/\/www.challenge.ma\/coronavirus-loms-remet-en-question-le-bilan-officiel-des-deces-au-niveau-mondial-185333\/\">Coronavirus : l\u2019OMS remet en question le bilan officiel des d\u00e9c\u00e8s au niveau mondial<\/a><\/strong><\/p>\n<p>Avec AFP<\/p>\n<p>Auteur: challenge<br \/>\n<a href=\"https:\/\/www.challenge.ma\/coronavirus-le-vaccin-reduit-de-87-le-risque-detre-hospitalise-chez-les-plus-de-75-ans-185388\/\">Cliquez ici pour lire l&rsquo;article depuis sa source.<\/a><\/p>\n","protected":false},"excerpt":{"rendered":"<p>La vaccination r\u00e9duit de 87% le risque de formes graves de Covid-19 chez les plus de 75 ans d\u00e8s sept jours apr\u00e8s l\u2019injection de la 2e dose, selon la premi\u00e8re \u00e9tude en vie r\u00e9elle en France, rendue publique vendredi. Cela signifie que \u00ab\u00a0les personnes vaccin\u00e9es de plus de 75 ans ont neuf fois moins de [&hellip;]<\/p>\n","protected":false},"author":1787,"featured_media":0,"comment_status":"closed","ping_status":"closed","sticky":false,"template":"","format":"standard","meta":{"fifu_image_url":"","fifu_image_alt":"","footnotes":""},"categories":[78,54],"tags":[],"class_list":["post-117216","post","type-post","status-publish","format-standard","hentry","category-economie","category-maroc"],"_links":{"self":[{"href":"https:\/\/linitiative.ca\/International\/wp-json\/wp\/v2\/posts\/117216","targetHints":{"allow":["GET"]}}],"collection":[{"href":"https:\/\/linitiative.ca\/International\/wp-json\/wp\/v2\/posts"}],"about":[{"href":"https:\/\/linitiative.ca\/International\/wp-json\/wp\/v2\/types\/post"}],"author":[{"embeddable":true,"href":"https:\/\/linitiative.ca\/International\/wp-json\/wp\/v2\/users\/1787"}],"replies":[{"embeddable":true,"href":"https:\/\/linitiative.ca\/International\/wp-json\/wp\/v2\/comments?post=117216"}],"version-history":[{"count":0,"href":"https:\/\/linitiative.ca\/International\/wp-json\/wp\/v2\/posts\/117216\/revisions"}],"wp:attachment":[{"href":"https:\/\/linitiative.ca\/International\/wp-json\/wp\/v2\/media?parent=117216"}],"wp:term":[{"taxonomy":"category","embeddable":true,"href":"https:\/\/linitiative.ca\/International\/wp-json\/wp\/v2\/categories?post=117216"},{"taxonomy":"post_tag","embeddable":true,"href":"https:\/\/linitiative.ca\/International\/wp-json\/wp\/v2\/tags?post=117216"}],"curies":[{"name":"wp","href":"https:\/\/api.w.org\/{rel}","templated":true}]}}