{"id":117221,"date":"2021-05-22T15:46:36","date_gmt":"2021-05-22T19:46:36","guid":{"rendered":"https:\/\/linitiative.ca\/International\/france-un-nouveau-variant-inquietant-du-covid-detecte-a-bordeaux\/"},"modified":"2021-05-22T15:46:36","modified_gmt":"2021-05-22T19:46:36","slug":"france-un-nouveau-variant-inquietant-du-covid-detecte-a-bordeaux","status":"publish","type":"post","link":"https:\/\/linitiative.ca\/International\/france-un-nouveau-variant-inquietant-du-covid-detecte-a-bordeaux\/","title":{"rendered":"France\u00a0: Un nouveau variant \u00ab\u00a0inqui\u00e9tant\u00a0\u00bb du covid d\u00e9tect\u00e9 \u00e0 Bordeaux"},"content":{"rendered":"<div class=\"post-cont-in left relative\">\n<div id=\"post-info-wrap\" class=\"left relative post-info-out\">\n<div class=\"post-info-img left relative\"><img decoding=\"async\" alt=\"\" src=\"https:\/\/secure.gravatar.com\/avatar\/047123be9d5e8513774383916ee72db2?s=50&amp;d=mm&amp;r=g\" srcset=\"https:\/\/secure.gravatar.com\/avatar\/047123be9d5e8513774383916ee72db2?s=100&amp;d=mm&amp;r=g 2x\" class=\"avatar avatar-50 photo\" height=\"50\" width=\"50\" loading=\"lazy\"\/><\/div>\n<div class=\"post-info-in\">\n<div class=\"post-info-right left relative post-info-name left relative\"><span><span class=\"post-info-text\">Par<\/span> <span class=\"author-name vcard fn author\"><a href=\"https:\/\/www.tunisienumerique.com\/author\/lm\/\" title=\"Articles par LM\" rel=\"author\">LM<\/a><\/span><\/span> <span class=\"post-date updated\"><time class=\"post-date updated\" datetime=\"2021-05-22\">\u00a0| Il y a 1 heure<\/time><\/span><br \/>\n<meta itemprop=\"dateModified\" content=\"2021-05-22\"\/><\/div>\n<div class=\"left relative\"><button id=\"listenButton1\" class=\"responsivevoice-button\" type=\"button\" value=\"Play\" title=\"\u00c9coutez l'article\"><span>\ud83d\udd0a \u00c9coutez l&rsquo;article<\/span><\/button>\n<\/div>\n<\/div>\n<\/div>\n<p>Un variant du Covid-19, peu connu jusqu\u2019ici, a \u00e9t\u00e9 d\u00e9tect\u00e9 dans un cluster \u00e0 Bordeaux o\u00f9 les autorit\u00e9s ont pr\u00e9vu un d\u00e9pistage massif. Le variant est suspect\u00e9 d\u2019\u00eatre tr\u00e8s contagieux.<\/p>\n<div class=\"code-block code-block-1 c4\">\n <ins class=\"adsbygoogle c3\" data-ad-layout=\"in-article\" data-ad-format=\"fluid\" data-ad-client=\"ca-pub-2102118777505746\" data-ad-slot=\"7301775417\"\/>\n<\/div>\n<p>Identifi\u00e9, jeudi dans le quartier de Bacalan, \u00e0 Bordeaux avec une trentaine de cas enregistr\u00e9s, hier, ce sont plus de 46 cas qui ont \u00e9t\u00e9 recens\u00e9s et les sujets sont plut\u00f4t jeunes.<\/p>\n<p>\u00ab\u00a0Lors du criblage de patients, on a constat\u00e9 qu\u2019il y avait une anomalie et suspect\u00e9 que ce n\u2019\u00e9tait pas un variant anglais habituel, mais poss\u00e9dant une mutation particuli\u00e8re, cela a \u00e9t\u00e9 confirm\u00e9 au s\u00e9quen\u00e7age\u00a0\u00bb, a expliqu\u00e9 le professeur Patrick Dehail, conseiller m\u00e9dical du directeur g\u00e9n\u00e9ral de l\u2019Agence r\u00e9gionale de Nouvelle Aquitaine. \u00ab\u00a0On suspecte une plus grande contagiosit\u00e9\u00a0\u00bb, a-t-il ajout\u00e9.<\/p>\n<p>Il s\u2019agit d\u2019un \u00ab\u00a0Variant of concern\u00a0\u00bb (VoC), soit pr\u00e9occupant, comme par exemple les variants anglais et indien. Sa souche est anglaise mais avec une mutation.<\/p>\n<p>Les autorit\u00e9s sanitaires r\u00e9gionales ont d\u00e9cid\u00e9 d\u2019ouvrir la vaccination \u00e0 toutes les personnes majeures du quartier, sans aucun d\u00e9lai. Et ce, pour tenter de stopper la progression de ce cluster.<\/p>\n<div class=\"swp_social_panel swp_horizontal_panel swp_flat_fresh swp_default_full_color swp_individual_full_color swp_other_full_color scale-100 scale-\" data-min-width=\"1100\" data-float-color=\"#ffffff\" data-float=\"bottom\" data-float-mobile=\"bottom\" data-transition=\"slide\">\n<div class=\"nc_tweetContainer swp_share_button total_shares total_sharesalt\"><span class=\"swp_count\">7 <span class=\"swp_label\">Partages<\/span><\/span><\/div>\n<\/div>\n<p><strong>Que se passe-t-il en Tunisie?<\/strong><br \/>Nous expliquons sur notre <a href=\"https:\/\/www.youtube.com\/channel\/UCRzypVq0B_yBad5eGrwBx0Q?sub_confirmation=1\" target=\"_blank\" rel=\"noopener\">cha\u00eene YouTube<\/a> . <a href=\"https:\/\/www.youtube.com\/channel\/UCRzypVq0B_yBad5eGrwBx0Q?sub_confirmation=1\" target=\"_blank\" rel=\"noopener\">Abonnez-vous!<\/a><\/p>\n<div class=\"mvp-org-wrap\" itemprop=\"publisher\">\n<div class=\"mvp-org-logo\" itemprop=\"logo\"><img decoding=\"async\" src=\"https:\/\/www.tunisienumerique.com\/wp-content\/uploads\/2017\/02\/logo_tunisie_numerique.png\"\/><br \/>\n<meta itemprop=\"url\" content=\"https:\/\/www.tunisienumerique.com\/wp-content\/uploads\/2017\/02\/logo_tunisie_numerique.png\"\/><\/div>\n<p><meta content=\"Tunisie\"\/><\/div>\n<div class=\"mvp-related-posts left relative\">\n<h4 class=\"post-header\"><span class=\"post-header\">Lire aussi<\/span><\/h4>\n<\/div>\n<div id=\"article-ad\">\n <ins class=\"adsbygoogle c5\" data-ad-client=\"ca-pub-2102118777505746\" data-ad-slot=\"6513972734\" data-ad-format=\"auto\" data-full-width-responsive=\"true\"\/>\n<\/div>\n<\/div>\n<div id=\"post-sidebar-wrap\">\n <ins class=\"adsbygoogle c5\" data-ad-client=\"ca-pub-2102118777505746\" data-ad-slot=\"6168283410\" data-ad-format=\"auto\" data-full-width-responsive=\"true\"\/>\n<\/div>\n<p>Auteur: LM<br \/>\n<a href=\"https:\/\/www.tunisienumerique.com\/france-un-nouveau-variant-inquietant-du-covid-detecte-a-bordeaux\/\">Cliquez ici pour lire l&rsquo;article depuis sa source.<\/a><\/p>\n","protected":false},"excerpt":{"rendered":"<p>Par LM \u00a0| Il y a 1 heure \ud83d\udd0a \u00c9coutez l&rsquo;article Un variant du Covid-19, peu connu jusqu\u2019ici, a \u00e9t\u00e9 d\u00e9tect\u00e9 dans un cluster \u00e0 Bordeaux o\u00f9 les autorit\u00e9s ont pr\u00e9vu un d\u00e9pistage massif. Le variant est suspect\u00e9 d\u2019\u00eatre tr\u00e8s contagieux. Identifi\u00e9, jeudi dans le quartier de Bacalan, \u00e0 Bordeaux avec une trentaine de cas [&hellip;]<\/p>\n","protected":false},"author":1789,"featured_media":0,"comment_status":"closed","ping_status":"closed","sticky":false,"template":"","format":"standard","meta":{"fifu_image_url":"https:\/\/secure.gravatar.com\/avatar\/047123be9d5e8513774383916ee72db2?s=50&d=mm&r=g","fifu_image_alt":"France\u00a0: Un nouveau variant \u00ab\u00a0inqui\u00e9tant\u00a0\u00bb du covid d\u00e9tect\u00e9 \u00e0 Bordeaux","footnotes":""},"categories":[73,55],"tags":[],"class_list":["post-117221","post","type-post","status-publish","format-standard","hentry","category-actualite","category-tunisie"],"_links":{"self":[{"href":"https:\/\/linitiative.ca\/International\/wp-json\/wp\/v2\/posts\/117221","targetHints":{"allow":["GET"]}}],"collection":[{"href":"https:\/\/linitiative.ca\/International\/wp-json\/wp\/v2\/posts"}],"about":[{"href":"https:\/\/linitiative.ca\/International\/wp-json\/wp\/v2\/types\/post"}],"author":[{"embeddable":true,"href":"https:\/\/linitiative.ca\/International\/wp-json\/wp\/v2\/users\/1789"}],"replies":[{"embeddable":true,"href":"https:\/\/linitiative.ca\/International\/wp-json\/wp\/v2\/comments?post=117221"}],"version-history":[{"count":0,"href":"https:\/\/linitiative.ca\/International\/wp-json\/wp\/v2\/posts\/117221\/revisions"}],"wp:attachment":[{"href":"https:\/\/linitiative.ca\/International\/wp-json\/wp\/v2\/media?parent=117221"}],"wp:term":[{"taxonomy":"category","embeddable":true,"href":"https:\/\/linitiative.ca\/International\/wp-json\/wp\/v2\/categories?post=117221"},{"taxonomy":"post_tag","embeddable":true,"href":"https:\/\/linitiative.ca\/International\/wp-json\/wp\/v2\/tags?post=117221"}],"curies":[{"name":"wp","href":"https:\/\/api.w.org\/{rel}","templated":true}]}}