{"id":117222,"date":"2021-05-22T16:20:30","date_gmt":"2021-05-22T20:20:30","guid":{"rendered":"https:\/\/linitiative.ca\/International\/foot-ali-youssef-le-nouvel-attaquant-de-lequipe-nationale\/"},"modified":"2021-05-22T16:20:30","modified_gmt":"2021-05-22T20:20:30","slug":"foot-ali-youssef-le-nouvel-attaquant-de-lequipe-nationale","status":"publish","type":"post","link":"https:\/\/linitiative.ca\/International\/foot-ali-youssef-le-nouvel-attaquant-de-lequipe-nationale\/","title":{"rendered":"Foot : Ali Youssef, le nouvel attaquant de l\u2019\u00e9quipe nationale"},"content":{"rendered":"<div class=\"post-cont-in left relative\">\n<div id=\"post-info-wrap\" class=\"left relative post-info-out\">\n<div class=\"post-info-img left relative\"><img decoding=\"async\" alt=\"\" src=\"https:\/\/secure.gravatar.com\/avatar\/e08a32c38bbac601a92c63c79d61b38d?s=50&amp;d=mm&amp;r=g\" srcset=\"https:\/\/secure.gravatar.com\/avatar\/e08a32c38bbac601a92c63c79d61b38d?s=100&amp;d=mm&amp;r=g 2x\" class=\"avatar avatar-50 photo\" height=\"50\" width=\"50\" loading=\"lazy\"\/><\/div>\n<div class=\"post-info-in\">\n<div class=\"post-info-right left relative post-info-name left relative\"><span itemprop=\"author\" itemscope=\"itemscope\" itemtype=\"https:\/\/schema.org\/Person\"><span class=\"post-info-text\">By<\/span> <span class=\"author-name vcard fn author\" itemprop=\"name\"><a href=\"https:\/\/sport.tunisienumerique.com\/author\/fakhreddine\/\" title=\"Articles par Fakhreddine Ben Malek\" rel=\"author\">Fakhreddine Ben Malek<\/a><\/span> <span class=\"author-twitter\"><a href=\"https:\/\/twitter.com\/Fakhr_Ben_Malek\" class=\"twitter-but\" target=\"_blank\" rel=\"noopener\"><\/span><\/span> <span class=\"post-date updated\"><time class=\"post-date updated\" itemprop=\"datePublished\" datetime=\"2021-05-22\">\u00a0| Il y a 10 secondes<\/time><\/span><br \/>\n<meta itemprop=\"dateModified\" content=\"2021-05-22\"\/><\/div>\n<div class=\"left relative\"><button id=\"listenButton1\" class=\"responsivevoice-button\" type=\"button\" value=\"Play\" title=\"\u00c9coutez l'article\"><span>\ud83d\udd0a \u00c9coutez l&rsquo;article<\/span><\/button>\n<\/div>\n<\/div>\n<\/div>\n<table id=\"amazon-polly-audio-table\">\n<tr>\n<td id=\"amazon-polly-audio-tab\">\n<div id=\"amazon-polly-by-tab\"><a href=\"https:\/\/aws.amazon.com\/polly\/\" target=\"_blank\" rel=\"noopener noreferrer\"><img decoding=\"async\" src=\"https:\/\/d12ee1u74lotna.cloudfront.net\/images\/Voiced_by_Amazon_Polly_EN.png\" width=\"100\" alt=\"Voiced by Amazon Polly\"\/><\/a><\/div>\n<\/td>\n<\/tr>\n<\/table>\n<p>L\u2019\u00e9quipe nationale de football devrai disputer trois matchs amicaux durant le mois de juin contre la RD Congo, l\u2019Alg\u00e9rie et le Mali. Le s\u00e9lectionneur Mondher Kebaier d\u00e9voilera sa liste le 24 mai.<\/p>\n<p>A l\u2019occasion des ce rassemblement de l\u2019\u00e9quipe de Tunisie, Mondher Kebaier convoquera quelques nouveaux dont le joueur du BK H\u00e4cken, Ali Youssef. Le club su\u00e8dois a d\u00e9j\u00e0 officialis\u00e9 via son compte twitter la convocation de son joueur.<\/p>\n<div class=\"code-block code-block-1 c5\">\n <ins class=\"adsbygoogle c4\" data-ad-layout=\"in-article\" data-ad-format=\"fluid\" data-ad-client=\"ca-pub-2102118777505746\" data-ad-slot=\"7301775417\"\/>\n<\/div>\n<p>En effet, le jeune joueur de 18 ans peut \u00e9voluer comme attaquant et ailier gauche. Cette saison il a disput\u00e9 17 matchs (deux buts, une passes d\u00e9cisive).<\/p>\n<p>L\u2019espoir du BK H\u00e4cken compte deux s\u00e9lections avec la s\u00e9lection su\u00e8doise U20 et est toujours \u00e9ligible pour jouer pour la Tunisie.<\/p>\n<p>Rappelons que l\u2019\u00e9quipe nationale de la Tunisie affrontera en amical la RD Congo le 5 juin et l\u2019Alg\u00e9rie le 11 juin avant de faire face au Mali le 15 juin.<\/p>\n<div class=\"heateor_sss_sharing_container heateor_sss_horizontal_sharing\" heateor-sss-data-href=\"https:\/\/sport.tunisienumerique.com\/foot-ali-youssef-le-nouvel-attaquant-de-lequipe-nationale\/\">\n<div class=\"heateor_sss_sharing_title c6\">Cet article vous a \u00e9t\u00e9 utile? Partagez le, il int\u00e9ressera d\u2019autres personnes. Merci!<\/div>\n<ul class=\"heateor_sss_sharing_ul\">\n<li class=\"heateorSssSharingRound\"><em alt=\"Facebook\" title=\"Facebook\" class=\"heateorSssSharing heateorSssFacebookBackground c7\" onclick=\"heateorSssPopup(&quot;https:\/\/www.facebook.com\/sharer\/sharer.php?u=https%3A%2F%2Fsport.tunisienumerique.com%2Ffoot-ali-youssef-le-nouvel-attaquant-de-lequipe-nationale%2F&quot;)\">\u00a0<\/em><\/li>\n<li class=\"heateorSssSharingRound\"><em alt=\"Twitter\" title=\"Twitter\" class=\"heateorSssSharing heateorSssTwitterBackground c7\" onclick=\"heateorSssPopup(&quot;http:\/\/twitter.com\/intent\/tweet?text=Foot%20%3A%20Ali%20Youssef%2C%20le%20nouvel%20attaquant%20de%20l%E2%80%99%C3%A9quipe%20nationale&amp;url=https%3A%2F%2Fsport.tunisienumerique.com%2Ffoot-ali-youssef-le-nouvel-attaquant-de-lequipe-nationale%2F&quot;)\">\u00a0<\/em><\/li>\n<li class=\"heateorSssSharingRound\"><em alt=\"Linkedin\" title=\"Linkedin\" class=\"heateorSssSharing heateorSssLinkedinBackground c7\" onclick=\"heateorSssPopup(&quot;http:\/\/www.linkedin.com\/shareArticle?mini=true&amp;url=https%3A%2F%2Fsport.tunisienumerique.com%2Ffoot-ali-youssef-le-nouvel-attaquant-de-lequipe-nationale%2F&amp;title=Foot%20%3A%20Ali%20Youssef%2C%20le%20nouvel%20attaquant%20de%20l%E2%80%99%C3%A9quipe%20nationale&quot;)\">\u00a0<\/em><\/li>\n<li class=\"heateorSssSharingRound\"><em alt=\"Google Gmail\" title=\"Google Gmail\" class=\"heateorSssSharing heateorSssGoogleGmailBackground c7\" onclick=\"heateorSssPopup(&quot;https:\/\/mail.google.com\/mail\/?ui=2&amp;view=cm&amp;fs=1&amp;tf=1&amp;su=Foot%20%3A%20Ali%20Youssef%2C%20le%20nouvel%20attaquant%20de%20l%E2%80%99%C3%A9quipe%20nationale&amp;body=Link:https%3A%2F%2Fsport.tunisienumerique.com%2Ffoot-ali-youssef-le-nouvel-attaquant-de-lequipe-nationale%2F&quot;)\">\u00a0<\/em><\/li>\n<li class=\"heateorSssSharingRound\"><em alt=\"Whatsapp\" title=\"Whatsapp\" class=\"heateorSssSharing heateorSssWhatsappBackground c7\"><a href=\"https:\/\/api.whatsapp.com\/send?text=Foot%20%3A%20Ali%20Youssef%2C%20le%20nouvel%20attaquant%20de%20l%E2%80%99%C3%A9quipe%20nationale%20https%3A%2F%2Fsport.tunisienumerique.com%2Ffoot-ali-youssef-le-nouvel-attaquant-de-lequipe-nationale%2F\" rel=\"nofollow noopener\" target=\"_blank\">\u00a0<\/a><\/em><\/li>\n<li class=\"heateorSssSharingRound\">\u00a0<\/li>\n<\/ul>\n<\/div>\n<p><strong>Que se passe-t-il en Tunisie?<\/strong><br \/>Nous expliquons sur notre <a href=\"https:\/\/www.youtube.com\/channel\/UCRzypVq0B_yBad5eGrwBx0Q?sub_confirmation=1\" target=\"_blank\" rel=\"noopener\">cha\u00eene YouTube<\/a> . <a href=\"https:\/\/www.youtube.com\/channel\/UCRzypVq0B_yBad5eGrwBx0Q?sub_confirmation=1\" target=\"_blank\" rel=\"noopener\">Abonnez-vous!<\/a><\/p>\n<div class=\"mvp-org-wrap\" itemprop=\"publisher\" itemscope=\"itemscope\" itemtype=\"https:\/\/schema.org\/Organization\">\n<div class=\"mvp-org-logo\" itemprop=\"logo\" itemscope=\"itemscope\" itemtype=\"https:\/\/schema.org\/ImageObject\"><img decoding=\"async\" src=\"https:\/\/sport.tunisienumerique.com\/wp-content\/uploads\/2021\/04\/logo_tunisie_numerique-2.png\"\/><br \/>\n<meta itemprop=\"url\" content=\"https:\/\/sport.tunisienumerique.com\/wp-content\/uploads\/2021\/04\/logo_tunisie_numerique-2.png\"\/><\/div>\n<p><meta itemprop=\"name\" content=\"Sport By TN\"\/><\/div>\n<div class=\"mvp-related-posts left relative\">\n<h4 class=\"post-header\"><span class=\"post-header\">Lire aussi<\/span><\/h4>\n<\/div>\n<div id=\"article-ad\">\n <ins class=\"adsbygoogle c8\" data-ad-client=\"ca-pub-2102118777505746\" data-ad-slot=\"6513972734\" data-ad-format=\"auto\" data-full-width-responsive=\"true\"\/>\n<\/div>\n<\/div>\n<div id=\"post-sidebar-wrap\">\n <ins class=\"adsbygoogle c8\" data-ad-client=\"ca-pub-2102118777505746\" data-ad-slot=\"6513972734\" data-ad-format=\"auto\" data-full-width-responsive=\"true\"\/>\n<\/div>\n<p>Auteur:<br \/>\n<a href=\"https:\/\/sport.tunisienumerique.com\/foot-ali-youssef-le-nouvel-attaquant-de-lequipe-nationale\/\">Cliquez ici pour lire l&rsquo;article depuis sa source.<\/a><\/p>\n","protected":false},"excerpt":{"rendered":"<p>By Fakhreddine Ben Malek \u00a0| Il y a 10 secondes \ud83d\udd0a \u00c9coutez l&rsquo;article L\u2019\u00e9quipe nationale de football devrai disputer trois matchs amicaux durant le mois de juin contre la RD Congo, l\u2019Alg\u00e9rie et le Mali. Le s\u00e9lectionneur Mondher Kebaier d\u00e9voilera sa liste le 24 mai. A l\u2019occasion des ce rassemblement de l\u2019\u00e9quipe de Tunisie, Mondher [&hellip;]<\/p>\n","protected":false},"author":1789,"featured_media":0,"comment_status":"closed","ping_status":"closed","sticky":false,"template":"","format":"standard","meta":{"fifu_image_url":"https:\/\/secure.gravatar.com\/avatar\/e08a32c38bbac601a92c63c79d61b38d?s=50&d=mm&r=g","fifu_image_alt":"Foot : Ali Youssef, le nouvel attaquant de l\u2019\u00e9quipe nationale","footnotes":""},"categories":[73,55],"tags":[],"class_list":["post-117222","post","type-post","status-publish","format-standard","hentry","category-actualite","category-tunisie"],"_links":{"self":[{"href":"https:\/\/linitiative.ca\/International\/wp-json\/wp\/v2\/posts\/117222","targetHints":{"allow":["GET"]}}],"collection":[{"href":"https:\/\/linitiative.ca\/International\/wp-json\/wp\/v2\/posts"}],"about":[{"href":"https:\/\/linitiative.ca\/International\/wp-json\/wp\/v2\/types\/post"}],"author":[{"embeddable":true,"href":"https:\/\/linitiative.ca\/International\/wp-json\/wp\/v2\/users\/1789"}],"replies":[{"embeddable":true,"href":"https:\/\/linitiative.ca\/International\/wp-json\/wp\/v2\/comments?post=117222"}],"version-history":[{"count":0,"href":"https:\/\/linitiative.ca\/International\/wp-json\/wp\/v2\/posts\/117222\/revisions"}],"wp:attachment":[{"href":"https:\/\/linitiative.ca\/International\/wp-json\/wp\/v2\/media?parent=117222"}],"wp:term":[{"taxonomy":"category","embeddable":true,"href":"https:\/\/linitiative.ca\/International\/wp-json\/wp\/v2\/categories?post=117222"},{"taxonomy":"post_tag","embeddable":true,"href":"https:\/\/linitiative.ca\/International\/wp-json\/wp\/v2\/tags?post=117222"}],"curies":[{"name":"wp","href":"https:\/\/api.w.org\/{rel}","templated":true}]}}