{"id":117225,"date":"2021-05-22T06:18:01","date_gmt":"2021-05-22T10:18:01","guid":{"rendered":"https:\/\/linitiative.ca\/International\/laip-remporte-le-grand-prix-faapa-2020-du-meilleur-article-de-presse\/"},"modified":"2021-05-22T06:18:01","modified_gmt":"2021-05-22T10:18:01","slug":"laip-remporte-le-grand-prix-faapa-2020-du-meilleur-article-de-presse","status":"publish","type":"post","link":"https:\/\/linitiative.ca\/International\/laip-remporte-le-grand-prix-faapa-2020-du-meilleur-article-de-presse\/","title":{"rendered":"L\u2019AIP remporte le Grand prix FAAPA 2020 du meilleur article de presse"},"content":{"rendered":"<div readability=\"32\">\n<p>Publi\u00e9 le 22.05.2021 \u00e0 11h18 par APA News<\/p>\n<\/div>\n<div readability=\"85\">\n<p>Le Grand prix de la F\u00e9d\u00e9ration atlantique des agences de presse africaine (FAAPA) du meilleur article de presse a \u00e9t\u00e9 d\u00e9cern\u00e9 \u00e0 l\u2019Agence ivoirienne de presse (AIP, publique) pour l\u2019\u00e9dition 2020.<\/p>\n<p>Le r\u00e9sultat a \u00e9t\u00e9 annonc\u00e9 vendredi par la directrice centrale de l\u2019AIP, Mme Oumou Barry Sana, \u00e0 l\u2019occasion d\u2019une c\u00e9r\u00e9monie de remise de mat\u00e9riels audiovisuels aux chefs des bureaux r\u00e9gionaux de l\u2019agence, \u00e0 son si\u00e8ge \u00e0 Abidjan.<\/p>\n<p>L\u2019AIP a remport\u00e9 le Grand prix FAAPA du meilleur article de presse avec le titre \u00ab\u00a0Entre allaitement et corv\u00e9e, des filles m\u00e8res osent le service civique pour leur r\u00e9insertion\u00a0\u00bb, \u00e9crit par le journaliste Benjamin Bassol\u00e9 de la r\u00e9daction centrale.<\/p>\n<p>Dans l\u2019optique d\u2019assurer la p\u00e9rennit\u00e9 d\u2019agents professionnels, la direction centrale a d\u00e9cid\u00e9 d\u2019investir dans le capital humain par la recherche de la performance, \u00e0 travers des formations renforc\u00e9es et de qualit\u00e9 afin de r\u00e9pondre aux mutations que conna\u00eet le secteur.\u00a0<\/p>\n<p>\u00a0\u00ab Notre grand d\u00e9fi est d\u2019\u00eatre une agence de presse transversale (\u2026) et interactive des diff\u00e9rents modes de repr\u00e9sentation de l\u2019information, \u00e0 savoir le texte, le son, les images fixes et\/ou les vid\u00e9os \u00bb, a indiqu\u00e9 Mme Oumou Barry.<\/p>\n<p>M. Kouyat\u00e9 Abdoulaye, conseiller technique, repr\u00e9sentant le ministre de la Communication, des m\u00e9dia et de la Francophonie, s\u2019est f\u00e9licit\u00e9 de ce qu\u2019\u00a0\u00ab\u00e0 l\u2019\u00e8re de la r\u00e9volution num\u00e9rique, l\u2019AIP se mue progressivement en une agence de presse multim\u00e9dia diffusant l\u2019actualit\u00e9 en texte, photo, vid\u00e9o, infographie et vid\u00e9ographie accessibles sur un seul site\u00bb.<\/p>\n<p>La c\u00e9r\u00e9monie de remise de mat\u00e9riels multim\u00e9dia a \u00e9t\u00e9 suivie par un atelier de formation des chefs des bureaux r\u00e9gionaux de l\u2019AIP. Cette formation devrait leur permettre de produire d\u00e9sormais des d\u00e9p\u00eaches et des vid\u00e9os pour le fil d\u2019actualit\u00e9 de l\u2019agence.<\/p>\n<p>Avec l\u2019augmentation des cha\u00eenes d\u2019information en continu \u00ab\u00a0il appara\u00eet primordial pour l\u2019agence de renforcer les capacit\u00e9s de ses journalistes \u00e0 la pratique du reportage d\u2019images et de vid\u00e9os gr\u00e2ce \u00e0 l\u2019acquisition de nouveaux outils d\u00e9di\u00e9s\u00a0\u00bb, a-t-il poursuivi.\u00a0L\u2019Agence de presse ivoirienne c\u00e9l\u00e8bre le 2 juin 2021 son 60\u00e8me anniversaire. \u00a0 \u00a0<\/p>\n<\/div>\n<p>Auteur: APA News<br \/>\n<a href=\"https:\/\/www.journalducameroun.com\/laip-remporte-le-grand-prix-faapa-2020-du-meilleur-article-de-presse\/\">Cliquez ici pour lire l&rsquo;article depuis sa source.<\/a><\/p>\n","protected":false},"excerpt":{"rendered":"<p>Publi\u00e9 le 22.05.2021 \u00e0 11h18 par APA News Le Grand prix de la F\u00e9d\u00e9ration atlantique des agences de presse africaine (FAAPA) du meilleur article de presse a \u00e9t\u00e9 d\u00e9cern\u00e9 \u00e0 l\u2019Agence ivoirienne de presse (AIP, publique) pour l\u2019\u00e9dition 2020. Le r\u00e9sultat a \u00e9t\u00e9 annonc\u00e9 vendredi par la directrice centrale de l\u2019AIP, Mme Oumou Barry Sana, [&hellip;]<\/p>\n","protected":false},"author":1965,"featured_media":0,"comment_status":"closed","ping_status":"closed","sticky":false,"template":"","format":"standard","meta":{"fifu_image_url":"","fifu_image_alt":"","footnotes":""},"categories":[73,82],"tags":[],"class_list":["post-117225","post","type-post","status-publish","format-standard","hentry","category-actualite","category-cameroun"],"_links":{"self":[{"href":"https:\/\/linitiative.ca\/International\/wp-json\/wp\/v2\/posts\/117225","targetHints":{"allow":["GET"]}}],"collection":[{"href":"https:\/\/linitiative.ca\/International\/wp-json\/wp\/v2\/posts"}],"about":[{"href":"https:\/\/linitiative.ca\/International\/wp-json\/wp\/v2\/types\/post"}],"author":[{"embeddable":true,"href":"https:\/\/linitiative.ca\/International\/wp-json\/wp\/v2\/users\/1965"}],"replies":[{"embeddable":true,"href":"https:\/\/linitiative.ca\/International\/wp-json\/wp\/v2\/comments?post=117225"}],"version-history":[{"count":0,"href":"https:\/\/linitiative.ca\/International\/wp-json\/wp\/v2\/posts\/117225\/revisions"}],"wp:attachment":[{"href":"https:\/\/linitiative.ca\/International\/wp-json\/wp\/v2\/media?parent=117225"}],"wp:term":[{"taxonomy":"category","embeddable":true,"href":"https:\/\/linitiative.ca\/International\/wp-json\/wp\/v2\/categories?post=117225"},{"taxonomy":"post_tag","embeddable":true,"href":"https:\/\/linitiative.ca\/International\/wp-json\/wp\/v2\/tags?post=117225"}],"curies":[{"name":"wp","href":"https:\/\/api.w.org\/{rel}","templated":true}]}}