{"id":117226,"date":"2021-05-22T08:18:02","date_gmt":"2021-05-22T12:18:02","guid":{"rendered":"https:\/\/linitiative.ca\/International\/la-presidente-de-la-berd-en-visite-au-maroc-en-mode-virtuel-les-24-et-25-mai\/"},"modified":"2021-05-22T08:18:02","modified_gmt":"2021-05-22T12:18:02","slug":"la-presidente-de-la-berd-en-visite-au-maroc-en-mode-virtuel-les-24-et-25-mai","status":"publish","type":"post","link":"https:\/\/linitiative.ca\/International\/la-presidente-de-la-berd-en-visite-au-maroc-en-mode-virtuel-les-24-et-25-mai\/","title":{"rendered":"La pr\u00e9sidente de la BERD en visite au Maroc en mode virtuel les 24 et 25 mai"},"content":{"rendered":"<div readability=\"32\">\n<p>Publi\u00e9 le 22.05.2021 \u00e0 13h18 par APA News<\/p>\n<\/div>\n<div readability=\"60\">\n<p>La pr\u00e9sidente de la Banque europ\u00e9enne pour la reconstruction et le d\u00e9veloppement (BERD), Odile Renaud-Basso, entamera sa premi\u00e8re visite officielle au Maroc les 24 et 25 mai en format virtuel, annonce vendredi un communiqu\u00e9 de la BERD.Lors de cette visite, la patronne de la BERD aura des entretiens avec plusieurs membres du gouvernement, des op\u00e9rateurs du secteur priv\u00e9 et des acteurs de la soci\u00e9t\u00e9 civile, pr\u00e9cise la m\u00eame source.<\/p>\n<p>\u00ab La BERD s\u2019est engag\u00e9e \u00e0 soutenir la reprise \u00e9conomique, l\u2019int\u00e9gration r\u00e9gionale et le potentiel d\u2019\u00e9conomie verte du Maroc et \u00e0 promouvoir l\u2019\u00e9galit\u00e9 des chances, en particulier pour lutter contre le ch\u00f4mage des jeunes et traiter les questions de genre \u00bb, a affirm\u00e9 la pr\u00e9sidente de la BERD cit\u00e9e dans le communiqu\u00e9.<\/p>\n<p>Et d\u2019ajouter : \u00ab nous sommes impatients de continuer \u00e0 renforcer notre partenariat dans le cadre d\u2019une nouvelle strat\u00e9gie, qui compl\u00e9tera le plan de relance \u00e9conomique post-Covid-19, ainsi que le nouveau mod\u00e8le de d\u00e9veloppement \u00e9conomique sur lequel le Maroc travaille \u00bb.<\/p>\n<p>En 2020, la BERD a apport\u00e9 son soutien au Maroc en injectant 750 millions d\u2019euros en termes d\u2019investissement, rappelle la m\u00eame source.<\/p>\n<\/div>\n<p>Auteur: APA News<br \/>\n<a href=\"https:\/\/www.journalducameroun.com\/la-presidente-de-la-berd-en-visite-au-maroc-en-mode-virtuel-les-24-et-25-mai\/\">Cliquez ici pour lire l&rsquo;article depuis sa source.<\/a><\/p>\n","protected":false},"excerpt":{"rendered":"<p>Publi\u00e9 le 22.05.2021 \u00e0 13h18 par APA News La pr\u00e9sidente de la Banque europ\u00e9enne pour la reconstruction et le d\u00e9veloppement (BERD), Odile Renaud-Basso, entamera sa premi\u00e8re visite officielle au Maroc les 24 et 25 mai en format virtuel, annonce vendredi un communiqu\u00e9 de la BERD.Lors de cette visite, la patronne de la BERD aura des [&hellip;]<\/p>\n","protected":false},"author":1965,"featured_media":0,"comment_status":"closed","ping_status":"closed","sticky":false,"template":"","format":"standard","meta":{"fifu_image_url":"","fifu_image_alt":"","footnotes":""},"categories":[73,82],"tags":[],"class_list":["post-117226","post","type-post","status-publish","format-standard","hentry","category-actualite","category-cameroun"],"_links":{"self":[{"href":"https:\/\/linitiative.ca\/International\/wp-json\/wp\/v2\/posts\/117226","targetHints":{"allow":["GET"]}}],"collection":[{"href":"https:\/\/linitiative.ca\/International\/wp-json\/wp\/v2\/posts"}],"about":[{"href":"https:\/\/linitiative.ca\/International\/wp-json\/wp\/v2\/types\/post"}],"author":[{"embeddable":true,"href":"https:\/\/linitiative.ca\/International\/wp-json\/wp\/v2\/users\/1965"}],"replies":[{"embeddable":true,"href":"https:\/\/linitiative.ca\/International\/wp-json\/wp\/v2\/comments?post=117226"}],"version-history":[{"count":0,"href":"https:\/\/linitiative.ca\/International\/wp-json\/wp\/v2\/posts\/117226\/revisions"}],"wp:attachment":[{"href":"https:\/\/linitiative.ca\/International\/wp-json\/wp\/v2\/media?parent=117226"}],"wp:term":[{"taxonomy":"category","embeddable":true,"href":"https:\/\/linitiative.ca\/International\/wp-json\/wp\/v2\/categories?post=117226"},{"taxonomy":"post_tag","embeddable":true,"href":"https:\/\/linitiative.ca\/International\/wp-json\/wp\/v2\/tags?post=117226"}],"curies":[{"name":"wp","href":"https:\/\/api.w.org\/{rel}","templated":true}]}}