{"id":117227,"date":"2021-05-22T08:18:02","date_gmt":"2021-05-22T12:18:02","guid":{"rendered":"https:\/\/linitiative.ca\/International\/politique-administration-et-social-au-menu-des-quotidiens-et-hebdomadaires-marocains\/"},"modified":"2021-05-22T08:18:02","modified_gmt":"2021-05-22T12:18:02","slug":"politique-administration-et-social-au-menu-des-quotidiens-et-hebdomadaires-marocains","status":"publish","type":"post","link":"https:\/\/linitiative.ca\/International\/politique-administration-et-social-au-menu-des-quotidiens-et-hebdomadaires-marocains\/","title":{"rendered":"Politique, administration et social au menu des quotidiens et hebdomadaires marocains"},"content":{"rendered":"<div readability=\"32\">\n<p>Publi\u00e9 le 22.05.2021 \u00e0 13h18 par APA News<\/p>\n<\/div>\n<div readability=\"126\">\n<p>Les relations entre le Maroc et ses partenaires, la simplification des proc\u00e9dures administratives et l\u2019\u00e9lection du Maroc pr\u00e9sident de la Conf\u00e9rence Internationale du Travail sont les principaux sujets trait\u00e9s par les quotidiens et hebdomadaires marocains parus ce samedi.+La Nouvelle Tribune+ \u00e9crit qu\u2019\u00ab adopter une attitude objectivement hostile envers le Maroc se paye cher et cash ! \u00bb, notant que la diplomatie madril\u00e8ne, qui a fait preuve d\u2019une duplicit\u00e9 av\u00e9r\u00e9e dans l\u2019affaire Brahim Ghali, a commis une erreur gravissime en sous-estimant totalement la vigueur et la rapidit\u00e9 de la r\u00e9action marocaine.<\/p>\n<p>\u00ab Le Maroc n\u2019est pas un Etat mineur, sans moyens, ni convictions ou int\u00e9r\u00eats strat\u00e9giques et il occupe une position centrale entre l\u2019Europe et l\u2019Afrique \u00bb, assure la publication, ajoutant que les nouveaux axes de la diplomatie marocaine sont d\u2019autant d\u00e9ploy\u00e9s qu\u2019ils sont compr\u00e9hensibles urbi et orbi.<\/p>\n<p>Pour l\u2019hebdomadaire, la diplomatie marocaine exprime une fermet\u00e9 nouvelle et exigeante envers ses voisins et Etats partenaires. \u00ab Le Royaume du Maroc entend indiquer \u00e0 tous que les attitudes dilatoires, le jeu masqu\u00e9 contre les int\u00e9r\u00eats sup\u00e9rieurs du Royaume, ne seraient plus accept\u00e9s \u00bb, fait-il remarquer.<\/p>\n<p>\u00ab Respecter ses engagements et se faire respecter, voil\u00e0 la nouvelle donne imprim\u00e9e par Rabat, volens, nolens ! \u00bb, conclut l\u2019hebdomadaire.<\/p>\n<p>Abordant la simplification des proc\u00e9dures administratives au Maroc, +La Vie Eco+ fait savoir qu\u2019apr\u00e8s l\u2019Administration des douanes, il y a quelques semaines, la CNSS a annonc\u00e9 une batterie de mesures de simplification en supprimant, notamment des documents que devaient transmettre, les assur\u00e9s chaque ann\u00e9e.<\/p>\n<p>Vivement que d\u2019autres administrations leur emboitent le pas et s\u2019engagent aussi dans cette optique car, en plus de faciliter la t\u00e2che aux usagers, simplifier et all\u00e9ger les proc\u00e9dures est une marque de confiance, souligne le journal.<\/p>\n<p>La simplification des proc\u00e9dures est, enfin, le meilleur moyen pour l\u2019Administration de devenir plus performante, rel\u00e8ve-t-il, faisant savoir que les ressources humaines et mat\u00e9rielles ainsi lib\u00e9r\u00e9es de la gestion de la paperasse pourront \u00eatre exploit\u00e9es pour rendre au citoyen des services et prestations de meilleure qualit\u00e9.<\/p>\n<p>+Le Matin + rapporte que le Maroc a \u00e9t\u00e9 \u00e9lu, jeudi \u00e0 Gen\u00e8ve, pr\u00e9sident de la 109e session de la Conf\u00e9rence Internationale du Travail (CIT).<\/p>\n<p>Le Royaume a \u00e9t\u00e9 port\u00e9 \u00e0 la pr\u00e9sidence de la CIT, \u00e0 l\u2019unanimit\u00e9 et pour la premi\u00e8re fois, en la personne de l\u2019ambassadeur, repr\u00e9sentant permanent du Maroc aupr\u00e8s des Nations Unies et des autres organisations internationales \u00e0 Gen\u00e8ve, Omar Zniber.<\/p>\n<p>L\u2019ambassadeur a tenu \u00e0 remercier le Groupe africain, le Groupe gouvernemental, le Groupe des Employeurs et le Groupe des Travailleurs pour \u00ab la confiance qu\u2019ils ont exprim\u00e9e \u00e0 l\u2019endroit du Maroc \u00bb, notant que la pr\u00e9sidence marocaine \u00ab ne m\u00e9nagera aucun effort pour que cette session soit couronn\u00e9e de succ\u00e8s \u00bb.<\/p>\n<p>La 109\u00e8me CIT, organis\u00e9e sous format virtuel, sera marqu\u00e9e par la tenue du Sommet sur le monde du travail, qui consiste en une session de Haut niveau, \u00e0 laquelle sont convi\u00e9s des Chefs d\u2019\u00c9tat ou de gouvernement, de hauts dirigeants d\u2019organisations d\u2019employeurs et de travailleurs, et d\u2019autres personnalit\u00e9s publiques de premier plan.<\/p>\n<p>Les travaux de la Conf\u00e9rence seront scind\u00e9s en deux parties. La premi\u00e8re partie se tiendra du 3 au 19 juin, tandis que la deuxi\u00e8me partie aura lieu du 25 novembre au 12 d\u00e9cembre.<\/p>\n<\/div>\n<p>Auteur: APA News<br \/>\n<a href=\"https:\/\/www.journalducameroun.com\/politique-administration-et-social-au-menu-des-quotidiens-et-hebdomadaires-marocains\/\">Cliquez ici pour lire l&rsquo;article depuis sa source.<\/a><\/p>\n","protected":false},"excerpt":{"rendered":"<p>Publi\u00e9 le 22.05.2021 \u00e0 13h18 par APA News Les relations entre le Maroc et ses partenaires, la simplification des proc\u00e9dures administratives et l\u2019\u00e9lection du Maroc pr\u00e9sident de la Conf\u00e9rence Internationale du Travail sont les principaux sujets trait\u00e9s par les quotidiens et hebdomadaires marocains parus ce samedi.+La Nouvelle Tribune+ \u00e9crit qu\u2019\u00ab adopter une attitude objectivement hostile [&hellip;]<\/p>\n","protected":false},"author":1965,"featured_media":0,"comment_status":"closed","ping_status":"closed","sticky":false,"template":"","format":"standard","meta":{"fifu_image_url":"","fifu_image_alt":"","footnotes":""},"categories":[73,82],"tags":[],"class_list":["post-117227","post","type-post","status-publish","format-standard","hentry","category-actualite","category-cameroun"],"_links":{"self":[{"href":"https:\/\/linitiative.ca\/International\/wp-json\/wp\/v2\/posts\/117227","targetHints":{"allow":["GET"]}}],"collection":[{"href":"https:\/\/linitiative.ca\/International\/wp-json\/wp\/v2\/posts"}],"about":[{"href":"https:\/\/linitiative.ca\/International\/wp-json\/wp\/v2\/types\/post"}],"author":[{"embeddable":true,"href":"https:\/\/linitiative.ca\/International\/wp-json\/wp\/v2\/users\/1965"}],"replies":[{"embeddable":true,"href":"https:\/\/linitiative.ca\/International\/wp-json\/wp\/v2\/comments?post=117227"}],"version-history":[{"count":0,"href":"https:\/\/linitiative.ca\/International\/wp-json\/wp\/v2\/posts\/117227\/revisions"}],"wp:attachment":[{"href":"https:\/\/linitiative.ca\/International\/wp-json\/wp\/v2\/media?parent=117227"}],"wp:term":[{"taxonomy":"category","embeddable":true,"href":"https:\/\/linitiative.ca\/International\/wp-json\/wp\/v2\/categories?post=117227"},{"taxonomy":"post_tag","embeddable":true,"href":"https:\/\/linitiative.ca\/International\/wp-json\/wp\/v2\/tags?post=117227"}],"curies":[{"name":"wp","href":"https:\/\/api.w.org\/{rel}","templated":true}]}}